{"id":4047,"date":"2021-12-22T12:34:21","date_gmt":"2021-12-22T11:34:21","guid":{"rendered":"https:\/\/agora.xtec.cat\/ceipcescaldea\/?p=4047"},"modified":"2021-12-22T13:23:50","modified_gmt":"2021-12-22T12:23:50","slug":"nadal","status":"publish","type":"post","link":"https:\/\/agora.xtec.cat\/ceipcescaldea\/general\/nadal\/","title":{"rendered":"NADAL!"},"content":{"rendered":"<p>Benvolgudes fam\u00edlies,<\/p>\n<p>Avui acabem el trimestre i no volem deixar escapar l&#8217;ocasi\u00f3 per mostrar-vos algunes de les activitats dels \u00faltims dies aix\u00ed com per desitjar-vos molt bones festes. Si cliqueu <a href=\"https:\/\/agora.xtec.cat\/ceipcescaldea\/fotos-de-festes-i-activitats\/\" target=\"_blank\" rel=\"noopener\">AQU\u00cd<\/a> tindreu acc\u00e9s al <strong>concert de nadal<\/strong> aix\u00ed com a algunes imatges de la visita dels Reis, el ti\u00f3 i altres moments nadalencs.<\/p>\n<p style=\"text-align: center;\">Amb aquesta foto que \u00e9s un recull de totes les postals que els nens i nenes han elaborat i que contenen missatges esperan\u00e7adors,<\/p>\n<h3 style=\"text-align: center;\"><span style=\"color: #99cc00;\">tot l&#8217;equip del Cesc Aldea us desitgem unes bones festes i un espl\u00e8ndid 2022!<\/span><\/h3>\n<p><img loading=\"lazy\" decoding=\"async\" class=\"aligncenter size-large wp-image-4048\" src=\"https:\/\/agora.xtec.cat\/ceipcescaldea\/wp-content\/uploads\/usu863\/2021\/12\/610572f2-3d03-40fc-a376-a6e61a78f0bd-1024x768.jpg\" alt=\"\" width=\"1024\" height=\"768\" srcset=\"https:\/\/agora.xtec.cat\/ceipcescaldea\/wp-content\/uploads\/usu863\/2021\/12\/610572f2-3d03-40fc-a376-a6e61a78f0bd-1024x768.jpg 1024w, https:\/\/agora.xtec.cat\/ceipcescaldea\/wp-content\/uploads\/usu863\/2021\/12\/610572f2-3d03-40fc-a376-a6e61a78f0bd-300x225.jpg 300w, https:\/\/agora.xtec.cat\/ceipcescaldea\/wp-content\/uploads\/usu863\/2021\/12\/610572f2-3d03-40fc-a376-a6e61a78f0bd-768x576.jpg 768w, https:\/\/agora.xtec.cat\/ceipcescaldea\/wp-content\/uploads\/usu863\/2021\/12\/610572f2-3d03-40fc-a376-a6e61a78f0bd-200x150.jpg 200w, https:\/\/agora.xtec.cat\/ceipcescaldea\/wp-content\/uploads\/usu863\/2021\/12\/610572f2-3d03-40fc-a376-a6e61a78f0bd.jpg 1145w\" sizes=\"auto, (max-width: 1024px) 100vw, 1024px\" \/><\/p>\n","protected":false},"excerpt":{"rendered":"<p>Benvolgudes fam\u00edlies, Avui acabem el trimestre i no volem deixar escapar l&#8217;ocasi\u00f3 per mostrar-vos algunes de les activitats dels \u00faltims [&hellip;]<\/p>\n","protected":false},"author":1,"featured_media":4048,"comment_status":"open","ping_status":"closed","sticky":false,"template":"","format":"standard","meta":{"_bbp_topic_count":0,"_bbp_reply_count":0,"_bbp_total_topic_count":0,"_bbp_total_reply_count":0,"_bbp_voice_count":0,"_bbp_anonymous_reply_count":0,"_bbp_topic_count_hidden":0,"_bbp_reply_count_hidden":0,"_bbp_forum_subforum_count":0,"site-sidebar-layout":"default","site-content-layout":"","ast-site-content-layout":"","site-content-style":"default","site-sidebar-style":"default","ast-global-header-display":"","ast-banner-title-visibility":"","ast-main-header-display":"","ast-hfb-above-header-display":"","ast-hfb-below-header-display":"","ast-hfb-mobile-header-display":"","site-post-title":"","ast-breadcrumbs-content":"","ast-featured-img":"","footer-sml-layout":"","theme-transparent-header-meta":"","adv-header-id-meta":"","stick-header-meta":"","header-above-stick-meta":"","header-main-stick-meta":"","header-below-stick-meta":"","astra-migrate-meta-layouts":"default","ast-page-background-enabled":"default","ast-page-background-meta":{"desktop":{"background-color":"var(--ast-global-color-4)","background-image":"","background-repeat":"repeat","background-position":"center center","background-size":"auto","background-attachment":"scroll","background-type":"","background-media":"","overlay-type":"","overlay-color":"","overlay-opacity":"","overlay-gradient":""},"tablet":{"background-color":"","background-image":"","background-repeat":"repeat","background-position":"center center","background-size":"auto","background-attachment":"scroll","background-type":"","background-media":"","overlay-type":"","overlay-color":"","overlay-opacity":"","overlay-gradient":""},"mobile":{"background-color":"","background-image":"","background-repeat":"repeat","background-position":"center center","background-size":"auto","background-attachment":"scroll","background-type":"","background-media":"","overlay-type":"","overlay-color":"","overlay-opacity":"","overlay-gradient":""}},"ast-content-background-meta":{"desktop":{"background-color":"var(--ast-global-color-5)","background-image":"","background-repeat":"repeat","background-position":"center center","background-size":"auto","background-attachment":"scroll","background-type":"","background-media":"","overlay-type":"","overlay-color":"","overlay-opacity":"","overlay-gradient":""},"tablet":{"background-color":"var(--ast-global-color-5)","background-image":"","background-repeat":"repeat","background-position":"center center","background-size":"auto","background-attachment":"scroll","background-type":"","background-media":"","overlay-type":"","overlay-color":"","overlay-opacity":"","overlay-gradient":""},"mobile":{"background-color":"var(--ast-global-color-5)","background-image":"","background-repeat":"repeat","background-position":"center center","background-size":"auto","background-attachment":"scroll","background-type":"","background-media":"","overlay-type":"","overlay-color":"","overlay-opacity":"","overlay-gradient":""}},"footnotes":""},"categories":[1,4],"tags":[89,102],"class_list":["post-4047","post","type-post","status-publish","format-standard","has-post-thumbnail","hentry","category-general","category-portada","tag-concert-de-nadal","tag-curs-21-22"],"post_mailing_queue_ids":[],"_links":{"self":[{"href":"https:\/\/agora.xtec.cat\/ceipcescaldea\/wp-json\/wp\/v2\/posts\/4047","targetHints":{"allow":["GET"]}}],"collection":[{"href":"https:\/\/agora.xtec.cat\/ceipcescaldea\/wp-json\/wp\/v2\/posts"}],"about":[{"href":"https:\/\/agora.xtec.cat\/ceipcescaldea\/wp-json\/wp\/v2\/types\/post"}],"author":[{"embeddable":true,"href":"https:\/\/agora.xtec.cat\/ceipcescaldea\/wp-json\/wp\/v2\/users\/1"}],"replies":[{"embeddable":true,"href":"https:\/\/agora.xtec.cat\/ceipcescaldea\/wp-json\/wp\/v2\/comments?post=4047"}],"version-history":[{"count":3,"href":"https:\/\/agora.xtec.cat\/ceipcescaldea\/wp-json\/wp\/v2\/posts\/4047\/revisions"}],"predecessor-version":[{"id":4051,"href":"https:\/\/agora.xtec.cat\/ceipcescaldea\/wp-json\/wp\/v2\/posts\/4047\/revisions\/4051"}],"wp:featuredmedia":[{"embeddable":true,"href":"https:\/\/agora.xtec.cat\/ceipcescaldea\/wp-json\/wp\/v2\/media\/4048"}],"wp:attachment":[{"href":"https:\/\/agora.xtec.cat\/ceipcescaldea\/wp-json\/wp\/v2\/media?parent=4047"}],"wp:term":[{"taxonomy":"category","embeddable":true,"href":"https:\/\/agora.xtec.cat\/ceipcescaldea\/wp-json\/wp\/v2\/categories?post=4047"},{"taxonomy":"post_tag","embeddable":true,"href":"https:\/\/agora.xtec.cat\/ceipcescaldea\/wp-json\/wp\/v2\/tags?post=4047"}],"curies":[{"name":"wp","href":"https:\/\/api.w.org\/{rel}","templated":true}]}}