{"id":3978,"date":"2021-11-10T14:05:22","date_gmt":"2021-11-10T13:05:22","guid":{"rendered":"https:\/\/agora.xtec.cat\/ceipcescaldea\/?p=3978"},"modified":"2021-11-24T17:23:37","modified_gmt":"2021-11-24T16:23:37","slug":"espais-de-lectura-4t-5e-i-6e","status":"publish","type":"post","link":"https:\/\/agora.xtec.cat\/ceipcescaldea\/general\/espais-de-lectura-4t-5e-i-6e\/","title":{"rendered":"ESPAIS DE LECTURA (Comunitat de grans)"},"content":{"rendered":"<p style=\"font-weight: 400;\">Estimades fam\u00edlies,<\/p>\n<p style=\"font-weight: 400;\">com ja sabeu el nostre alumnat dedica di\u00e0riament una franja hor\u00e0ria, d&#8217;uns vint minuts, a la lectura individual o, de vegades, compartida. Aquest h\u00e0bit es genera al llarg de tots els anys d&#8217;escolaritat i, un cop es troben a la comunitat de grans, \u00e9s quan m\u00e9s es poden veure els fruits recollits del seu esfor\u00e7 i comprom\u00eds. \u00c9s molt important que a casa tamb\u00e9 es pugui valorar aquesta rutina de la mateixa manera; acompanyant-los en aquesta tasca, llegint amb ells i elles, escoltant un par\u00e0graf o fragment que els estigui sorprenent de la novel\u00b7la de pr\u00e9stec, fent preguntes respecte al llibre&#8230; En definitiva, dedicant com a adults un temps de qualitat per conversar amb els nostres fills i filles sobre all\u00f2 que llegeixen.<\/p>\n<p style=\"font-weight: 400;\">De la mateixa manera que aqu\u00ed a l&#8217;escola procurem mantenir un espai adequat, c\u00f2mode i atractiu que emfatitzi el gust per la lectura, recomanem que a casa tamb\u00e9 dediqueu una estona a crear aquest lloc.<\/p>\n<p style=\"font-weight: 400;\">A continuaci\u00f3 proporcionem algunes idees per millorar a casa el nostre rac\u00f3 de lectura:<\/p>\n<p><img loading=\"lazy\" decoding=\"async\" class=\"wp-image-3980 alignleft\" src=\"https:\/\/agora.xtec.cat\/ceipcescaldea\/wp-content\/uploads\/usu863\/2021\/11\/floor-reading-corner-for-kids.jpg\" alt=\"\" width=\"271\" height=\"406\" srcset=\"https:\/\/agora.xtec.cat\/ceipcescaldea\/wp-content\/uploads\/usu863\/2021\/11\/floor-reading-corner-for-kids.jpg 600w, https:\/\/agora.xtec.cat\/ceipcescaldea\/wp-content\/uploads\/usu863\/2021\/11\/floor-reading-corner-for-kids-200x300.jpg 200w\" sizes=\"auto, (max-width: 271px) 100vw, 271px\" \/><\/p>\n<p><img loading=\"lazy\" decoding=\"async\" class=\"wp-image-3982 alignleft\" src=\"https:\/\/agora.xtec.cat\/ceipcescaldea\/wp-content\/uploads\/usu863\/2021\/11\/bi.jpg\" alt=\"\" width=\"226\" height=\"402\" srcset=\"https:\/\/agora.xtec.cat\/ceipcescaldea\/wp-content\/uploads\/usu863\/2021\/11\/bi.jpg 540w, https:\/\/agora.xtec.cat\/ceipcescaldea\/wp-content\/uploads\/usu863\/2021\/11\/bi-169x300.jpg 169w\" sizes=\"auto, (max-width: 226px) 100vw, 226px\" \/><img loading=\"lazy\" decoding=\"async\" class=\"wp-image-3981 alignleft\" src=\"https:\/\/agora.xtec.cat\/ceipcescaldea\/wp-content\/uploads\/usu863\/2021\/11\/Ideal-Home-reading-nook-with-radio.jpg\" alt=\"\" width=\"401\" height=\"401\" srcset=\"https:\/\/agora.xtec.cat\/ceipcescaldea\/wp-content\/uploads\/usu863\/2021\/11\/Ideal-Home-reading-nook-with-radio.jpg 1000w, https:\/\/agora.xtec.cat\/ceipcescaldea\/wp-content\/uploads\/usu863\/2021\/11\/Ideal-Home-reading-nook-with-radio-300x300.jpg 300w, https:\/\/agora.xtec.cat\/ceipcescaldea\/wp-content\/uploads\/usu863\/2021\/11\/Ideal-Home-reading-nook-with-radio-150x150.jpg 150w, https:\/\/agora.xtec.cat\/ceipcescaldea\/wp-content\/uploads\/usu863\/2021\/11\/Ideal-Home-reading-nook-with-radio-768x768.jpg 768w\" sizes=\"auto, (max-width: 401px) 100vw, 401px\" \/><\/p>\n<p>&nbsp;<\/p>\n<p>&nbsp;<\/p>\n<p>&nbsp;<\/p>\n<p>&nbsp;<\/p>\n<p>&nbsp;<\/p>\n<p>&nbsp;<\/p>\n<p>&nbsp;<\/p>\n<p>&nbsp;<\/p>\n<p>&nbsp;<\/p>\n<p>&nbsp;<\/p>\n<p><a href=\"https:\/\/drive.google.com\/drive\/folders\/1injzNNSA2b2lwLt72_9fjr_6Ws4WMYVR?usp=sharing\" target=\"_blank\" rel=\"noopener\">AQU\u00cd<\/a> en podreu veure m\u00e9s.<\/p>\n<p>Com ens agradaria rebre els vostres racons lectors familiars. Envieu-nos-els quan els tingueu creats.<\/p>\n<p>&nbsp;<\/p>\n","protected":false},"excerpt":{"rendered":"<p>Estimades fam\u00edlies, com ja sabeu el nostre alumnat dedica di\u00e0riament una franja hor\u00e0ria, d&#8217;uns vint minuts, a la lectura individual [&hellip;]<\/p>\n","protected":false},"author":1,"featured_media":3981,"comment_status":"open","ping_status":"closed","sticky":false,"template":"","format":"standard","meta":{"_bbp_topic_count":0,"_bbp_reply_count":0,"_bbp_total_topic_count":0,"_bbp_total_reply_count":0,"_bbp_voice_count":0,"_bbp_anonymous_reply_count":0,"_bbp_topic_count_hidden":0,"_bbp_reply_count_hidden":0,"_bbp_forum_subforum_count":0,"site-sidebar-layout":"default","site-content-layout":"","ast-site-content-layout":"","site-content-style":"default","site-sidebar-style":"default","ast-global-header-display":"","ast-banner-title-visibility":"","ast-main-header-display":"","ast-hfb-above-header-display":"","ast-hfb-below-header-display":"","ast-hfb-mobile-header-display":"","site-post-title":"","ast-breadcrumbs-content":"","ast-featured-img":"","footer-sml-layout":"","theme-transparent-header-meta":"","adv-header-id-meta":"","stick-header-meta":"","header-above-stick-meta":"","header-main-stick-meta":"","header-below-stick-meta":"","astra-migrate-meta-layouts":"default","ast-page-background-enabled":"default","ast-page-background-meta":{"desktop":{"background-color":"var(--ast-global-color-4)","background-image":"","background-repeat":"repeat","background-position":"center center","background-size":"auto","background-attachment":"scroll","background-type":"","background-media":"","overlay-type":"","overlay-color":"","overlay-opacity":"","overlay-gradient":""},"tablet":{"background-color":"","background-image":"","background-repeat":"repeat","background-position":"center center","background-size":"auto","background-attachment":"scroll","background-type":"","background-media":"","overlay-type":"","overlay-color":"","overlay-opacity":"","overlay-gradient":""},"mobile":{"background-color":"","background-image":"","background-repeat":"repeat","background-position":"center center","background-size":"auto","background-attachment":"scroll","background-type":"","background-media":"","overlay-type":"","overlay-color":"","overlay-opacity":"","overlay-gradient":""}},"ast-content-background-meta":{"desktop":{"background-color":"var(--ast-global-color-5)","background-image":"","background-repeat":"repeat","background-position":"center center","background-size":"auto","background-attachment":"scroll","background-type":"","background-media":"","overlay-type":"","overlay-color":"","overlay-opacity":"","overlay-gradient":""},"tablet":{"background-color":"var(--ast-global-color-5)","background-image":"","background-repeat":"repeat","background-position":"center center","background-size":"auto","background-attachment":"scroll","background-type":"","background-media":"","overlay-type":"","overlay-color":"","overlay-opacity":"","overlay-gradient":""},"mobile":{"background-color":"var(--ast-global-color-5)","background-image":"","background-repeat":"repeat","background-position":"center center","background-size":"auto","background-attachment":"scroll","background-type":"","background-media":"","overlay-type":"","overlay-color":"","overlay-opacity":"","overlay-gradient":""}},"footnotes":""},"categories":[1,4],"tags":[102,57,103],"class_list":["post-3978","post","type-post","status-publish","format-standard","has-post-thumbnail","hentry","category-general","category-portada","tag-curs-21-22","tag-literatura","tag-reflexions"],"post_mailing_queue_ids":[],"_links":{"self":[{"href":"https:\/\/agora.xtec.cat\/ceipcescaldea\/wp-json\/wp\/v2\/posts\/3978","targetHints":{"allow":["GET"]}}],"collection":[{"href":"https:\/\/agora.xtec.cat\/ceipcescaldea\/wp-json\/wp\/v2\/posts"}],"about":[{"href":"https:\/\/agora.xtec.cat\/ceipcescaldea\/wp-json\/wp\/v2\/types\/post"}],"author":[{"embeddable":true,"href":"https:\/\/agora.xtec.cat\/ceipcescaldea\/wp-json\/wp\/v2\/users\/1"}],"replies":[{"embeddable":true,"href":"https:\/\/agora.xtec.cat\/ceipcescaldea\/wp-json\/wp\/v2\/comments?post=3978"}],"version-history":[{"count":2,"href":"https:\/\/agora.xtec.cat\/ceipcescaldea\/wp-json\/wp\/v2\/posts\/3978\/revisions"}],"predecessor-version":[{"id":4010,"href":"https:\/\/agora.xtec.cat\/ceipcescaldea\/wp-json\/wp\/v2\/posts\/3978\/revisions\/4010"}],"wp:featuredmedia":[{"embeddable":true,"href":"https:\/\/agora.xtec.cat\/ceipcescaldea\/wp-json\/wp\/v2\/media\/3981"}],"wp:attachment":[{"href":"https:\/\/agora.xtec.cat\/ceipcescaldea\/wp-json\/wp\/v2\/media?parent=3978"}],"wp:term":[{"taxonomy":"category","embeddable":true,"href":"https:\/\/agora.xtec.cat\/ceipcescaldea\/wp-json\/wp\/v2\/categories?post=3978"},{"taxonomy":"post_tag","embeddable":true,"href":"https:\/\/agora.xtec.cat\/ceipcescaldea\/wp-json\/wp\/v2\/tags?post=3978"}],"curies":[{"name":"wp","href":"https:\/\/api.w.org\/{rel}","templated":true}]}}