{"id":3968,"date":"2021-11-03T16:46:01","date_gmt":"2021-11-03T15:46:01","guid":{"rendered":"https:\/\/agora.xtec.cat\/ceipcescaldea\/?p=3968"},"modified":"2021-11-08T13:59:42","modified_gmt":"2021-11-08T12:59:42","slug":"castanyada-i-halloween","status":"publish","type":"post","link":"https:\/\/agora.xtec.cat\/ceipcescaldea\/general\/castanyada-i-halloween\/","title":{"rendered":"CASTANYADA I HALLOWEEN"},"content":{"rendered":"<p><span style=\"font-weight: 400;\">Quan arriba la tardor, i el temps del fred comen\u00e7a a dibuixar-se, gaudim a l\u2019escola d\u2019una de\u00a0 les festivitats m\u00e9s esperades: <\/span><b>la Castanyada<\/b><span style=\"font-weight: 400;\">.<\/span><\/p>\n<p><span style=\"font-weight: 400;\">El divendres 29 d\u2019octubre, les castanyes i els panellets van compartir protagonisme amb les carabasses i les bruixes.<\/span><\/p>\n<p><span style=\"font-weight: 400;\">Al mat\u00ed les comunitats de petits i mitjans van fer els tradicionals panellets. Coco, xocolata, ametlla\u2026 per llepar-se\u2019n els dits! Tamb\u00e9 van fer un taller art\u00edstic on van crear el seu personatge de por preferit.\u00a0\u00a0\u00a0<\/span><\/p>\n<p><img loading=\"lazy\" decoding=\"async\" class=\"aligncenter size-full wp-image-3969\" src=\"https:\/\/agora.xtec.cat\/ceipcescaldea\/wp-content\/uploads\/usu863\/2021\/11\/SenseDDD-titol.jpg\" alt=\"\" width=\"976\" height=\"633\" srcset=\"https:\/\/agora.xtec.cat\/ceipcescaldea\/wp-content\/uploads\/usu863\/2021\/11\/SenseDDD-titol.jpg 976w, https:\/\/agora.xtec.cat\/ceipcescaldea\/wp-content\/uploads\/usu863\/2021\/11\/SenseDDD-titol-300x195.jpg 300w, https:\/\/agora.xtec.cat\/ceipcescaldea\/wp-content\/uploads\/usu863\/2021\/11\/SenseDDD-titol-768x498.jpg 768w\" sizes=\"auto, (max-width: 976px) 100vw, 976px\" \/><\/p>\n<p><span style=\"font-weight: 400;\">D\u2019altra banda, la comunitat de grans va poder viure una experi\u00e8ncia aterridora a l\u2019aula de sis\u00e8\u2026 m\u00fasica tenebrosa, efectes de so i llum,\u00a0 disfresses esgarrifoses\u2026\u00a0 la canalla m\u00e9s atrevida va poder divertir-se d\u2019all\u00f2 m\u00e9s al t\u00fanel del terror. I despr\u00e9s del pati, com \u00e9s costum, l\u2019alumnat de 5\u00e8 i 6\u00e8 va fer la presentaci\u00f3 de les carbasses en angl\u00e8s. Amazing Pumpkins!<\/span><\/p>\n<p><span style=\"font-weight: 400;\">A la tarda tota l\u2019escola vam rebre la visita de l\u2019estimada Castanyera. Castanyes per tothom gr\u00e0cies a la col\u00b7laboraci\u00f3 de la nostra AFA.\u00a0<\/span><\/p>\n<p><span style=\"font-weight: 400;\">Un dia fant\u00e0stic! Cliqueu <a href=\"https:\/\/agora.xtec.cat\/ceipcescaldea\/fotos-de-festes-i-activitats\/\" target=\"_blank\" rel=\"noopener\">AQU\u00cd<\/a> per veure les imatges.<\/span><\/p>\n","protected":false},"excerpt":{"rendered":"<p>Quan arriba la tardor, i el temps del fred comen\u00e7a a dibuixar-se, gaudim a l\u2019escola d\u2019una de\u00a0 les festivitats m\u00e9s [&hellip;]<\/p>\n","protected":false},"author":1,"featured_media":3969,"comment_status":"open","ping_status":"closed","sticky":false,"template":"","format":"standard","meta":{"_bbp_topic_count":0,"_bbp_reply_count":0,"_bbp_total_topic_count":0,"_bbp_total_reply_count":0,"_bbp_voice_count":0,"_bbp_anonymous_reply_count":0,"_bbp_topic_count_hidden":0,"_bbp_reply_count_hidden":0,"_bbp_forum_subforum_count":0,"site-sidebar-layout":"default","site-content-layout":"","ast-site-content-layout":"","site-content-style":"default","site-sidebar-style":"default","ast-global-header-display":"","ast-banner-title-visibility":"","ast-main-header-display":"","ast-hfb-above-header-display":"","ast-hfb-below-header-display":"","ast-hfb-mobile-header-display":"","site-post-title":"","ast-breadcrumbs-content":"","ast-featured-img":"","footer-sml-layout":"","theme-transparent-header-meta":"","adv-header-id-meta":"","stick-header-meta":"","header-above-stick-meta":"","header-main-stick-meta":"","header-below-stick-meta":"","astra-migrate-meta-layouts":"default","ast-page-background-enabled":"default","ast-page-background-meta":{"desktop":{"background-color":"var(--ast-global-color-4)","background-image":"","background-repeat":"repeat","background-position":"center center","background-size":"auto","background-attachment":"scroll","background-type":"","background-media":"","overlay-type":"","overlay-color":"","overlay-opacity":"","overlay-gradient":""},"tablet":{"background-color":"","background-image":"","background-repeat":"repeat","background-position":"center center","background-size":"auto","background-attachment":"scroll","background-type":"","background-media":"","overlay-type":"","overlay-color":"","overlay-opacity":"","overlay-gradient":""},"mobile":{"background-color":"","background-image":"","background-repeat":"repeat","background-position":"center center","background-size":"auto","background-attachment":"scroll","background-type":"","background-media":"","overlay-type":"","overlay-color":"","overlay-opacity":"","overlay-gradient":""}},"ast-content-background-meta":{"desktop":{"background-color":"var(--ast-global-color-5)","background-image":"","background-repeat":"repeat","background-position":"center center","background-size":"auto","background-attachment":"scroll","background-type":"","background-media":"","overlay-type":"","overlay-color":"","overlay-opacity":"","overlay-gradient":""},"tablet":{"background-color":"var(--ast-global-color-5)","background-image":"","background-repeat":"repeat","background-position":"center center","background-size":"auto","background-attachment":"scroll","background-type":"","background-media":"","overlay-type":"","overlay-color":"","overlay-opacity":"","overlay-gradient":""},"mobile":{"background-color":"var(--ast-global-color-5)","background-image":"","background-repeat":"repeat","background-position":"center center","background-size":"auto","background-attachment":"scroll","background-type":"","background-media":"","overlay-type":"","overlay-color":"","overlay-opacity":"","overlay-gradient":""}},"footnotes":""},"categories":[1,4],"tags":[82,102,81,83],"class_list":["post-3968","post","type-post","status-publish","format-standard","has-post-thumbnail","hentry","category-general","category-portada","tag-castanyada","tag-curs-21-22","tag-festes","tag-halloween"],"post_mailing_queue_ids":[],"_links":{"self":[{"href":"https:\/\/agora.xtec.cat\/ceipcescaldea\/wp-json\/wp\/v2\/posts\/3968","targetHints":{"allow":["GET"]}}],"collection":[{"href":"https:\/\/agora.xtec.cat\/ceipcescaldea\/wp-json\/wp\/v2\/posts"}],"about":[{"href":"https:\/\/agora.xtec.cat\/ceipcescaldea\/wp-json\/wp\/v2\/types\/post"}],"author":[{"embeddable":true,"href":"https:\/\/agora.xtec.cat\/ceipcescaldea\/wp-json\/wp\/v2\/users\/1"}],"replies":[{"embeddable":true,"href":"https:\/\/agora.xtec.cat\/ceipcescaldea\/wp-json\/wp\/v2\/comments?post=3968"}],"version-history":[{"count":2,"href":"https:\/\/agora.xtec.cat\/ceipcescaldea\/wp-json\/wp\/v2\/posts\/3968\/revisions"}],"predecessor-version":[{"id":3975,"href":"https:\/\/agora.xtec.cat\/ceipcescaldea\/wp-json\/wp\/v2\/posts\/3968\/revisions\/3975"}],"wp:featuredmedia":[{"embeddable":true,"href":"https:\/\/agora.xtec.cat\/ceipcescaldea\/wp-json\/wp\/v2\/media\/3969"}],"wp:attachment":[{"href":"https:\/\/agora.xtec.cat\/ceipcescaldea\/wp-json\/wp\/v2\/media?parent=3968"}],"wp:term":[{"taxonomy":"category","embeddable":true,"href":"https:\/\/agora.xtec.cat\/ceipcescaldea\/wp-json\/wp\/v2\/categories?post=3968"},{"taxonomy":"post_tag","embeddable":true,"href":"https:\/\/agora.xtec.cat\/ceipcescaldea\/wp-json\/wp\/v2\/tags?post=3968"}],"curies":[{"name":"wp","href":"https:\/\/api.w.org\/{rel}","templated":true}]}}