{"id":3922,"date":"2021-06-21T11:46:25","date_gmt":"2021-06-21T09:46:25","guid":{"rendered":"http:\/\/agora.xtec.cat\/ceipcescaldea\/?p=3922"},"modified":"2021-06-21T11:46:25","modified_gmt":"2021-06-21T09:46:25","slug":"relats-de-terror","status":"publish","type":"post","link":"https:\/\/agora.xtec.cat\/ceipcescaldea\/general\/relats-de-terror\/","title":{"rendered":"RELATS DE TERROR"},"content":{"rendered":"<p style=\"font-weight: 400;\">Estem contents i contentes de poder presentar-vos l\u2019\u00faltim pas del nostre projecte literari de llengua castellana.<\/p>\n<p style=\"font-weight: 400;\">Com ja sabeu hem creat els nostres propis relats de terror basant-nos en unes il\u00b7lustracions i un ep\u00edgraf que l\u2019acompanyava.\u00a0 Per\u00f2 encara hem volgut fer un pas m\u00e9s, i fixant-nos en el temps que ens est\u00e0 tocant viure on les noves tecnologies estan molt presents, hem volgut fer la gravaci\u00f3 dels relats curts intentant crear amb ells una atmosfera d&#8217;intriga i terror.<\/p>\n<p style=\"font-weight: 400;\">Durant aquests mesos ens hem divertit molt\u00edssim analitzant els v\u00eddeos de terror i escoltant hist\u00f2ries per agafar idees i poder informar-nos sobre com realitzar la nostra gravaci\u00f3.<\/p>\n<p style=\"font-weight: 400;\">Us volem proposar fer una sessi\u00f3 de terror a casa. Apagueu les llums, prepareu crispetes, enceneu d\u2019ordinador i visualitzeu els relats amb fam\u00edlia.<\/p>\n<p style=\"font-weight: 400;\">Esperem que us agradin!!<\/p>\n<p>Cliqueu <a href=\"https:\/\/agora.xtec.cat\/ceipcescaldea\/fotos-6e-19-20\/\" target=\"_blank\" rel=\"noopener noreferrer\">AQU\u00cd<\/a> per escoltar-los.<\/p>\n<p><img loading=\"lazy\" decoding=\"async\" class=\"aligncenter size-large wp-image-3924\" src=\"https:\/\/agora.xtec.cat\/ceipcescaldea\/wp-content\/uploads\/usu863\/2021\/06\/Captura-de-pantalla-2021-06-21-a-las-11.44.25-1024x404.png\" alt=\"\" width=\"1024\" height=\"404\" srcset=\"https:\/\/agora.xtec.cat\/ceipcescaldea\/wp-content\/uploads\/usu863\/2021\/06\/Captura-de-pantalla-2021-06-21-a-las-11.44.25-1024x404.png 1024w, https:\/\/agora.xtec.cat\/ceipcescaldea\/wp-content\/uploads\/usu863\/2021\/06\/Captura-de-pantalla-2021-06-21-a-las-11.44.25-300x118.png 300w, https:\/\/agora.xtec.cat\/ceipcescaldea\/wp-content\/uploads\/usu863\/2021\/06\/Captura-de-pantalla-2021-06-21-a-las-11.44.25-768x303.png 768w, https:\/\/agora.xtec.cat\/ceipcescaldea\/wp-content\/uploads\/usu863\/2021\/06\/Captura-de-pantalla-2021-06-21-a-las-11.44.25.png 1880w\" sizes=\"auto, (max-width: 1024px) 100vw, 1024px\" \/><\/p>\n<p>&nbsp;<\/p>\n<p>&nbsp;<\/p>\n","protected":false},"excerpt":{"rendered":"<p>Estem contents i contentes de poder presentar-vos l\u2019\u00faltim pas del nostre projecte literari de llengua castellana. Com ja sabeu hem [&hellip;]<\/p>\n","protected":false},"author":1,"featured_media":3924,"comment_status":"open","ping_status":"closed","sticky":false,"template":"","format":"standard","meta":{"_bbp_topic_count":0,"_bbp_reply_count":0,"_bbp_total_topic_count":0,"_bbp_total_reply_count":0,"_bbp_voice_count":0,"_bbp_anonymous_reply_count":0,"_bbp_topic_count_hidden":0,"_bbp_reply_count_hidden":0,"_bbp_forum_subforum_count":0,"site-sidebar-layout":"default","site-content-layout":"","ast-site-content-layout":"","site-content-style":"default","site-sidebar-style":"default","ast-global-header-display":"","ast-banner-title-visibility":"","ast-main-header-display":"","ast-hfb-above-header-display":"","ast-hfb-below-header-display":"","ast-hfb-mobile-header-display":"","site-post-title":"","ast-breadcrumbs-content":"","ast-featured-img":"","footer-sml-layout":"","theme-transparent-header-meta":"","adv-header-id-meta":"","stick-header-meta":"","header-above-stick-meta":"","header-main-stick-meta":"","header-below-stick-meta":"","astra-migrate-meta-layouts":"default","ast-page-background-enabled":"default","ast-page-background-meta":{"desktop":{"background-color":"var(--ast-global-color-4)","background-image":"","background-repeat":"repeat","background-position":"center center","background-size":"auto","background-attachment":"scroll","background-type":"","background-media":"","overlay-type":"","overlay-color":"","overlay-opacity":"","overlay-gradient":""},"tablet":{"background-color":"","background-image":"","background-repeat":"repeat","background-position":"center center","background-size":"auto","background-attachment":"scroll","background-type":"","background-media":"","overlay-type":"","overlay-color":"","overlay-opacity":"","overlay-gradient":""},"mobile":{"background-color":"","background-image":"","background-repeat":"repeat","background-position":"center center","background-size":"auto","background-attachment":"scroll","background-type":"","background-media":"","overlay-type":"","overlay-color":"","overlay-opacity":"","overlay-gradient":""}},"ast-content-background-meta":{"desktop":{"background-color":"var(--ast-global-color-5)","background-image":"","background-repeat":"repeat","background-position":"center center","background-size":"auto","background-attachment":"scroll","background-type":"","background-media":"","overlay-type":"","overlay-color":"","overlay-opacity":"","overlay-gradient":""},"tablet":{"background-color":"var(--ast-global-color-5)","background-image":"","background-repeat":"repeat","background-position":"center center","background-size":"auto","background-attachment":"scroll","background-type":"","background-media":"","overlay-type":"","overlay-color":"","overlay-opacity":"","overlay-gradient":""},"mobile":{"background-color":"var(--ast-global-color-5)","background-image":"","background-repeat":"repeat","background-position":"center center","background-size":"auto","background-attachment":"scroll","background-type":"","background-media":"","overlay-type":"","overlay-color":"","overlay-opacity":"","overlay-gradient":""}},"footnotes":""},"categories":[1,4],"tags":[70,95,79,57],"class_list":["post-3922","post","type-post","status-publish","format-standard","has-post-thumbnail","hentry","category-general","category-portada","tag-6e","tag-comunitat-de-grans","tag-curs-20-21","tag-literatura"],"post_mailing_queue_ids":[],"_links":{"self":[{"href":"https:\/\/agora.xtec.cat\/ceipcescaldea\/wp-json\/wp\/v2\/posts\/3922","targetHints":{"allow":["GET"]}}],"collection":[{"href":"https:\/\/agora.xtec.cat\/ceipcescaldea\/wp-json\/wp\/v2\/posts"}],"about":[{"href":"https:\/\/agora.xtec.cat\/ceipcescaldea\/wp-json\/wp\/v2\/types\/post"}],"author":[{"embeddable":true,"href":"https:\/\/agora.xtec.cat\/ceipcescaldea\/wp-json\/wp\/v2\/users\/1"}],"replies":[{"embeddable":true,"href":"https:\/\/agora.xtec.cat\/ceipcescaldea\/wp-json\/wp\/v2\/comments?post=3922"}],"version-history":[{"count":1,"href":"https:\/\/agora.xtec.cat\/ceipcescaldea\/wp-json\/wp\/v2\/posts\/3922\/revisions"}],"predecessor-version":[{"id":3925,"href":"https:\/\/agora.xtec.cat\/ceipcescaldea\/wp-json\/wp\/v2\/posts\/3922\/revisions\/3925"}],"wp:featuredmedia":[{"embeddable":true,"href":"https:\/\/agora.xtec.cat\/ceipcescaldea\/wp-json\/wp\/v2\/media\/3924"}],"wp:attachment":[{"href":"https:\/\/agora.xtec.cat\/ceipcescaldea\/wp-json\/wp\/v2\/media?parent=3922"}],"wp:term":[{"taxonomy":"category","embeddable":true,"href":"https:\/\/agora.xtec.cat\/ceipcescaldea\/wp-json\/wp\/v2\/categories?post=3922"},{"taxonomy":"post_tag","embeddable":true,"href":"https:\/\/agora.xtec.cat\/ceipcescaldea\/wp-json\/wp\/v2\/tags?post=3922"}],"curies":[{"name":"wp","href":"https:\/\/api.w.org\/{rel}","templated":true}]}}