{"id":3861,"date":"2021-05-14T14:56:56","date_gmt":"2021-05-14T12:56:56","guid":{"rendered":"http:\/\/agora.xtec.cat\/ceipcescaldea\/?p=3861"},"modified":"2021-05-14T14:57:53","modified_gmt":"2021-05-14T12:57:53","slug":"vivim-el-parc-natural-de-prop-5e","status":"publish","type":"post","link":"https:\/\/agora.xtec.cat\/ceipcescaldea\/general\/vivim-el-parc-natural-de-prop-5e\/","title":{"rendered":"VIVIM EL PARC NATURAL DE PROP (5\u00e8)"},"content":{"rendered":"<p><span style=\"font-weight: 400;\"><img loading=\"lazy\" decoding=\"async\" class=\"wp-image-3862 alignleft\" src=\"https:\/\/agora.xtec.cat\/ceipcescaldea\/wp-content\/uploads\/usu863\/2021\/05\/Captura-de-pantalla-2021-05-14-a-las-14.54.57-1024x647.png\" alt=\"\" width=\"350\" height=\"221\" srcset=\"https:\/\/agora.xtec.cat\/ceipcescaldea\/wp-content\/uploads\/usu863\/2021\/05\/Captura-de-pantalla-2021-05-14-a-las-14.54.57-1024x647.png 1024w, https:\/\/agora.xtec.cat\/ceipcescaldea\/wp-content\/uploads\/usu863\/2021\/05\/Captura-de-pantalla-2021-05-14-a-las-14.54.57-300x189.png 300w, https:\/\/agora.xtec.cat\/ceipcescaldea\/wp-content\/uploads\/usu863\/2021\/05\/Captura-de-pantalla-2021-05-14-a-las-14.54.57-768x485.png 768w, https:\/\/agora.xtec.cat\/ceipcescaldea\/wp-content\/uploads\/usu863\/2021\/05\/Captura-de-pantalla-2021-05-14-a-las-14.54.57.png 1096w\" sizes=\"auto, (max-width: 350px) 100vw, 350px\" \/>El passat dimart 4 de maig, la classe de les gal\u00e0ctiques i els gal\u00e0ctics vam poder gaudir d\u2019un dia fant\u00e0stic\u00a0 a la Serra de l\u2019Obac. All\u00e0 vam descobrir i con\u00e8ixer el patrimoni hist\u00f2ric de l\u2019indret a trav\u00e9s d\u2019un joc de pistes sobre la Casa Vella de l\u2019Obac.Tamb\u00e9 ens vam convertir en artistes per un dia , fent land art ,que \u00e9s l\u2019expressi\u00f3 art\u00edstica on la naturalesa ho \u00e9s tot. Van sortir unes obres la mar de interessants. I per \u00faltim vam construir uns hotels d\u2019insectes amb elements de la naturalesa que trob\u00e0vem al terra . Aprofitarem aquests hotels per posar-los al nostre hort de l\u2019escola i contribuir a la seva millora.\u00a0<\/span><\/p>\n<p><span style=\"font-weight: 400;\">A l\u2019acabar les activitats, vam tenir un bon temps per\u00a0 dinar i jugar\u00a0 tot gaudint del paisatge i la companyia. <\/span><\/p>\n<p>Cliqueu <a href=\"https:\/\/agora.xtec.cat\/ceipcescaldea\/fotos-5e-19-20\/\" target=\"_blank\" rel=\"noopener noreferrer\">AQU\u00cd<\/a> per veure un recull d&#8217;imatges.<\/p>\n","protected":false},"excerpt":{"rendered":"<p>El passat dimart 4 de maig, la classe de les gal\u00e0ctiques i els gal\u00e0ctics vam poder gaudir d\u2019un dia fant\u00e0stic\u00a0 [&hellip;]<\/p>\n","protected":false},"author":1,"featured_media":3862,"comment_status":"open","ping_status":"closed","sticky":false,"template":"","format":"standard","meta":{"_bbp_topic_count":0,"_bbp_reply_count":0,"_bbp_total_topic_count":0,"_bbp_total_reply_count":0,"_bbp_voice_count":0,"_bbp_anonymous_reply_count":0,"_bbp_topic_count_hidden":0,"_bbp_reply_count_hidden":0,"_bbp_forum_subforum_count":0,"site-sidebar-layout":"default","site-content-layout":"","ast-site-content-layout":"","site-content-style":"default","site-sidebar-style":"default","ast-global-header-display":"","ast-banner-title-visibility":"","ast-main-header-display":"","ast-hfb-above-header-display":"","ast-hfb-below-header-display":"","ast-hfb-mobile-header-display":"","site-post-title":"","ast-breadcrumbs-content":"","ast-featured-img":"","footer-sml-layout":"","theme-transparent-header-meta":"","adv-header-id-meta":"","stick-header-meta":"","header-above-stick-meta":"","header-main-stick-meta":"","header-below-stick-meta":"","astra-migrate-meta-layouts":"default","ast-page-background-enabled":"default","ast-page-background-meta":{"desktop":{"background-color":"var(--ast-global-color-4)","background-image":"","background-repeat":"repeat","background-position":"center center","background-size":"auto","background-attachment":"scroll","background-type":"","background-media":"","overlay-type":"","overlay-color":"","overlay-opacity":"","overlay-gradient":""},"tablet":{"background-color":"","background-image":"","background-repeat":"repeat","background-position":"center center","background-size":"auto","background-attachment":"scroll","background-type":"","background-media":"","overlay-type":"","overlay-color":"","overlay-opacity":"","overlay-gradient":""},"mobile":{"background-color":"","background-image":"","background-repeat":"repeat","background-position":"center center","background-size":"auto","background-attachment":"scroll","background-type":"","background-media":"","overlay-type":"","overlay-color":"","overlay-opacity":"","overlay-gradient":""}},"ast-content-background-meta":{"desktop":{"background-color":"var(--ast-global-color-5)","background-image":"","background-repeat":"repeat","background-position":"center center","background-size":"auto","background-attachment":"scroll","background-type":"","background-media":"","overlay-type":"","overlay-color":"","overlay-opacity":"","overlay-gradient":""},"tablet":{"background-color":"var(--ast-global-color-5)","background-image":"","background-repeat":"repeat","background-position":"center center","background-size":"auto","background-attachment":"scroll","background-type":"","background-media":"","overlay-type":"","overlay-color":"","overlay-opacity":"","overlay-gradient":""},"mobile":{"background-color":"var(--ast-global-color-5)","background-image":"","background-repeat":"repeat","background-position":"center center","background-size":"auto","background-attachment":"scroll","background-type":"","background-media":"","overlay-type":"","overlay-color":"","overlay-opacity":"","overlay-gradient":""}},"footnotes":""},"categories":[1,4],"tags":[87,95,16],"class_list":["post-3861","post","type-post","status-publish","format-standard","has-post-thumbnail","hentry","category-general","category-portada","tag-5e","tag-comunitat-de-grans","tag-sortides"],"post_mailing_queue_ids":[],"_links":{"self":[{"href":"https:\/\/agora.xtec.cat\/ceipcescaldea\/wp-json\/wp\/v2\/posts\/3861","targetHints":{"allow":["GET"]}}],"collection":[{"href":"https:\/\/agora.xtec.cat\/ceipcescaldea\/wp-json\/wp\/v2\/posts"}],"about":[{"href":"https:\/\/agora.xtec.cat\/ceipcescaldea\/wp-json\/wp\/v2\/types\/post"}],"author":[{"embeddable":true,"href":"https:\/\/agora.xtec.cat\/ceipcescaldea\/wp-json\/wp\/v2\/users\/1"}],"replies":[{"embeddable":true,"href":"https:\/\/agora.xtec.cat\/ceipcescaldea\/wp-json\/wp\/v2\/comments?post=3861"}],"version-history":[{"count":2,"href":"https:\/\/agora.xtec.cat\/ceipcescaldea\/wp-json\/wp\/v2\/posts\/3861\/revisions"}],"predecessor-version":[{"id":3865,"href":"https:\/\/agora.xtec.cat\/ceipcescaldea\/wp-json\/wp\/v2\/posts\/3861\/revisions\/3865"}],"wp:featuredmedia":[{"embeddable":true,"href":"https:\/\/agora.xtec.cat\/ceipcescaldea\/wp-json\/wp\/v2\/media\/3862"}],"wp:attachment":[{"href":"https:\/\/agora.xtec.cat\/ceipcescaldea\/wp-json\/wp\/v2\/media?parent=3861"}],"wp:term":[{"taxonomy":"category","embeddable":true,"href":"https:\/\/agora.xtec.cat\/ceipcescaldea\/wp-json\/wp\/v2\/categories?post=3861"},{"taxonomy":"post_tag","embeddable":true,"href":"https:\/\/agora.xtec.cat\/ceipcescaldea\/wp-json\/wp\/v2\/tags?post=3861"}],"curies":[{"name":"wp","href":"https:\/\/api.w.org\/{rel}","templated":true}]}}