{"id":3835,"date":"2021-04-13T16:11:48","date_gmt":"2021-04-13T14:11:48","guid":{"rendered":"http:\/\/agora.xtec.cat\/ceipcescaldea\/?p=3835"},"modified":"2021-04-13T16:11:48","modified_gmt":"2021-04-13T14:11:48","slug":"coneguem-els-invertebrats","status":"publish","type":"post","link":"https:\/\/agora.xtec.cat\/ceipcescaldea\/general\/coneguem-els-invertebrats\/","title":{"rendered":"CONEGUEM ELS INVERTEBRATS"},"content":{"rendered":"<p>L\u2019alumnat de 2n hem participat en el taller Coneguem els invertebrats. Hem parlat de les caracter\u00edstiques dels invertebrats i hem observat i tocat equinoderms, an\u00e8l\u00b7lids, insectes, miri\u00e0podes, artr\u00f2podes i ar\u00e0cnids. Per\u00f2 sobretot, hem conversat molt sobre aquests \u00faltims i hem confirmat amb l\u2019ajuda d\u2019un expert les descobertes que nosaltres hav\u00edem fet mentre investig\u00e0vem l\u2019aranya.<\/p>\n<p><img loading=\"lazy\" decoding=\"async\" class=\"aligncenter size-full wp-image-3836\" src=\"https:\/\/agora.xtec.cat\/ceipcescaldea\/wp-content\/uploads\/usu863\/2021\/04\/Sense-t\u00edtol-2.jpg\" alt=\"\" width=\"575\" height=\"224\" srcset=\"https:\/\/agora.xtec.cat\/ceipcescaldea\/wp-content\/uploads\/usu863\/2021\/04\/Sense-t\u00edtol-2.jpg 575w, https:\/\/agora.xtec.cat\/ceipcescaldea\/wp-content\/uploads\/usu863\/2021\/04\/Sense-t\u00edtol-2-300x117.jpg 300w\" sizes=\"auto, (max-width: 575px) 100vw, 575px\" \/><\/p>\n<p>Tot va comen\u00e7ar un dia mentre resolien problemes matem\u00e0tics en petits grups. De sobte, un dels grups va veure per sobre dels seus caps una aranya surant en l\u2019aire. Entre tots i totes, r\u00e0pidament, vam arribar a la conclusi\u00f3 que les aranyes no poden volar perqu\u00e8 no tenen ales, sin\u00f3 que el que fan es despenjar-se. Si b\u00e9, aquesta afirmaci\u00f3 ens va generar dues q\u00fcestions: Com ho fan? i Per qu\u00e8 ho fan?<\/p>\n<p><img loading=\"lazy\" decoding=\"async\" class=\"aligncenter size-full wp-image-3837\" src=\"https:\/\/agora.xtec.cat\/ceipcescaldea\/wp-content\/uploads\/usu863\/2021\/04\/Sense-t\u00edtDDDol.jpg\" alt=\"\" width=\"551\" height=\"274\" srcset=\"https:\/\/agora.xtec.cat\/ceipcescaldea\/wp-content\/uploads\/usu863\/2021\/04\/Sense-t\u00edtDDDol.jpg 551w, https:\/\/agora.xtec.cat\/ceipcescaldea\/wp-content\/uploads\/usu863\/2021\/04\/Sense-t\u00edtDDDol-300x149.jpg 300w\" sizes=\"auto, (max-width: 551px) 100vw, 551px\" \/><\/p>\n<p>Llavors, com ja \u00e9s habitual en la nostra manera de fer, quan un tema ens interessa ens organitzem per donar respostes a les nostres inquietuds. Aquesta vegada, hem comen\u00e7at buscant informaci\u00f3 a casa per despr\u00e9s compartir-la amb la resta del grup a l\u2019aula. Per complementar-la i arribar a una conclusi\u00f3 comuna, a la classe tamb\u00e9 hem consultat altres fonts d\u2019informaci\u00f3 i hem rebut la visita d\u2019un expert en el tema.<\/p>\n<p><img loading=\"lazy\" decoding=\"async\" class=\" wp-image-3838 alignright\" src=\"https:\/\/agora.xtec.cat\/ceipcescaldea\/wp-content\/uploads\/usu863\/2021\/04\/SenSSSse-t\u00edtol.jpg\" alt=\"\" width=\"229\" height=\"172\" srcset=\"https:\/\/agora.xtec.cat\/ceipcescaldea\/wp-content\/uploads\/usu863\/2021\/04\/SenSSSse-t\u00edtol.jpg 283w, https:\/\/agora.xtec.cat\/ceipcescaldea\/wp-content\/uploads\/usu863\/2021\/04\/SenSSSse-t\u00edtol-200x150.jpg 200w\" sizes=\"auto, (max-width: 229px) 100vw, 229px\" \/>Com ja \u00e9s habitual, a part de la pr\u00f2pia investigaci\u00f3, ens han sorgit altres continguts molt interessants de l\u2019\u00e0mbit art\u00edstic i el matem\u00e0tic. Hem treballat el concepte de simetria per fer aranyes. Tamb\u00e9 hem analitzat diferents figures geom\u00e8triques per construir\u00a0 teranyines.<\/p>\n<p>&nbsp;<\/p>\n<p>Si voleu veure les fotos cliqueu <a href=\"https:\/\/agora.xtec.cat\/ceipcescaldea\/fotos-2n-19-20\/\" target=\"_blank\" rel=\"noopener noreferrer\">AQU\u00cd<\/a>.<\/p>\n<p>&nbsp;<\/p>\n","protected":false},"excerpt":{"rendered":"<p>L\u2019alumnat de 2n hem participat en el taller Coneguem els invertebrats. Hem parlat de les caracter\u00edstiques dels invertebrats i hem [&hellip;]<\/p>\n","protected":false},"author":1,"featured_media":3837,"comment_status":"open","ping_status":"closed","sticky":false,"template":"","format":"standard","meta":{"_bbp_topic_count":0,"_bbp_reply_count":0,"_bbp_total_topic_count":0,"_bbp_total_reply_count":0,"_bbp_voice_count":0,"_bbp_anonymous_reply_count":0,"_bbp_topic_count_hidden":0,"_bbp_reply_count_hidden":0,"_bbp_forum_subforum_count":0,"site-sidebar-layout":"default","site-content-layout":"","ast-site-content-layout":"","site-content-style":"default","site-sidebar-style":"default","ast-global-header-display":"","ast-banner-title-visibility":"","ast-main-header-display":"","ast-hfb-above-header-display":"","ast-hfb-below-header-display":"","ast-hfb-mobile-header-display":"","site-post-title":"","ast-breadcrumbs-content":"","ast-featured-img":"","footer-sml-layout":"","theme-transparent-header-meta":"","adv-header-id-meta":"","stick-header-meta":"","header-above-stick-meta":"","header-main-stick-meta":"","header-below-stick-meta":"","astra-migrate-meta-layouts":"default","ast-page-background-enabled":"default","ast-page-background-meta":{"desktop":{"background-color":"var(--ast-global-color-4)","background-image":"","background-repeat":"repeat","background-position":"center center","background-size":"auto","background-attachment":"scroll","background-type":"","background-media":"","overlay-type":"","overlay-color":"","overlay-opacity":"","overlay-gradient":""},"tablet":{"background-color":"","background-image":"","background-repeat":"repeat","background-position":"center center","background-size":"auto","background-attachment":"scroll","background-type":"","background-media":"","overlay-type":"","overlay-color":"","overlay-opacity":"","overlay-gradient":""},"mobile":{"background-color":"","background-image":"","background-repeat":"repeat","background-position":"center center","background-size":"auto","background-attachment":"scroll","background-type":"","background-media":"","overlay-type":"","overlay-color":"","overlay-opacity":"","overlay-gradient":""}},"ast-content-background-meta":{"desktop":{"background-color":"var(--ast-global-color-5)","background-image":"","background-repeat":"repeat","background-position":"center center","background-size":"auto","background-attachment":"scroll","background-type":"","background-media":"","overlay-type":"","overlay-color":"","overlay-opacity":"","overlay-gradient":""},"tablet":{"background-color":"var(--ast-global-color-5)","background-image":"","background-repeat":"repeat","background-position":"center center","background-size":"auto","background-attachment":"scroll","background-type":"","background-media":"","overlay-type":"","overlay-color":"","overlay-opacity":"","overlay-gradient":""},"mobile":{"background-color":"var(--ast-global-color-5)","background-image":"","background-repeat":"repeat","background-position":"center center","background-size":"auto","background-attachment":"scroll","background-type":"","background-media":"","overlay-type":"","overlay-color":"","overlay-opacity":"","overlay-gradient":""}},"footnotes":""},"categories":[1,4],"tags":[88,79,86],"class_list":["post-3835","post","type-post","status-publish","format-standard","has-post-thumbnail","hentry","category-general","category-portada","tag-2n","tag-curs-20-21","tag-investiguem"],"post_mailing_queue_ids":[],"_links":{"self":[{"href":"https:\/\/agora.xtec.cat\/ceipcescaldea\/wp-json\/wp\/v2\/posts\/3835","targetHints":{"allow":["GET"]}}],"collection":[{"href":"https:\/\/agora.xtec.cat\/ceipcescaldea\/wp-json\/wp\/v2\/posts"}],"about":[{"href":"https:\/\/agora.xtec.cat\/ceipcescaldea\/wp-json\/wp\/v2\/types\/post"}],"author":[{"embeddable":true,"href":"https:\/\/agora.xtec.cat\/ceipcescaldea\/wp-json\/wp\/v2\/users\/1"}],"replies":[{"embeddable":true,"href":"https:\/\/agora.xtec.cat\/ceipcescaldea\/wp-json\/wp\/v2\/comments?post=3835"}],"version-history":[{"count":1,"href":"https:\/\/agora.xtec.cat\/ceipcescaldea\/wp-json\/wp\/v2\/posts\/3835\/revisions"}],"predecessor-version":[{"id":3839,"href":"https:\/\/agora.xtec.cat\/ceipcescaldea\/wp-json\/wp\/v2\/posts\/3835\/revisions\/3839"}],"wp:featuredmedia":[{"embeddable":true,"href":"https:\/\/agora.xtec.cat\/ceipcescaldea\/wp-json\/wp\/v2\/media\/3837"}],"wp:attachment":[{"href":"https:\/\/agora.xtec.cat\/ceipcescaldea\/wp-json\/wp\/v2\/media?parent=3835"}],"wp:term":[{"taxonomy":"category","embeddable":true,"href":"https:\/\/agora.xtec.cat\/ceipcescaldea\/wp-json\/wp\/v2\/categories?post=3835"},{"taxonomy":"post_tag","embeddable":true,"href":"https:\/\/agora.xtec.cat\/ceipcescaldea\/wp-json\/wp\/v2\/tags?post=3835"}],"curies":[{"name":"wp","href":"https:\/\/api.w.org\/{rel}","templated":true}]}}