{"id":3805,"date":"2021-03-15T21:00:07","date_gmt":"2021-03-15T20:00:07","guid":{"rendered":"http:\/\/agora.xtec.cat\/ceipcescaldea\/?p=3805"},"modified":"2021-03-15T21:07:31","modified_gmt":"2021-03-15T20:07:31","slug":"musica-a-ritme-de-rap-petits","status":"publish","type":"post","link":"https:\/\/agora.xtec.cat\/ceipcescaldea\/general\/musica-a-ritme-de-rap-petits\/","title":{"rendered":"M\u00daSICA A RITME DE RAP (PETITS)"},"content":{"rendered":"<p dir=\"auto\" style=\"font-family: Arial, Helvetica, sans-serif; font-size: small;\"><span style=\"font-family: arial, sans-serif;\"><img loading=\"lazy\" decoding=\"async\" class=\"wp-image-3812 alignright\" src=\"https:\/\/agora.xtec.cat\/ceipcescaldea\/wp-content\/uploads\/usu863\/2021\/03\/Captura-de-pantalla-2021-03-15-a-las-21.05.17-1024x464.png\" alt=\"\" width=\"333\" height=\"151\" srcset=\"https:\/\/agora.xtec.cat\/ceipcescaldea\/wp-content\/uploads\/usu863\/2021\/03\/Captura-de-pantalla-2021-03-15-a-las-21.05.17-1024x464.png 1024w, https:\/\/agora.xtec.cat\/ceipcescaldea\/wp-content\/uploads\/usu863\/2021\/03\/Captura-de-pantalla-2021-03-15-a-las-21.05.17-300x136.png 300w, https:\/\/agora.xtec.cat\/ceipcescaldea\/wp-content\/uploads\/usu863\/2021\/03\/Captura-de-pantalla-2021-03-15-a-las-21.05.17-768x348.png 768w, https:\/\/agora.xtec.cat\/ceipcescaldea\/wp-content\/uploads\/usu863\/2021\/03\/Captura-de-pantalla-2021-03-15-a-las-21.05.17.png 1378w\" sizes=\"auto, (max-width: 333px) 100vw, 333px\" \/>Hola fam\u00edlies,\u00a0<\/span><\/p>\n<p style=\"font-family: Arial, Helvetica, sans-serif; font-size: small;\"><span style=\"font-family: arial, sans-serif;\">Fa uns dies, els nens i nenes de la Comunitat de Petits van gaudir d&#8217;unes sessions de m\u00fasica ben divertides i diferents. Van estar tocant instruments a sobre d&#8217;unes bases musicals a ritme de rap.\u00a0<\/span><\/p>\n<p style=\"font-family: Arial, Helvetica, sans-serif; font-size: small;\"><span style=\"font-family: arial, sans-serif;\">Us deixem els v\u00eddeos dels diferents grups en el seg\u00fcents enlla\u00e7os:<\/span><\/p>\n<table>\n<tbody>\n<tr>\n<td><a href=\"https:\/\/agora.xtec.cat\/ceipcescaldea\/fotos-p3-19-20\/\" target=\"_blank\" rel=\"noopener noreferrer\">Sessi\u00f3 p3<\/a><\/td>\n<td><a href=\"https:\/\/agora.xtec.cat\/ceipcescaldea\/fotos-p4-19-20\/\" target=\"_blank\" rel=\"noopener noreferrer\">Sessi\u00f3 p4<\/a><\/td>\n<td><a href=\"https:\/\/agora.xtec.cat\/ceipcescaldea\/fotos-p5-19-20\/\" target=\"_blank\" rel=\"noopener noreferrer\">Sessi\u00f3 p5<\/a><\/td>\n<\/tr>\n<\/tbody>\n<\/table>\n<p>&nbsp;<\/p>\n<p>&nbsp;<\/p>\n<p>&nbsp;<\/p>\n<p>&nbsp;<\/p>\n<p>&nbsp;<\/p>\n","protected":false},"excerpt":{"rendered":"<p>Hola fam\u00edlies,\u00a0 Fa uns dies, els nens i nenes de la Comunitat de Petits van gaudir d&#8217;unes sessions de m\u00fasica [&hellip;]<\/p>\n","protected":false},"author":1,"featured_media":3812,"comment_status":"open","ping_status":"closed","sticky":false,"template":"","format":"standard","meta":{"_bbp_topic_count":0,"_bbp_reply_count":0,"_bbp_total_topic_count":0,"_bbp_total_reply_count":0,"_bbp_voice_count":0,"_bbp_anonymous_reply_count":0,"_bbp_topic_count_hidden":0,"_bbp_reply_count_hidden":0,"_bbp_forum_subforum_count":0,"site-sidebar-layout":"default","site-content-layout":"","ast-site-content-layout":"","site-content-style":"default","site-sidebar-style":"default","ast-global-header-display":"","ast-banner-title-visibility":"","ast-main-header-display":"","ast-hfb-above-header-display":"","ast-hfb-below-header-display":"","ast-hfb-mobile-header-display":"","site-post-title":"","ast-breadcrumbs-content":"","ast-featured-img":"","footer-sml-layout":"","theme-transparent-header-meta":"","adv-header-id-meta":"","stick-header-meta":"","header-above-stick-meta":"","header-main-stick-meta":"","header-below-stick-meta":"","astra-migrate-meta-layouts":"default","ast-page-background-enabled":"default","ast-page-background-meta":{"desktop":{"background-color":"var(--ast-global-color-4)","background-image":"","background-repeat":"repeat","background-position":"center center","background-size":"auto","background-attachment":"scroll","background-type":"","background-media":"","overlay-type":"","overlay-color":"","overlay-opacity":"","overlay-gradient":""},"tablet":{"background-color":"","background-image":"","background-repeat":"repeat","background-position":"center center","background-size":"auto","background-attachment":"scroll","background-type":"","background-media":"","overlay-type":"","overlay-color":"","overlay-opacity":"","overlay-gradient":""},"mobile":{"background-color":"","background-image":"","background-repeat":"repeat","background-position":"center center","background-size":"auto","background-attachment":"scroll","background-type":"","background-media":"","overlay-type":"","overlay-color":"","overlay-opacity":"","overlay-gradient":""}},"ast-content-background-meta":{"desktop":{"background-color":"var(--ast-global-color-5)","background-image":"","background-repeat":"repeat","background-position":"center center","background-size":"auto","background-attachment":"scroll","background-type":"","background-media":"","overlay-type":"","overlay-color":"","overlay-opacity":"","overlay-gradient":""},"tablet":{"background-color":"var(--ast-global-color-5)","background-image":"","background-repeat":"repeat","background-position":"center center","background-size":"auto","background-attachment":"scroll","background-type":"","background-media":"","overlay-type":"","overlay-color":"","overlay-opacity":"","overlay-gradient":""},"mobile":{"background-color":"var(--ast-global-color-5)","background-image":"","background-repeat":"repeat","background-position":"center center","background-size":"auto","background-attachment":"scroll","background-type":"","background-media":"","overlay-type":"","overlay-color":"","overlay-opacity":"","overlay-gradient":""}},"footnotes":""},"categories":[1,4],"tags":[91,50,51,52,96],"class_list":["post-3805","post","type-post","status-publish","format-standard","has-post-thumbnail","hentry","category-general","category-portada","tag-comunitat-de-petits","tag-i3","tag-i4","tag-i5","tag-musica"],"post_mailing_queue_ids":[],"_links":{"self":[{"href":"https:\/\/agora.xtec.cat\/ceipcescaldea\/wp-json\/wp\/v2\/posts\/3805","targetHints":{"allow":["GET"]}}],"collection":[{"href":"https:\/\/agora.xtec.cat\/ceipcescaldea\/wp-json\/wp\/v2\/posts"}],"about":[{"href":"https:\/\/agora.xtec.cat\/ceipcescaldea\/wp-json\/wp\/v2\/types\/post"}],"author":[{"embeddable":true,"href":"https:\/\/agora.xtec.cat\/ceipcescaldea\/wp-json\/wp\/v2\/users\/1"}],"replies":[{"embeddable":true,"href":"https:\/\/agora.xtec.cat\/ceipcescaldea\/wp-json\/wp\/v2\/comments?post=3805"}],"version-history":[{"count":3,"href":"https:\/\/agora.xtec.cat\/ceipcescaldea\/wp-json\/wp\/v2\/posts\/3805\/revisions"}],"predecessor-version":[{"id":3813,"href":"https:\/\/agora.xtec.cat\/ceipcescaldea\/wp-json\/wp\/v2\/posts\/3805\/revisions\/3813"}],"wp:featuredmedia":[{"embeddable":true,"href":"https:\/\/agora.xtec.cat\/ceipcescaldea\/wp-json\/wp\/v2\/media\/3812"}],"wp:attachment":[{"href":"https:\/\/agora.xtec.cat\/ceipcescaldea\/wp-json\/wp\/v2\/media?parent=3805"}],"wp:term":[{"taxonomy":"category","embeddable":true,"href":"https:\/\/agora.xtec.cat\/ceipcescaldea\/wp-json\/wp\/v2\/categories?post=3805"},{"taxonomy":"post_tag","embeddable":true,"href":"https:\/\/agora.xtec.cat\/ceipcescaldea\/wp-json\/wp\/v2\/tags?post=3805"}],"curies":[{"name":"wp","href":"https:\/\/api.w.org\/{rel}","templated":true}]}}