{"id":3785,"date":"2021-03-07T13:15:59","date_gmt":"2021-03-07T12:15:59","guid":{"rendered":"http:\/\/agora.xtec.cat\/ceipcescaldea\/?p=3785"},"modified":"2021-03-07T13:16:52","modified_gmt":"2021-03-07T12:16:52","slug":"abecedari-p5","status":"publish","type":"post","link":"https:\/\/agora.xtec.cat\/ceipcescaldea\/general\/abecedari-p5\/","title":{"rendered":"ABECEDARI (P5)"},"content":{"rendered":"<p>Com ja sabeu, els divendres als matins els infants de P5 de la classe dels papers, fem una sortida pels voltants del barri. Aquestes sortides van variant; de vegades anem al parc, de vegades nom\u00e9s fem un volt, de vegades anem a comprar&#8230; Per\u00f2 molt sovint anem al bosc que tenim a prop de l&#8217;escola.\u00a0Aquest bosc est\u00e0 una mica molt brut, per\u00f2 hem d&#8217;agrair a les fam\u00edlies de l&#8217;AFA que el van netejant i ja hem vist millores.<\/p>\n<p>Aquest divendres vam anar fins a un camp d&#8217;oliveres que hi ha una mica lluny per\u00f2 que ens encanta, all\u00e0 vam construir un abecedari natural i propi.<\/p>\n<p>El dia abans ja hav\u00edem parlat del que aquell dia far\u00edem i hav\u00edem pensat com ho vol\u00edem fer. Aix\u00ed doncs, va ser una feina molt m\u00e9s f\u00e0cil.<\/p>\n<p>Pel cam\u00ed van anar tallant: flors d&#8217;arbres i d&#8217;arbustos, flors que ens trob\u00e0vem pel cam\u00ed, fulles de diferents tons de verd i de diferents mides, pedres, pedretes i pedrotes, pals, branques, pinyes i fins i tot algun cargol. Una vegada vam arribar al camp de les oliveres, vam comen\u00e7ar la fabricaci\u00f3 d&#8217;aquest abecedari. Va quedar preci\u00f3s, va ser un regal pels ulls i vam gaudir molt fent-lo. No us perdeu les fotos del proc\u00e9s perqu\u00e8 s\u00f3n igual d&#8217;especials que l&#8217;abecedari.<\/p>\n<p>Cliqueu <a href=\"https:\/\/agora.xtec.cat\/ceipcescaldea\/fotos-p5-19-20\/\" target=\"_blank\" rel=\"noopener noreferrer\">AQU\u00cd<\/a>\u00a0per veure-les.<\/p>\n<p><img loading=\"lazy\" decoding=\"async\" class=\"aligncenter wp-image-3786\" src=\"https:\/\/agora.xtec.cat\/ceipcescaldea\/wp-content\/uploads\/usu863\/2021\/03\/Captura-de-pantalla-2021-03-07-a-las-13.08.44.png\" alt=\"\" width=\"604\" height=\"517\" srcset=\"https:\/\/agora.xtec.cat\/ceipcescaldea\/wp-content\/uploads\/usu863\/2021\/03\/Captura-de-pantalla-2021-03-07-a-las-13.08.44.png 920w, https:\/\/agora.xtec.cat\/ceipcescaldea\/wp-content\/uploads\/usu863\/2021\/03\/Captura-de-pantalla-2021-03-07-a-las-13.08.44-300x257.png 300w, https:\/\/agora.xtec.cat\/ceipcescaldea\/wp-content\/uploads\/usu863\/2021\/03\/Captura-de-pantalla-2021-03-07-a-las-13.08.44-768x658.png 768w\" sizes=\"auto, (max-width: 604px) 100vw, 604px\" \/><\/p>\n","protected":false},"excerpt":{"rendered":"<p>Com ja sabeu, els divendres als matins els infants de P5 de la classe dels papers, fem una sortida pels [&hellip;]<\/p>\n","protected":false},"author":1,"featured_media":3786,"comment_status":"open","ping_status":"closed","sticky":false,"template":"","format":"standard","meta":{"_bbp_topic_count":0,"_bbp_reply_count":0,"_bbp_total_topic_count":0,"_bbp_total_reply_count":0,"_bbp_voice_count":0,"_bbp_anonymous_reply_count":0,"_bbp_topic_count_hidden":0,"_bbp_reply_count_hidden":0,"_bbp_forum_subforum_count":0,"site-sidebar-layout":"default","site-content-layout":"","ast-site-content-layout":"","site-content-style":"default","site-sidebar-style":"default","ast-global-header-display":"","ast-banner-title-visibility":"","ast-main-header-display":"","ast-hfb-above-header-display":"","ast-hfb-below-header-display":"","ast-hfb-mobile-header-display":"","site-post-title":"","ast-breadcrumbs-content":"","ast-featured-img":"","footer-sml-layout":"","theme-transparent-header-meta":"","adv-header-id-meta":"","stick-header-meta":"","header-above-stick-meta":"","header-main-stick-meta":"","header-below-stick-meta":"","astra-migrate-meta-layouts":"default","ast-page-background-enabled":"default","ast-page-background-meta":{"desktop":{"background-color":"var(--ast-global-color-4)","background-image":"","background-repeat":"repeat","background-position":"center center","background-size":"auto","background-attachment":"scroll","background-type":"","background-media":"","overlay-type":"","overlay-color":"","overlay-opacity":"","overlay-gradient":""},"tablet":{"background-color":"","background-image":"","background-repeat":"repeat","background-position":"center center","background-size":"auto","background-attachment":"scroll","background-type":"","background-media":"","overlay-type":"","overlay-color":"","overlay-opacity":"","overlay-gradient":""},"mobile":{"background-color":"","background-image":"","background-repeat":"repeat","background-position":"center center","background-size":"auto","background-attachment":"scroll","background-type":"","background-media":"","overlay-type":"","overlay-color":"","overlay-opacity":"","overlay-gradient":""}},"ast-content-background-meta":{"desktop":{"background-color":"var(--ast-global-color-5)","background-image":"","background-repeat":"repeat","background-position":"center center","background-size":"auto","background-attachment":"scroll","background-type":"","background-media":"","overlay-type":"","overlay-color":"","overlay-opacity":"","overlay-gradient":""},"tablet":{"background-color":"var(--ast-global-color-5)","background-image":"","background-repeat":"repeat","background-position":"center center","background-size":"auto","background-attachment":"scroll","background-type":"","background-media":"","overlay-type":"","overlay-color":"","overlay-opacity":"","overlay-gradient":""},"mobile":{"background-color":"var(--ast-global-color-5)","background-image":"","background-repeat":"repeat","background-position":"center center","background-size":"auto","background-attachment":"scroll","background-type":"","background-media":"","overlay-type":"","overlay-color":"","overlay-opacity":"","overlay-gradient":""}},"footnotes":""},"categories":[1,4],"tags":[91,79,52],"class_list":["post-3785","post","type-post","status-publish","format-standard","has-post-thumbnail","hentry","category-general","category-portada","tag-comunitat-de-petits","tag-curs-20-21","tag-i5"],"post_mailing_queue_ids":[],"_links":{"self":[{"href":"https:\/\/agora.xtec.cat\/ceipcescaldea\/wp-json\/wp\/v2\/posts\/3785","targetHints":{"allow":["GET"]}}],"collection":[{"href":"https:\/\/agora.xtec.cat\/ceipcescaldea\/wp-json\/wp\/v2\/posts"}],"about":[{"href":"https:\/\/agora.xtec.cat\/ceipcescaldea\/wp-json\/wp\/v2\/types\/post"}],"author":[{"embeddable":true,"href":"https:\/\/agora.xtec.cat\/ceipcescaldea\/wp-json\/wp\/v2\/users\/1"}],"replies":[{"embeddable":true,"href":"https:\/\/agora.xtec.cat\/ceipcescaldea\/wp-json\/wp\/v2\/comments?post=3785"}],"version-history":[{"count":2,"href":"https:\/\/agora.xtec.cat\/ceipcescaldea\/wp-json\/wp\/v2\/posts\/3785\/revisions"}],"predecessor-version":[{"id":3788,"href":"https:\/\/agora.xtec.cat\/ceipcescaldea\/wp-json\/wp\/v2\/posts\/3785\/revisions\/3788"}],"wp:featuredmedia":[{"embeddable":true,"href":"https:\/\/agora.xtec.cat\/ceipcescaldea\/wp-json\/wp\/v2\/media\/3786"}],"wp:attachment":[{"href":"https:\/\/agora.xtec.cat\/ceipcescaldea\/wp-json\/wp\/v2\/media?parent=3785"}],"wp:term":[{"taxonomy":"category","embeddable":true,"href":"https:\/\/agora.xtec.cat\/ceipcescaldea\/wp-json\/wp\/v2\/categories?post=3785"},{"taxonomy":"post_tag","embeddable":true,"href":"https:\/\/agora.xtec.cat\/ceipcescaldea\/wp-json\/wp\/v2\/tags?post=3785"}],"curies":[{"name":"wp","href":"https:\/\/api.w.org\/{rel}","templated":true}]}}