{"id":3770,"date":"2021-02-28T19:22:07","date_gmt":"2021-02-28T18:22:07","guid":{"rendered":"http:\/\/agora.xtec.cat\/ceipcescaldea\/?p=3770"},"modified":"2021-02-28T19:22:07","modified_gmt":"2021-02-28T18:22:07","slug":"mesurem-la-contaminacio-4t","status":"publish","type":"post","link":"https:\/\/agora.xtec.cat\/ceipcescaldea\/general\/mesurem-la-contaminacio-4t\/","title":{"rendered":"MESUREM LA CONTAMINACI\u00d3 (4t)"},"content":{"rendered":"<p style=\"text-align: justify;\">El passat divendres els nens i nenes del grup de 4rt van anar fins a la Rambla per fer una mesura de la contaminaci\u00f3 que hi ha a la nostra ciutat. Van descobrir que els gasos, el soroll i les llums artificials suposen diferents formes de contaminaci\u00f3 i que tots ells poden afectar a la nostra salut.<\/p>\n<p><img loading=\"lazy\" decoding=\"async\" class=\"aligncenter size-large wp-image-3771\" src=\"https:\/\/agora.xtec.cat\/ceipcescaldea\/wp-content\/uploads\/usu863\/2021\/02\/Captura-de-pantalla-2021-02-28-a-las-19.20.58-1024x488.png\" alt=\"\" width=\"1024\" height=\"488\" srcset=\"https:\/\/agora.xtec.cat\/ceipcescaldea\/wp-content\/uploads\/usu863\/2021\/02\/Captura-de-pantalla-2021-02-28-a-las-19.20.58-1024x488.png 1024w, https:\/\/agora.xtec.cat\/ceipcescaldea\/wp-content\/uploads\/usu863\/2021\/02\/Captura-de-pantalla-2021-02-28-a-las-19.20.58-300x143.png 300w, https:\/\/agora.xtec.cat\/ceipcescaldea\/wp-content\/uploads\/usu863\/2021\/02\/Captura-de-pantalla-2021-02-28-a-las-19.20.58-768x366.png 768w, https:\/\/agora.xtec.cat\/ceipcescaldea\/wp-content\/uploads\/usu863\/2021\/02\/Captura-de-pantalla-2021-02-28-a-las-19.20.58.png 1418w\" sizes=\"auto, (max-width: 1024px) 100vw, 1024px\" \/><\/p>\n<p style=\"text-align: justify;\">Van visitar una cabina de control atmosf\u00e8ric de tipus urbana i van anotar amb instruments de mesura els par\u00e0metres reals de contaminaci\u00f3.<\/p>\n<p style=\"text-align: justify;\">Aquestes activitats ens fan m\u00e9s conscients\u00a0 de la contaminaci\u00f3 que ens envolta i de tot el que tenim al nostre abast per poder canviar aquesta realitat!<\/p>\n<p>Podeu veure les fotos clicant <a href=\"https:\/\/agora.xtec.cat\/ceipcescaldea\/fotos-4t-19-20\/\" target=\"_blank\" rel=\"noopener noreferrer\">AQU\u00cd<\/a><\/p>\n<p>&nbsp;<\/p>\n","protected":false},"excerpt":{"rendered":"<p>El passat divendres els nens i nenes del grup de 4rt van anar fins a la Rambla per fer una [&hellip;]<\/p>\n","protected":false},"author":1,"featured_media":3771,"comment_status":"open","ping_status":"closed","sticky":false,"template":"","format":"standard","meta":{"_bbp_topic_count":0,"_bbp_reply_count":0,"_bbp_total_topic_count":0,"_bbp_total_reply_count":0,"_bbp_voice_count":0,"_bbp_anonymous_reply_count":0,"_bbp_topic_count_hidden":0,"_bbp_reply_count_hidden":0,"_bbp_forum_subforum_count":0,"site-sidebar-layout":"default","site-content-layout":"","ast-site-content-layout":"","site-content-style":"default","site-sidebar-style":"default","ast-global-header-display":"","ast-banner-title-visibility":"","ast-main-header-display":"","ast-hfb-above-header-display":"","ast-hfb-below-header-display":"","ast-hfb-mobile-header-display":"","site-post-title":"","ast-breadcrumbs-content":"","ast-featured-img":"","footer-sml-layout":"","theme-transparent-header-meta":"","adv-header-id-meta":"","stick-header-meta":"","header-above-stick-meta":"","header-main-stick-meta":"","header-below-stick-meta":"","astra-migrate-meta-layouts":"default","ast-page-background-enabled":"default","ast-page-background-meta":{"desktop":{"background-color":"var(--ast-global-color-4)","background-image":"","background-repeat":"repeat","background-position":"center center","background-size":"auto","background-attachment":"scroll","background-type":"","background-media":"","overlay-type":"","overlay-color":"","overlay-opacity":"","overlay-gradient":""},"tablet":{"background-color":"","background-image":"","background-repeat":"repeat","background-position":"center center","background-size":"auto","background-attachment":"scroll","background-type":"","background-media":"","overlay-type":"","overlay-color":"","overlay-opacity":"","overlay-gradient":""},"mobile":{"background-color":"","background-image":"","background-repeat":"repeat","background-position":"center center","background-size":"auto","background-attachment":"scroll","background-type":"","background-media":"","overlay-type":"","overlay-color":"","overlay-opacity":"","overlay-gradient":""}},"ast-content-background-meta":{"desktop":{"background-color":"var(--ast-global-color-5)","background-image":"","background-repeat":"repeat","background-position":"center center","background-size":"auto","background-attachment":"scroll","background-type":"","background-media":"","overlay-type":"","overlay-color":"","overlay-opacity":"","overlay-gradient":""},"tablet":{"background-color":"var(--ast-global-color-5)","background-image":"","background-repeat":"repeat","background-position":"center center","background-size":"auto","background-attachment":"scroll","background-type":"","background-media":"","overlay-type":"","overlay-color":"","overlay-opacity":"","overlay-gradient":""},"mobile":{"background-color":"var(--ast-global-color-5)","background-image":"","background-repeat":"repeat","background-position":"center center","background-size":"auto","background-attachment":"scroll","background-type":"","background-media":"","overlay-type":"","overlay-color":"","overlay-opacity":"","overlay-gradient":""}},"footnotes":""},"categories":[1,4],"tags":[92,95,79,16],"class_list":["post-3770","post","type-post","status-publish","format-standard","has-post-thumbnail","hentry","category-general","category-portada","tag-4t","tag-comunitat-de-grans","tag-curs-20-21","tag-sortides"],"post_mailing_queue_ids":[],"_links":{"self":[{"href":"https:\/\/agora.xtec.cat\/ceipcescaldea\/wp-json\/wp\/v2\/posts\/3770","targetHints":{"allow":["GET"]}}],"collection":[{"href":"https:\/\/agora.xtec.cat\/ceipcescaldea\/wp-json\/wp\/v2\/posts"}],"about":[{"href":"https:\/\/agora.xtec.cat\/ceipcescaldea\/wp-json\/wp\/v2\/types\/post"}],"author":[{"embeddable":true,"href":"https:\/\/agora.xtec.cat\/ceipcescaldea\/wp-json\/wp\/v2\/users\/1"}],"replies":[{"embeddable":true,"href":"https:\/\/agora.xtec.cat\/ceipcescaldea\/wp-json\/wp\/v2\/comments?post=3770"}],"version-history":[{"count":1,"href":"https:\/\/agora.xtec.cat\/ceipcescaldea\/wp-json\/wp\/v2\/posts\/3770\/revisions"}],"predecessor-version":[{"id":3772,"href":"https:\/\/agora.xtec.cat\/ceipcescaldea\/wp-json\/wp\/v2\/posts\/3770\/revisions\/3772"}],"wp:featuredmedia":[{"embeddable":true,"href":"https:\/\/agora.xtec.cat\/ceipcescaldea\/wp-json\/wp\/v2\/media\/3771"}],"wp:attachment":[{"href":"https:\/\/agora.xtec.cat\/ceipcescaldea\/wp-json\/wp\/v2\/media?parent=3770"}],"wp:term":[{"taxonomy":"category","embeddable":true,"href":"https:\/\/agora.xtec.cat\/ceipcescaldea\/wp-json\/wp\/v2\/categories?post=3770"},{"taxonomy":"post_tag","embeddable":true,"href":"https:\/\/agora.xtec.cat\/ceipcescaldea\/wp-json\/wp\/v2\/tags?post=3770"}],"curies":[{"name":"wp","href":"https:\/\/api.w.org\/{rel}","templated":true}]}}