{"id":3766,"date":"2021-02-28T18:45:59","date_gmt":"2021-02-28T17:45:59","guid":{"rendered":"http:\/\/agora.xtec.cat\/ceipcescaldea\/?p=3766"},"modified":"2021-02-28T18:45:59","modified_gmt":"2021-02-28T17:45:59","slug":"carnestoltes-a-la-comunitat-de-petits","status":"publish","type":"post","link":"https:\/\/agora.xtec.cat\/ceipcescaldea\/general\/carnestoltes-a-la-comunitat-de-petits\/","title":{"rendered":"CARNESTOLTES A LA COMUNITAT DE PETITS"},"content":{"rendered":"<p style=\"font-weight: 400;\"><img loading=\"lazy\" decoding=\"async\" class=\"wp-image-3767 alignleft\" src=\"https:\/\/agora.xtec.cat\/ceipcescaldea\/wp-content\/uploads\/usu863\/2021\/02\/Captura-de-pantalla-2021-02-28-a-las-18.43.29-1024x649.png\" alt=\"\" width=\"300\" height=\"190\" srcset=\"https:\/\/agora.xtec.cat\/ceipcescaldea\/wp-content\/uploads\/usu863\/2021\/02\/Captura-de-pantalla-2021-02-28-a-las-18.43.29-1024x649.png 1024w, https:\/\/agora.xtec.cat\/ceipcescaldea\/wp-content\/uploads\/usu863\/2021\/02\/Captura-de-pantalla-2021-02-28-a-las-18.43.29-300x190.png 300w, https:\/\/agora.xtec.cat\/ceipcescaldea\/wp-content\/uploads\/usu863\/2021\/02\/Captura-de-pantalla-2021-02-28-a-las-18.43.29-768x487.png 768w, https:\/\/agora.xtec.cat\/ceipcescaldea\/wp-content\/uploads\/usu863\/2021\/02\/Captura-de-pantalla-2021-02-28-a-las-18.43.29.png 1044w\" sizes=\"auto, (max-width: 300px) 100vw, 300px\" \/>El Febrer va arribar i amb aquest una de les setmanes m\u00e9s boges del curs. Parlem de la festa del Carnestoltes.<\/p>\n<p style=\"font-weight: 400;\">El dilluns vam rebre a la reina Carnestoltes. Els nens i les nenes de sis\u00e8 ens van esmentar les diferents consignes, que la reina Carnestoltes establia per cada dia de la semana:\u00a0<em>sabates diferents, caps decorats, portar pijama a l\u2019escola i vestir-nos d\u2019un color<\/em>.<\/p>\n<p style=\"font-weight: 400;\">Cada tarda els nens i nenes de l\u2019escola es trobaven a la pista per ballar i per veure si hav\u00edem dut a terme la consigna d\u2019aquell dia.<\/p>\n<p style=\"font-weight: 400;\">Tamb\u00e9 vam celebrar el Dijous Gras, esmorzant un entrep\u00e0 de truita o butifarra. Pr\u00e8viament vam fer una volta per l\u2019entorn, cercant un bon espai per esmorzar.<\/p>\n<p style=\"font-weight: 400;\">El divendres al mat\u00ed vam fer un taller de m\u00e0scares i despr\u00e8s vam gaudir d\u2019una xocolatada, gr\u00e0cies a l\u2019AFA.<\/p>\n<p style=\"font-weight: 400;\">A la tarda tothom es va disfressar i vam fer una gran festa!<\/p>\n<p>Si voleu veure les fotos, cliqueu <a href=\"https:\/\/agora.xtec.cat\/ceipcescaldea\/fotos-de-festes-i-activitats\/\" target=\"_blank\" rel=\"noopener noreferrer\">AQU\u00cd<\/a><\/p>\n<p>&nbsp;<\/p>\n","protected":false},"excerpt":{"rendered":"<p>El Febrer va arribar i amb aquest una de les setmanes m\u00e9s boges del curs. Parlem de la festa del [&hellip;]<\/p>\n","protected":false},"author":1,"featured_media":3767,"comment_status":"open","ping_status":"closed","sticky":false,"template":"","format":"standard","meta":{"_bbp_topic_count":0,"_bbp_reply_count":0,"_bbp_total_topic_count":0,"_bbp_total_reply_count":0,"_bbp_voice_count":0,"_bbp_anonymous_reply_count":0,"_bbp_topic_count_hidden":0,"_bbp_reply_count_hidden":0,"_bbp_forum_subforum_count":0,"site-sidebar-layout":"default","site-content-layout":"","ast-site-content-layout":"","site-content-style":"default","site-sidebar-style":"default","ast-global-header-display":"","ast-banner-title-visibility":"","ast-main-header-display":"","ast-hfb-above-header-display":"","ast-hfb-below-header-display":"","ast-hfb-mobile-header-display":"","site-post-title":"","ast-breadcrumbs-content":"","ast-featured-img":"","footer-sml-layout":"","theme-transparent-header-meta":"","adv-header-id-meta":"","stick-header-meta":"","header-above-stick-meta":"","header-main-stick-meta":"","header-below-stick-meta":"","astra-migrate-meta-layouts":"default","ast-page-background-enabled":"default","ast-page-background-meta":{"desktop":{"background-color":"var(--ast-global-color-4)","background-image":"","background-repeat":"repeat","background-position":"center center","background-size":"auto","background-attachment":"scroll","background-type":"","background-media":"","overlay-type":"","overlay-color":"","overlay-opacity":"","overlay-gradient":""},"tablet":{"background-color":"","background-image":"","background-repeat":"repeat","background-position":"center center","background-size":"auto","background-attachment":"scroll","background-type":"","background-media":"","overlay-type":"","overlay-color":"","overlay-opacity":"","overlay-gradient":""},"mobile":{"background-color":"","background-image":"","background-repeat":"repeat","background-position":"center center","background-size":"auto","background-attachment":"scroll","background-type":"","background-media":"","overlay-type":"","overlay-color":"","overlay-opacity":"","overlay-gradient":""}},"ast-content-background-meta":{"desktop":{"background-color":"var(--ast-global-color-5)","background-image":"","background-repeat":"repeat","background-position":"center center","background-size":"auto","background-attachment":"scroll","background-type":"","background-media":"","overlay-type":"","overlay-color":"","overlay-opacity":"","overlay-gradient":""},"tablet":{"background-color":"var(--ast-global-color-5)","background-image":"","background-repeat":"repeat","background-position":"center center","background-size":"auto","background-attachment":"scroll","background-type":"","background-media":"","overlay-type":"","overlay-color":"","overlay-opacity":"","overlay-gradient":""},"mobile":{"background-color":"var(--ast-global-color-5)","background-image":"","background-repeat":"repeat","background-position":"center center","background-size":"auto","background-attachment":"scroll","background-type":"","background-media":"","overlay-type":"","overlay-color":"","overlay-opacity":"","overlay-gradient":""}},"footnotes":""},"categories":[1,4],"tags":[68,91,79,81,50,51,52],"class_list":["post-3766","post","type-post","status-publish","format-standard","has-post-thumbnail","hentry","category-general","category-portada","tag-carnestoltes","tag-comunitat-de-petits","tag-curs-20-21","tag-festes","tag-i3","tag-i4","tag-i5"],"post_mailing_queue_ids":[],"_links":{"self":[{"href":"https:\/\/agora.xtec.cat\/ceipcescaldea\/wp-json\/wp\/v2\/posts\/3766","targetHints":{"allow":["GET"]}}],"collection":[{"href":"https:\/\/agora.xtec.cat\/ceipcescaldea\/wp-json\/wp\/v2\/posts"}],"about":[{"href":"https:\/\/agora.xtec.cat\/ceipcescaldea\/wp-json\/wp\/v2\/types\/post"}],"author":[{"embeddable":true,"href":"https:\/\/agora.xtec.cat\/ceipcescaldea\/wp-json\/wp\/v2\/users\/1"}],"replies":[{"embeddable":true,"href":"https:\/\/agora.xtec.cat\/ceipcescaldea\/wp-json\/wp\/v2\/comments?post=3766"}],"version-history":[{"count":1,"href":"https:\/\/agora.xtec.cat\/ceipcescaldea\/wp-json\/wp\/v2\/posts\/3766\/revisions"}],"predecessor-version":[{"id":3768,"href":"https:\/\/agora.xtec.cat\/ceipcescaldea\/wp-json\/wp\/v2\/posts\/3766\/revisions\/3768"}],"wp:featuredmedia":[{"embeddable":true,"href":"https:\/\/agora.xtec.cat\/ceipcescaldea\/wp-json\/wp\/v2\/media\/3767"}],"wp:attachment":[{"href":"https:\/\/agora.xtec.cat\/ceipcescaldea\/wp-json\/wp\/v2\/media?parent=3766"}],"wp:term":[{"taxonomy":"category","embeddable":true,"href":"https:\/\/agora.xtec.cat\/ceipcescaldea\/wp-json\/wp\/v2\/categories?post=3766"},{"taxonomy":"post_tag","embeddable":true,"href":"https:\/\/agora.xtec.cat\/ceipcescaldea\/wp-json\/wp\/v2\/tags?post=3766"}],"curies":[{"name":"wp","href":"https:\/\/api.w.org\/{rel}","templated":true}]}}