{"id":3752,"date":"2021-02-19T19:35:46","date_gmt":"2021-02-19T18:35:46","guid":{"rendered":"http:\/\/agora.xtec.cat\/ceipcescaldea\/?p=3752"},"modified":"2021-02-19T19:35:46","modified_gmt":"2021-02-19T18:35:46","slug":"animals-humanitzats-3r","status":"publish","type":"post","link":"https:\/\/agora.xtec.cat\/ceipcescaldea\/general\/animals-humanitzats-3r\/","title":{"rendered":"ANIMALS HUMANITZATS (3r)"},"content":{"rendered":"<p>El projecte de llengua d\u2019aquest curs ens ha portat a con\u00e8ixer un munt de personatges de la literatura infantil. Entre tots ells, trobem als animals humanitzats que s\u00f3n aquells que tenen caracter\u00edstiques humanes: parlen, caminen a dues potes, porten roba, etc.<\/p>\n<p><img loading=\"lazy\" decoding=\"async\" class=\" wp-image-3749 alignright\" src=\"https:\/\/agora.xtec.cat\/ceipcescaldea\/wp-content\/uploads\/usu863\/2021\/02\/Captura-de-pantalla-2021-02-19-a-las-19.32.52.png\" alt=\"\" width=\"219\" height=\"187\" srcset=\"https:\/\/agora.xtec.cat\/ceipcescaldea\/wp-content\/uploads\/usu863\/2021\/02\/Captura-de-pantalla-2021-02-19-a-las-19.32.52.png 602w, https:\/\/agora.xtec.cat\/ceipcescaldea\/wp-content\/uploads\/usu863\/2021\/02\/Captura-de-pantalla-2021-02-19-a-las-19.32.52-300x256.png 300w\" sizes=\"auto, (max-width: 219px) 100vw, 219px\" \/>Un dels objectius del curs \u00e9s analitzar el paper d\u2019aquests personatges en els contes i per grups crear-ne un. Despr\u00e9s de pensar, dissenyar i donar vida al nostre animal humanitzat (amb materials reutilitzats), aqu\u00ed tenim el resultat.<\/p>\n<p><a href=\"https:\/\/agora.xtec.cat\/ceipcescaldea\/fotos-3r-19-20\/\" target=\"_blank\" rel=\"noopener noreferrer\">AQU\u00cd<\/a> teniu les fotografies i els v\u00eddeos de presentaci\u00f3 que han fet les M\u00f2mies eg\u00edpcies de 3r. Esperem que gaudiu tant veient-los com nosaltres elaborant-los!<\/p>\n","protected":false},"excerpt":{"rendered":"<p>El projecte de llengua d\u2019aquest curs ens ha portat a con\u00e8ixer un munt de personatges de la literatura infantil. Entre [&hellip;]<\/p>\n","protected":false},"author":1,"featured_media":3749,"comment_status":"open","ping_status":"closed","sticky":false,"template":"","format":"standard","meta":{"_bbp_topic_count":0,"_bbp_reply_count":0,"_bbp_total_topic_count":0,"_bbp_total_reply_count":0,"_bbp_voice_count":0,"_bbp_anonymous_reply_count":0,"_bbp_topic_count_hidden":0,"_bbp_reply_count_hidden":0,"_bbp_forum_subforum_count":0,"site-sidebar-layout":"default","site-content-layout":"","ast-site-content-layout":"","site-content-style":"default","site-sidebar-style":"default","ast-global-header-display":"","ast-banner-title-visibility":"","ast-main-header-display":"","ast-hfb-above-header-display":"","ast-hfb-below-header-display":"","ast-hfb-mobile-header-display":"","site-post-title":"","ast-breadcrumbs-content":"","ast-featured-img":"","footer-sml-layout":"","theme-transparent-header-meta":"","adv-header-id-meta":"","stick-header-meta":"","header-above-stick-meta":"","header-main-stick-meta":"","header-below-stick-meta":"","astra-migrate-meta-layouts":"default","ast-page-background-enabled":"default","ast-page-background-meta":{"desktop":{"background-color":"var(--ast-global-color-4)","background-image":"","background-repeat":"repeat","background-position":"center center","background-size":"auto","background-attachment":"scroll","background-type":"","background-media":"","overlay-type":"","overlay-color":"","overlay-opacity":"","overlay-gradient":""},"tablet":{"background-color":"","background-image":"","background-repeat":"repeat","background-position":"center center","background-size":"auto","background-attachment":"scroll","background-type":"","background-media":"","overlay-type":"","overlay-color":"","overlay-opacity":"","overlay-gradient":""},"mobile":{"background-color":"","background-image":"","background-repeat":"repeat","background-position":"center center","background-size":"auto","background-attachment":"scroll","background-type":"","background-media":"","overlay-type":"","overlay-color":"","overlay-opacity":"","overlay-gradient":""}},"ast-content-background-meta":{"desktop":{"background-color":"var(--ast-global-color-5)","background-image":"","background-repeat":"repeat","background-position":"center center","background-size":"auto","background-attachment":"scroll","background-type":"","background-media":"","overlay-type":"","overlay-color":"","overlay-opacity":"","overlay-gradient":""},"tablet":{"background-color":"var(--ast-global-color-5)","background-image":"","background-repeat":"repeat","background-position":"center center","background-size":"auto","background-attachment":"scroll","background-type":"","background-media":"","overlay-type":"","overlay-color":"","overlay-opacity":"","overlay-gradient":""},"mobile":{"background-color":"var(--ast-global-color-5)","background-image":"","background-repeat":"repeat","background-position":"center center","background-size":"auto","background-attachment":"scroll","background-type":"","background-media":"","overlay-type":"","overlay-color":"","overlay-opacity":"","overlay-gradient":""}},"footnotes":""},"categories":[1,4],"tags":[93,94,79,57],"class_list":["post-3752","post","type-post","status-publish","format-standard","has-post-thumbnail","hentry","category-general","category-portada","tag-3r","tag-comunitat-de-mitjans","tag-curs-20-21","tag-literatura"],"post_mailing_queue_ids":[],"_links":{"self":[{"href":"https:\/\/agora.xtec.cat\/ceipcescaldea\/wp-json\/wp\/v2\/posts\/3752","targetHints":{"allow":["GET"]}}],"collection":[{"href":"https:\/\/agora.xtec.cat\/ceipcescaldea\/wp-json\/wp\/v2\/posts"}],"about":[{"href":"https:\/\/agora.xtec.cat\/ceipcescaldea\/wp-json\/wp\/v2\/types\/post"}],"author":[{"embeddable":true,"href":"https:\/\/agora.xtec.cat\/ceipcescaldea\/wp-json\/wp\/v2\/users\/1"}],"replies":[{"embeddable":true,"href":"https:\/\/agora.xtec.cat\/ceipcescaldea\/wp-json\/wp\/v2\/comments?post=3752"}],"version-history":[{"count":1,"href":"https:\/\/agora.xtec.cat\/ceipcescaldea\/wp-json\/wp\/v2\/posts\/3752\/revisions"}],"predecessor-version":[{"id":3753,"href":"https:\/\/agora.xtec.cat\/ceipcescaldea\/wp-json\/wp\/v2\/posts\/3752\/revisions\/3753"}],"wp:featuredmedia":[{"embeddable":true,"href":"https:\/\/agora.xtec.cat\/ceipcescaldea\/wp-json\/wp\/v2\/media\/3749"}],"wp:attachment":[{"href":"https:\/\/agora.xtec.cat\/ceipcescaldea\/wp-json\/wp\/v2\/media?parent=3752"}],"wp:term":[{"taxonomy":"category","embeddable":true,"href":"https:\/\/agora.xtec.cat\/ceipcescaldea\/wp-json\/wp\/v2\/categories?post=3752"},{"taxonomy":"post_tag","embeddable":true,"href":"https:\/\/agora.xtec.cat\/ceipcescaldea\/wp-json\/wp\/v2\/tags?post=3752"}],"curies":[{"name":"wp","href":"https:\/\/api.w.org\/{rel}","templated":true}]}}