{"id":3723,"date":"2021-02-16T11:49:52","date_gmt":"2021-02-16T10:49:52","guid":{"rendered":"http:\/\/agora.xtec.cat\/ceipcescaldea\/?p=3723"},"modified":"2022-09-14T14:34:08","modified_gmt":"2022-09-14T12:34:08","slug":"portes-obertes-2021","status":"publish","type":"post","link":"https:\/\/agora.xtec.cat\/ceipcescaldea\/general\/portes-obertes-2021\/","title":{"rendered":"PREINSCRIPCI\u00d3 CURS 2022 &#8211;  2023"},"content":{"rendered":"<p><strong>LLISTES ASSIGNATS I ESPERA<\/strong><\/p>\n<p>Consulteu llista d&#8217;alumnes assignats al centre clicant <a href=\"https:\/\/drive.google.com\/file\/d\/1swCo2r1WQ2AqjzEf2Xd0yUWrYoyAQpAf\/view?usp=sharing\" target=\"_blank\" rel=\"noopener\">AQU\u00cd<\/a>.<\/p>\n<p>Consulteu llista d&#8217;alumnes en llista d&#8217;espera clicant <a href=\"https:\/\/drive.google.com\/file\/d\/1kuKTEj5gErJVhUZT97kU9QpVXMqeXm22\/view?usp=sharing\" target=\"_blank\" rel=\"noopener\">AQU\u00cd<\/a>.<\/p>\n<p>&nbsp;<\/p>\n<p><strong>OFERTA DEFINITIVA DE PLACES<\/strong><\/p>\n<p>Podeu consultar l&#8217;oferta definitiva de places clicant <a href=\"https:\/\/drive.google.com\/file\/d\/1OFCwpGUSuK0kZG3tB9umQM57kuQ4nlNT\/view?usp=sharing\" target=\"_blank\" rel=\"noopener\">AQU\u00cd<\/a>.<\/p>\n<p>&nbsp;<\/p>\n<p><strong>LLISTES BAREMADES<\/strong><\/p>\n<p>Podeu consultar el llistat amb la baremaci\u00f3 definitiva ordenada clicant <a href=\"https:\/\/drive.google.com\/file\/d\/1ip6el98s_mb9VUp59cGhzYT09DTT9KvD\/view?usp=sharing\" target=\"_blank\" rel=\"noopener\">AQU\u00cd<\/a>.<\/p>\n<p>&nbsp;<\/p>\n<p><strong>BAREM DEFINITIU<\/strong><\/p>\n<p>Podeu consultar el llistat amb puntuaci\u00f3 definitiva clicant <a href=\"https:\/\/drive.google.com\/file\/d\/1EnFku4-PSxdAu4ldTNqF2npw-19MIZaO\/view?usp=sharing\" target=\"_blank\" rel=\"noopener\">AQU\u00cd<\/a>.<\/p>\n<p>&nbsp;<\/p>\n<p><strong>BAREM PROVISIONAL<\/strong><\/p>\n<p>Podreu consultar el llistat provisional amb puntuaci\u00f3 clicant <a href=\"https:\/\/drive.google.com\/file\/d\/18Bk9PuD2ATORtgxXKqB3gfAqa5KdOERz\/view?usp=sharing\" target=\"_blank\" rel=\"noopener\">AQU\u00cd<\/a>.<\/p>\n<p>&nbsp;<\/p>\n<p><strong>OFERTA INICIAL DE PLACES<\/strong><\/p>\n<p>A 4 de mar\u00e7, seguint el calendari, publiquem l&#8217;oferta inicial de places per a la nostra escola. Consulteu el document <a href=\"https:\/\/drive.google.com\/file\/d\/1Ixvg-pO91-i3hImpB758MyrIo3BNZRGr\/view?usp=sharing\" target=\"_blank\" rel=\"noopener\">AQU\u00cd<\/a>.<\/p>\n<p>&nbsp;<\/p>\n<p><strong>PROC\u00c9S DE PREINSCRIPCI\u00d3<\/strong><\/p>\n<p>A la web del Departament d&#8217;Educaci\u00f3 trobareu tota la informaci\u00f3 per tal de fer la preinscripci\u00f3 online: <a href=\"https:\/\/preinscripcio.gencat.cat\/ca\/estudis\/infantil-3-6\/inici\/\">https:\/\/preinscripcio.gencat.cat\/ca\/estudis\/infantil-3-6\/inici\/<\/a><\/p>\n<p>Aqu\u00ed us deixem un v\u00eddeo sobre com emplenar la sol\u00b7licitud<\/p>\n<p><iframe loading=\"lazy\" src=\"\/\/www.youtube.com\/embed\/0kztL1IQD4c\" width=\"560\" height=\"314\" allowfullscreen=\"allowfullscreen\"><\/iframe><\/p>\n<p>Si teniu dubtes o necessiteu ajuda, truqueu-nos al <strong>937842007<\/strong>.<\/p>\n<p>&nbsp;<\/p>\n<p><strong>PORTES OBERTES<\/strong><\/p>\n<p>Dimecres <span style=\"color: #33cccc;\"><strong>2 de mar\u00e7 a les 17h<\/strong><\/span>. Cal cita pr\u00e8via per tal de garantir les mesures COVID. Per demanar-la, truqueu-nos al <strong>937842007<\/strong> o feu-nos un correu electr\u00f2nic a l&#8217;adre\u00e7a <strong>a8041246@xtec.cat<\/strong><\/p>\n<p>&nbsp;<\/p>\n<p><strong>LA NOSTRA ESCOLA<\/strong><\/p>\n<p>Ens podreu con\u00e8ixer el dia de les jornades. Mentrestant us animem a llegir els diferents articles de la web aix\u00ed com not\u00edcies sobre nosaltres a l&#8217;apartat &#8220;ress\u00f3 medi\u00e0tic&#8221;. Tamb\u00e9 us deixem un v\u00eddeo de presentaci\u00f3.<\/p>\n<p><iframe loading=\"lazy\" src=\"\/\/www.youtube.com\/embed\/1js0dswpbVQ?feature=youtu\" width=\"560\" height=\"314\"><\/iframe><\/p>\n<h4>Us hi esperem!<\/h4>\n","protected":false},"excerpt":{"rendered":"<p>LLISTES ASSIGNATS I ESPERA Consulteu llista d&#8217;alumnes assignats al centre clicant AQU\u00cd. Consulteu llista d&#8217;alumnes en llista d&#8217;espera clicant AQU\u00cd. [&hellip;]<\/p>\n","protected":false},"author":1,"featured_media":3724,"comment_status":"open","ping_status":"closed","sticky":false,"template":"","format":"standard","meta":{"_bbp_topic_count":0,"_bbp_reply_count":0,"_bbp_total_topic_count":0,"_bbp_total_reply_count":0,"_bbp_voice_count":0,"_bbp_anonymous_reply_count":0,"_bbp_topic_count_hidden":0,"_bbp_reply_count_hidden":0,"_bbp_forum_subforum_count":0,"site-sidebar-layout":"default","site-content-layout":"","ast-site-content-layout":"","site-content-style":"default","site-sidebar-style":"default","ast-global-header-display":"","ast-banner-title-visibility":"","ast-main-header-display":"","ast-hfb-above-header-display":"","ast-hfb-below-header-display":"","ast-hfb-mobile-header-display":"","site-post-title":"","ast-breadcrumbs-content":"","ast-featured-img":"","footer-sml-layout":"","theme-transparent-header-meta":"","adv-header-id-meta":"","stick-header-meta":"","header-above-stick-meta":"","header-main-stick-meta":"","header-below-stick-meta":"","astra-migrate-meta-layouts":"default","ast-page-background-enabled":"default","ast-page-background-meta":{"desktop":{"background-color":"var(--ast-global-color-4)","background-image":"","background-repeat":"repeat","background-position":"center center","background-size":"auto","background-attachment":"scroll","background-type":"","background-media":"","overlay-type":"","overlay-color":"","overlay-opacity":"","overlay-gradient":""},"tablet":{"background-color":"","background-image":"","background-repeat":"repeat","background-position":"center center","background-size":"auto","background-attachment":"scroll","background-type":"","background-media":"","overlay-type":"","overlay-color":"","overlay-opacity":"","overlay-gradient":""},"mobile":{"background-color":"","background-image":"","background-repeat":"repeat","background-position":"center center","background-size":"auto","background-attachment":"scroll","background-type":"","background-media":"","overlay-type":"","overlay-color":"","overlay-opacity":"","overlay-gradient":""}},"ast-content-background-meta":{"desktop":{"background-color":"var(--ast-global-color-5)","background-image":"","background-repeat":"repeat","background-position":"center center","background-size":"auto","background-attachment":"scroll","background-type":"","background-media":"","overlay-type":"","overlay-color":"","overlay-opacity":"","overlay-gradient":""},"tablet":{"background-color":"var(--ast-global-color-5)","background-image":"","background-repeat":"repeat","background-position":"center center","background-size":"auto","background-attachment":"scroll","background-type":"","background-media":"","overlay-type":"","overlay-color":"","overlay-opacity":"","overlay-gradient":""},"mobile":{"background-color":"var(--ast-global-color-5)","background-image":"","background-repeat":"repeat","background-position":"center center","background-size":"auto","background-attachment":"scroll","background-type":"","background-media":"","overlay-type":"","overlay-color":"","overlay-opacity":"","overlay-gradient":""}},"footnotes":""},"categories":[1,4],"tags":[80],"class_list":["post-3723","post","type-post","status-publish","format-standard","has-post-thumbnail","hentry","category-general","category-portada","tag-preinscripcio"],"post_mailing_queue_ids":[],"_links":{"self":[{"href":"https:\/\/agora.xtec.cat\/ceipcescaldea\/wp-json\/wp\/v2\/posts\/3723","targetHints":{"allow":["GET"]}}],"collection":[{"href":"https:\/\/agora.xtec.cat\/ceipcescaldea\/wp-json\/wp\/v2\/posts"}],"about":[{"href":"https:\/\/agora.xtec.cat\/ceipcescaldea\/wp-json\/wp\/v2\/types\/post"}],"author":[{"embeddable":true,"href":"https:\/\/agora.xtec.cat\/ceipcescaldea\/wp-json\/wp\/v2\/users\/1"}],"replies":[{"embeddable":true,"href":"https:\/\/agora.xtec.cat\/ceipcescaldea\/wp-json\/wp\/v2\/comments?post=3723"}],"version-history":[{"count":3,"href":"https:\/\/agora.xtec.cat\/ceipcescaldea\/wp-json\/wp\/v2\/posts\/3723\/revisions"}],"predecessor-version":[{"id":4327,"href":"https:\/\/agora.xtec.cat\/ceipcescaldea\/wp-json\/wp\/v2\/posts\/3723\/revisions\/4327"}],"wp:featuredmedia":[{"embeddable":true,"href":"https:\/\/agora.xtec.cat\/ceipcescaldea\/wp-json\/wp\/v2\/media\/3724"}],"wp:attachment":[{"href":"https:\/\/agora.xtec.cat\/ceipcescaldea\/wp-json\/wp\/v2\/media?parent=3723"}],"wp:term":[{"taxonomy":"category","embeddable":true,"href":"https:\/\/agora.xtec.cat\/ceipcescaldea\/wp-json\/wp\/v2\/categories?post=3723"},{"taxonomy":"post_tag","embeddable":true,"href":"https:\/\/agora.xtec.cat\/ceipcescaldea\/wp-json\/wp\/v2\/tags?post=3723"}],"curies":[{"name":"wp","href":"https:\/\/api.w.org\/{rel}","templated":true}]}}