{"id":3646,"date":"2021-01-10T22:21:35","date_gmt":"2021-01-10T21:21:35","guid":{"rendered":"http:\/\/agora.xtec.cat\/ceipcescaldea\/?p=3646"},"modified":"2021-01-11T22:26:24","modified_gmt":"2021-01-11T21:26:24","slug":"nadal-a-la-comunitat-de-grans","status":"publish","type":"post","link":"https:\/\/agora.xtec.cat\/ceipcescaldea\/general\/nadal-a-la-comunitat-de-grans\/","title":{"rendered":"NADAL A LA COMUNITAT DE GRANS"},"content":{"rendered":"<p><span style=\"font-weight: 400;\">Benvolgudes fam\u00edlies,<\/span><\/p>\n<p><span style=\"font-weight: 400;\">Aquesta \u00faltima setmana l\u2019horari ha variat una mica per poder rebre el Nadal com cal a l\u2019escola, i la comunitat de grans tamb\u00e9 ha fet activitats relacionades amb aquestes dates tan plenes de m\u00e0gia pels nens i nenes.<\/span><\/p>\n<p><span style=\"font-weight: 400;\">Despr\u00e9s de preparar la decoraci\u00f3 els i les alumnes de 6\u00e8 es van encarregar de gravar el concert de Nadal. Ells i elles tamb\u00e9 van cantar! Les can\u00e7ons han sigut les seg\u00fcents:<\/span><\/p>\n<p><img loading=\"lazy\" decoding=\"async\" class=\"wp-image-3647 alignleft\" src=\"https:\/\/agora.xtec.cat\/ceipcescaldea\/wp-content\/uploads\/usu863\/2021\/01\/Captura-de-pantalla-2021-01-10-a-las-22.13.46.png\" alt=\"\" width=\"422\" height=\"228\" srcset=\"https:\/\/agora.xtec.cat\/ceipcescaldea\/wp-content\/uploads\/usu863\/2021\/01\/Captura-de-pantalla-2021-01-10-a-las-22.13.46.png 986w, https:\/\/agora.xtec.cat\/ceipcescaldea\/wp-content\/uploads\/usu863\/2021\/01\/Captura-de-pantalla-2021-01-10-a-las-22.13.46-300x162.png 300w, https:\/\/agora.xtec.cat\/ceipcescaldea\/wp-content\/uploads\/usu863\/2021\/01\/Captura-de-pantalla-2021-01-10-a-las-22.13.46-768x414.png 768w\" sizes=\"auto, (max-width: 422px) 100vw, 422px\" \/><\/p>\n<p><span style=\"font-weight: 400;\">4rt<\/span><\/p>\n<p><span style=\"font-weight: 400;\">&#8211; Quan somrius<\/span><\/p>\n<p><span style=\"font-weight: 400;\">&#8211; All together now<\/span><\/p>\n<p><span style=\"font-weight: 400;\">5\u00e8<\/span><\/p>\n<p><span style=\"font-weight: 400;\">&#8211; El noi de la mare.\u00a0<\/span><\/p>\n<p><span style=\"font-weight: 400;\">&#8211; All I want for Christmas is you.<\/span><\/p>\n<p><span style=\"font-weight: 400;\">6\u00e8<\/span><\/p>\n<p><span style=\"font-weight: 400;\">&#8211; Aqu\u00ed \u00e9s Nadal i estic content!<\/span><\/p>\n<p><span style=\"font-weight: 400;\">&#8211; All I want for Christmas is you.<\/span><\/p>\n<p>&nbsp;<\/p>\n<p><b>DILLUNS 24<\/b><\/p>\n<p><span style=\"font-weight: 400;\">Els nens i nenes de 4rt recorren els patis per trobar el Ti\u00f3.<\/span><\/p>\n<p><img loading=\"lazy\" decoding=\"async\" class=\"aligncenter wp-image-3648\" src=\"https:\/\/agora.xtec.cat\/ceipcescaldea\/wp-content\/uploads\/usu863\/2021\/01\/Captura-de-pantalla-2021-01-10-a-las-22.15.51-1024x395.png\" alt=\"\" width=\"614\" height=\"237\" srcset=\"https:\/\/agora.xtec.cat\/ceipcescaldea\/wp-content\/uploads\/usu863\/2021\/01\/Captura-de-pantalla-2021-01-10-a-las-22.15.51-1024x395.png 1024w, https:\/\/agora.xtec.cat\/ceipcescaldea\/wp-content\/uploads\/usu863\/2021\/01\/Captura-de-pantalla-2021-01-10-a-las-22.15.51-300x116.png 300w, https:\/\/agora.xtec.cat\/ceipcescaldea\/wp-content\/uploads\/usu863\/2021\/01\/Captura-de-pantalla-2021-01-10-a-las-22.15.51-768x296.png 768w, https:\/\/agora.xtec.cat\/ceipcescaldea\/wp-content\/uploads\/usu863\/2021\/01\/Captura-de-pantalla-2021-01-10-a-las-22.15.51.png 1126w\" sizes=\"auto, (max-width: 614px) 100vw, 614px\" \/><\/p>\n<p><b>DIJOUS 27<\/b><\/p>\n<p><span style=\"font-weight: 400;\">Els i les alumnes van intercanviar les postals que havien fet pels seus fillols\/es.<\/span><\/p>\n<p><img loading=\"lazy\" decoding=\"async\" class=\"aligncenter wp-image-3649\" src=\"https:\/\/agora.xtec.cat\/ceipcescaldea\/wp-content\/uploads\/usu863\/2021\/01\/Captura-de-pantalla-2021-01-10-a-las-22.16.03-1024x324.png\" alt=\"\" width=\"715\" height=\"226\" srcset=\"https:\/\/agora.xtec.cat\/ceipcescaldea\/wp-content\/uploads\/usu863\/2021\/01\/Captura-de-pantalla-2021-01-10-a-las-22.16.03-1024x324.png 1024w, https:\/\/agora.xtec.cat\/ceipcescaldea\/wp-content\/uploads\/usu863\/2021\/01\/Captura-de-pantalla-2021-01-10-a-las-22.16.03-300x95.png 300w, https:\/\/agora.xtec.cat\/ceipcescaldea\/wp-content\/uploads\/usu863\/2021\/01\/Captura-de-pantalla-2021-01-10-a-las-22.16.03-768x243.png 768w, https:\/\/agora.xtec.cat\/ceipcescaldea\/wp-content\/uploads\/usu863\/2021\/01\/Captura-de-pantalla-2021-01-10-a-las-22.16.03.png 1036w\" sizes=\"auto, (max-width: 715px) 100vw, 715px\" \/><\/p>\n<p><span style=\"font-weight: 400;\">A la tarda van fer unes partides al Quinto. Fins i tot 6\u00e8 va jugar en modalitat online!<\/span><\/p>\n<p><img loading=\"lazy\" decoding=\"async\" class=\"aligncenter wp-image-3650\" src=\"https:\/\/agora.xtec.cat\/ceipcescaldea\/wp-content\/uploads\/usu863\/2021\/01\/Captura-de-pantalla-2021-01-10-a-las-22.16.15.png\" alt=\"\" width=\"330\" height=\"249\" srcset=\"https:\/\/agora.xtec.cat\/ceipcescaldea\/wp-content\/uploads\/usu863\/2021\/01\/Captura-de-pantalla-2021-01-10-a-las-22.16.15.png 536w, https:\/\/agora.xtec.cat\/ceipcescaldea\/wp-content\/uploads\/usu863\/2021\/01\/Captura-de-pantalla-2021-01-10-a-las-22.16.15-300x226.png 300w, https:\/\/agora.xtec.cat\/ceipcescaldea\/wp-content\/uploads\/usu863\/2021\/01\/Captura-de-pantalla-2021-01-10-a-las-22.16.15-200x150.png 200w\" sizes=\"auto, (max-width: 330px) 100vw, 330px\" \/><\/p>\n<p><b>DIVENDRES 18<\/b><\/p>\n<p><span style=\"font-weight: 400;\">Comencem el dia amb les lectures de Nadal i despr\u00e9s anem a veure als Reis Mags, que ens esperen per poder entregar les cartes.<\/span><\/p>\n<p><img loading=\"lazy\" decoding=\"async\" class=\"aligncenter wp-image-3651\" src=\"https:\/\/agora.xtec.cat\/ceipcescaldea\/wp-content\/uploads\/usu863\/2021\/01\/Captura-de-pantalla-2021-01-10-a-las-22.18.19-1024x327.png\" alt=\"\" width=\"543\" height=\"173\" srcset=\"https:\/\/agora.xtec.cat\/ceipcescaldea\/wp-content\/uploads\/usu863\/2021\/01\/Captura-de-pantalla-2021-01-10-a-las-22.18.19-1024x327.png 1024w, https:\/\/agora.xtec.cat\/ceipcescaldea\/wp-content\/uploads\/usu863\/2021\/01\/Captura-de-pantalla-2021-01-10-a-las-22.18.19-300x96.png 300w, https:\/\/agora.xtec.cat\/ceipcescaldea\/wp-content\/uploads\/usu863\/2021\/01\/Captura-de-pantalla-2021-01-10-a-las-22.18.19-768x246.png 768w, https:\/\/agora.xtec.cat\/ceipcescaldea\/wp-content\/uploads\/usu863\/2021\/01\/Captura-de-pantalla-2021-01-10-a-las-22.18.19.png 1082w\" sizes=\"auto, (max-width: 543px) 100vw, 543px\" \/><\/p>\n<p><span style=\"font-weight: 400;\">Durant el mat\u00ed realitzem un taller de decoraci\u00f3 de fanalets amb els nens i nenes de 4t i 5\u00e8.<\/span><\/p>\n<p><img loading=\"lazy\" decoding=\"async\" class=\"aligncenter wp-image-3652\" src=\"https:\/\/agora.xtec.cat\/ceipcescaldea\/wp-content\/uploads\/usu863\/2021\/01\/Captura-de-pantalla-2021-01-10-a-las-22.18.29.png\" alt=\"\" width=\"427\" height=\"239\" srcset=\"https:\/\/agora.xtec.cat\/ceipcescaldea\/wp-content\/uploads\/usu863\/2021\/01\/Captura-de-pantalla-2021-01-10-a-las-22.18.29.png 590w, https:\/\/agora.xtec.cat\/ceipcescaldea\/wp-content\/uploads\/usu863\/2021\/01\/Captura-de-pantalla-2021-01-10-a-las-22.18.29-300x168.png 300w\" sizes=\"auto, (max-width: 427px) 100vw, 427px\" \/><\/p>\n<p><b>DILLUNS 22<\/b><\/p>\n<p><span style=\"font-weight: 400;\">Caguem el ti\u00f3 que ens porta neules i torrons i llibres nous per a la biblioteca de l\u2019aula.<\/span><\/p>\n<p><img loading=\"lazy\" decoding=\"async\" class=\"aligncenter wp-image-3653\" src=\"https:\/\/agora.xtec.cat\/ceipcescaldea\/wp-content\/uploads\/usu863\/2021\/01\/Captura-de-pantalla-2021-01-10-a-las-22.18.37-1024x577.png\" alt=\"\" width=\"644\" height=\"363\" srcset=\"https:\/\/agora.xtec.cat\/ceipcescaldea\/wp-content\/uploads\/usu863\/2021\/01\/Captura-de-pantalla-2021-01-10-a-las-22.18.37-1024x577.png 1024w, https:\/\/agora.xtec.cat\/ceipcescaldea\/wp-content\/uploads\/usu863\/2021\/01\/Captura-de-pantalla-2021-01-10-a-las-22.18.37-300x169.png 300w, https:\/\/agora.xtec.cat\/ceipcescaldea\/wp-content\/uploads\/usu863\/2021\/01\/Captura-de-pantalla-2021-01-10-a-las-22.18.37-768x433.png 768w, https:\/\/agora.xtec.cat\/ceipcescaldea\/wp-content\/uploads\/usu863\/2021\/01\/Captura-de-pantalla-2021-01-10-a-las-22.18.37.png 1054w\" sizes=\"auto, (max-width: 644px) 100vw, 644px\" \/><\/p>\n<p><span style=\"font-weight: 400;\">Per acabar el mat\u00ed, veiem el video del concert de Nadal.<\/span><\/p>\n<p><img loading=\"lazy\" decoding=\"async\" class=\"aligncenter wp-image-3654\" src=\"https:\/\/agora.xtec.cat\/ceipcescaldea\/wp-content\/uploads\/usu863\/2021\/01\/Captura-de-pantalla-2021-01-10-a-las-22.18.46.png\" alt=\"\" width=\"426\" height=\"314\" srcset=\"https:\/\/agora.xtec.cat\/ceipcescaldea\/wp-content\/uploads\/usu863\/2021\/01\/Captura-de-pantalla-2021-01-10-a-las-22.18.46.png 488w, https:\/\/agora.xtec.cat\/ceipcescaldea\/wp-content\/uploads\/usu863\/2021\/01\/Captura-de-pantalla-2021-01-10-a-las-22.18.46-300x221.png 300w\" sizes=\"auto, (max-width: 426px) 100vw, 426px\" \/><\/p>\n<p>&nbsp;<\/p>\n<p>&nbsp;<\/p>\n","protected":false},"excerpt":{"rendered":"<p>Benvolgudes fam\u00edlies, Aquesta \u00faltima setmana l\u2019horari ha variat una mica per poder rebre el Nadal com cal a l\u2019escola, i [&hellip;]<\/p>\n","protected":false},"author":1,"featured_media":3647,"comment_status":"open","ping_status":"closed","sticky":false,"template":"","format":"standard","meta":{"_bbp_topic_count":0,"_bbp_reply_count":0,"_bbp_total_topic_count":0,"_bbp_total_reply_count":0,"_bbp_voice_count":0,"_bbp_anonymous_reply_count":0,"_bbp_topic_count_hidden":0,"_bbp_reply_count_hidden":0,"_bbp_forum_subforum_count":0,"site-sidebar-layout":"default","site-content-layout":"","ast-site-content-layout":"","site-content-style":"default","site-sidebar-style":"default","ast-global-header-display":"","ast-banner-title-visibility":"","ast-main-header-display":"","ast-hfb-above-header-display":"","ast-hfb-below-header-display":"","ast-hfb-mobile-header-display":"","site-post-title":"","ast-breadcrumbs-content":"","ast-featured-img":"","footer-sml-layout":"","theme-transparent-header-meta":"","adv-header-id-meta":"","stick-header-meta":"","header-above-stick-meta":"","header-main-stick-meta":"","header-below-stick-meta":"","astra-migrate-meta-layouts":"default","ast-page-background-enabled":"default","ast-page-background-meta":{"desktop":{"background-color":"var(--ast-global-color-4)","background-image":"","background-repeat":"repeat","background-position":"center center","background-size":"auto","background-attachment":"scroll","background-type":"","background-media":"","overlay-type":"","overlay-color":"","overlay-opacity":"","overlay-gradient":""},"tablet":{"background-color":"","background-image":"","background-repeat":"repeat","background-position":"center center","background-size":"auto","background-attachment":"scroll","background-type":"","background-media":"","overlay-type":"","overlay-color":"","overlay-opacity":"","overlay-gradient":""},"mobile":{"background-color":"","background-image":"","background-repeat":"repeat","background-position":"center center","background-size":"auto","background-attachment":"scroll","background-type":"","background-media":"","overlay-type":"","overlay-color":"","overlay-opacity":"","overlay-gradient":""}},"ast-content-background-meta":{"desktop":{"background-color":"var(--ast-global-color-5)","background-image":"","background-repeat":"repeat","background-position":"center center","background-size":"auto","background-attachment":"scroll","background-type":"","background-media":"","overlay-type":"","overlay-color":"","overlay-opacity":"","overlay-gradient":""},"tablet":{"background-color":"var(--ast-global-color-5)","background-image":"","background-repeat":"repeat","background-position":"center center","background-size":"auto","background-attachment":"scroll","background-type":"","background-media":"","overlay-type":"","overlay-color":"","overlay-opacity":"","overlay-gradient":""},"mobile":{"background-color":"var(--ast-global-color-5)","background-image":"","background-repeat":"repeat","background-position":"center center","background-size":"auto","background-attachment":"scroll","background-type":"","background-media":"","overlay-type":"","overlay-color":"","overlay-opacity":"","overlay-gradient":""}},"footnotes":""},"categories":[1,4],"tags":[92,87,70,79,81],"class_list":["post-3646","post","type-post","status-publish","format-standard","has-post-thumbnail","hentry","category-general","category-portada","tag-4t","tag-5e","tag-6e","tag-curs-20-21","tag-festes"],"post_mailing_queue_ids":[],"_links":{"self":[{"href":"https:\/\/agora.xtec.cat\/ceipcescaldea\/wp-json\/wp\/v2\/posts\/3646","targetHints":{"allow":["GET"]}}],"collection":[{"href":"https:\/\/agora.xtec.cat\/ceipcescaldea\/wp-json\/wp\/v2\/posts"}],"about":[{"href":"https:\/\/agora.xtec.cat\/ceipcescaldea\/wp-json\/wp\/v2\/types\/post"}],"author":[{"embeddable":true,"href":"https:\/\/agora.xtec.cat\/ceipcescaldea\/wp-json\/wp\/v2\/users\/1"}],"replies":[{"embeddable":true,"href":"https:\/\/agora.xtec.cat\/ceipcescaldea\/wp-json\/wp\/v2\/comments?post=3646"}],"version-history":[{"count":1,"href":"https:\/\/agora.xtec.cat\/ceipcescaldea\/wp-json\/wp\/v2\/posts\/3646\/revisions"}],"predecessor-version":[{"id":3655,"href":"https:\/\/agora.xtec.cat\/ceipcescaldea\/wp-json\/wp\/v2\/posts\/3646\/revisions\/3655"}],"wp:featuredmedia":[{"embeddable":true,"href":"https:\/\/agora.xtec.cat\/ceipcescaldea\/wp-json\/wp\/v2\/media\/3647"}],"wp:attachment":[{"href":"https:\/\/agora.xtec.cat\/ceipcescaldea\/wp-json\/wp\/v2\/media?parent=3646"}],"wp:term":[{"taxonomy":"category","embeddable":true,"href":"https:\/\/agora.xtec.cat\/ceipcescaldea\/wp-json\/wp\/v2\/categories?post=3646"},{"taxonomy":"post_tag","embeddable":true,"href":"https:\/\/agora.xtec.cat\/ceipcescaldea\/wp-json\/wp\/v2\/tags?post=3646"}],"curies":[{"name":"wp","href":"https:\/\/api.w.org\/{rel}","templated":true}]}}