{"id":3641,"date":"2021-01-01T22:11:51","date_gmt":"2021-01-01T21:11:51","guid":{"rendered":"http:\/\/agora.xtec.cat\/ceipcescaldea\/?p=3641"},"modified":"2021-01-11T22:26:55","modified_gmt":"2021-01-11T21:26:55","slug":"nadal-a-la-comunitat-de-petits-i-petites","status":"publish","type":"post","link":"https:\/\/agora.xtec.cat\/ceipcescaldea\/general\/nadal-a-la-comunitat-de-petits-i-petites\/","title":{"rendered":"NADAL A LA COMUNITAT DE PETITS I PETITES"},"content":{"rendered":"<p>Hola fam\u00edlies,<\/p>\n<p dir=\"auto\">L&#8217;advent \u00e9s un temps molt especial a la nostra escola i, per a la comunitat de petits encara m\u00e9s.<\/p>\n<p dir=\"auto\">Com ja \u00e9s tradici\u00f3, hem fet un munt d&#8217;activitats durant aquests dies. Vam comen\u00e7ar el desembre amb el calendari d&#8217;advent de xocolatines, i tot i que a alguns els costava entendre que no sempre se l&#8217;emportaven ells o elles, ho han anat assumint amb el pas dels dies.<\/p>\n<div dir=\"auto\"><img loading=\"lazy\" decoding=\"async\" class=\"wp-image-3642 alignleft\" src=\"https:\/\/agora.xtec.cat\/ceipcescaldea\/wp-content\/uploads\/usu863\/2021\/01\/Captura-de-pantalla-2021-01-01-a-las-22.10.05-1024x708.png\" alt=\"\" width=\"300\" height=\"207\" srcset=\"https:\/\/agora.xtec.cat\/ceipcescaldea\/wp-content\/uploads\/usu863\/2021\/01\/Captura-de-pantalla-2021-01-01-a-las-22.10.05-1024x708.png 1024w, https:\/\/agora.xtec.cat\/ceipcescaldea\/wp-content\/uploads\/usu863\/2021\/01\/Captura-de-pantalla-2021-01-01-a-las-22.10.05-300x207.png 300w, https:\/\/agora.xtec.cat\/ceipcescaldea\/wp-content\/uploads\/usu863\/2021\/01\/Captura-de-pantalla-2021-01-01-a-las-22.10.05-768x531.png 768w, https:\/\/agora.xtec.cat\/ceipcescaldea\/wp-content\/uploads\/usu863\/2021\/01\/Captura-de-pantalla-2021-01-01-a-las-22.10.05.png 1062w\" sizes=\"auto, (max-width: 300px) 100vw, 300px\" \/><\/div>\n<p dir=\"auto\">A mitjans de setmana vam tenir la visita dels Reis Mags i els nens i nenes li van poder entregar les seves cartes.Tamb\u00e9 vam anar a buscar el ti\u00f3 pel pati i va ser molt emocionant. A finals de setmana vam fer diversos tallers, de cuina, de fanalets&#8230; I va arribar el gran dia, vam fer cagar el ti\u00f3 i vam esmorzar torrons i neules!<\/p>\n<p><a href=\"https:\/\/agora.xtec.cat\/ceipcescaldea\/fotos-de-festes-i-activitats\/\" target=\"_blank\" rel=\"noopener noreferrer\">AQU\u00cd<\/a> podreu veure totes les imatges.<\/p>\n","protected":false},"excerpt":{"rendered":"<p>Hola fam\u00edlies, L&#8217;advent \u00e9s un temps molt especial a la nostra escola i, per a la comunitat de petits encara [&hellip;]<\/p>\n","protected":false},"author":1,"featured_media":3642,"comment_status":"open","ping_status":"closed","sticky":false,"template":"","format":"standard","meta":{"_bbp_topic_count":0,"_bbp_reply_count":0,"_bbp_total_topic_count":0,"_bbp_total_reply_count":0,"_bbp_voice_count":0,"_bbp_anonymous_reply_count":0,"_bbp_topic_count_hidden":0,"_bbp_reply_count_hidden":0,"_bbp_forum_subforum_count":0,"site-sidebar-layout":"default","site-content-layout":"","ast-site-content-layout":"","site-content-style":"default","site-sidebar-style":"default","ast-global-header-display":"","ast-banner-title-visibility":"","ast-main-header-display":"","ast-hfb-above-header-display":"","ast-hfb-below-header-display":"","ast-hfb-mobile-header-display":"","site-post-title":"","ast-breadcrumbs-content":"","ast-featured-img":"","footer-sml-layout":"","theme-transparent-header-meta":"","adv-header-id-meta":"","stick-header-meta":"","header-above-stick-meta":"","header-main-stick-meta":"","header-below-stick-meta":"","astra-migrate-meta-layouts":"default","ast-page-background-enabled":"default","ast-page-background-meta":{"desktop":{"background-color":"var(--ast-global-color-4)","background-image":"","background-repeat":"repeat","background-position":"center center","background-size":"auto","background-attachment":"scroll","background-type":"","background-media":"","overlay-type":"","overlay-color":"","overlay-opacity":"","overlay-gradient":""},"tablet":{"background-color":"","background-image":"","background-repeat":"repeat","background-position":"center center","background-size":"auto","background-attachment":"scroll","background-type":"","background-media":"","overlay-type":"","overlay-color":"","overlay-opacity":"","overlay-gradient":""},"mobile":{"background-color":"","background-image":"","background-repeat":"repeat","background-position":"center center","background-size":"auto","background-attachment":"scroll","background-type":"","background-media":"","overlay-type":"","overlay-color":"","overlay-opacity":"","overlay-gradient":""}},"ast-content-background-meta":{"desktop":{"background-color":"var(--ast-global-color-5)","background-image":"","background-repeat":"repeat","background-position":"center center","background-size":"auto","background-attachment":"scroll","background-type":"","background-media":"","overlay-type":"","overlay-color":"","overlay-opacity":"","overlay-gradient":""},"tablet":{"background-color":"var(--ast-global-color-5)","background-image":"","background-repeat":"repeat","background-position":"center center","background-size":"auto","background-attachment":"scroll","background-type":"","background-media":"","overlay-type":"","overlay-color":"","overlay-opacity":"","overlay-gradient":""},"mobile":{"background-color":"var(--ast-global-color-5)","background-image":"","background-repeat":"repeat","background-position":"center center","background-size":"auto","background-attachment":"scroll","background-type":"","background-media":"","overlay-type":"","overlay-color":"","overlay-opacity":"","overlay-gradient":""}},"footnotes":""},"categories":[1,4],"tags":[91,79,81,50,51,52],"class_list":["post-3641","post","type-post","status-publish","format-standard","has-post-thumbnail","hentry","category-general","category-portada","tag-comunitat-de-petits","tag-curs-20-21","tag-festes","tag-i3","tag-i4","tag-i5"],"post_mailing_queue_ids":[],"_links":{"self":[{"href":"https:\/\/agora.xtec.cat\/ceipcescaldea\/wp-json\/wp\/v2\/posts\/3641","targetHints":{"allow":["GET"]}}],"collection":[{"href":"https:\/\/agora.xtec.cat\/ceipcescaldea\/wp-json\/wp\/v2\/posts"}],"about":[{"href":"https:\/\/agora.xtec.cat\/ceipcescaldea\/wp-json\/wp\/v2\/types\/post"}],"author":[{"embeddable":true,"href":"https:\/\/agora.xtec.cat\/ceipcescaldea\/wp-json\/wp\/v2\/users\/1"}],"replies":[{"embeddable":true,"href":"https:\/\/agora.xtec.cat\/ceipcescaldea\/wp-json\/wp\/v2\/comments?post=3641"}],"version-history":[{"count":2,"href":"https:\/\/agora.xtec.cat\/ceipcescaldea\/wp-json\/wp\/v2\/posts\/3641\/revisions"}],"predecessor-version":[{"id":3644,"href":"https:\/\/agora.xtec.cat\/ceipcescaldea\/wp-json\/wp\/v2\/posts\/3641\/revisions\/3644"}],"wp:featuredmedia":[{"embeddable":true,"href":"https:\/\/agora.xtec.cat\/ceipcescaldea\/wp-json\/wp\/v2\/media\/3642"}],"wp:attachment":[{"href":"https:\/\/agora.xtec.cat\/ceipcescaldea\/wp-json\/wp\/v2\/media?parent=3641"}],"wp:term":[{"taxonomy":"category","embeddable":true,"href":"https:\/\/agora.xtec.cat\/ceipcescaldea\/wp-json\/wp\/v2\/categories?post=3641"},{"taxonomy":"post_tag","embeddable":true,"href":"https:\/\/agora.xtec.cat\/ceipcescaldea\/wp-json\/wp\/v2\/tags?post=3641"}],"curies":[{"name":"wp","href":"https:\/\/api.w.org\/{rel}","templated":true}]}}