{"id":3629,"date":"2021-01-01T21:48:39","date_gmt":"2021-01-01T20:48:39","guid":{"rendered":"http:\/\/agora.xtec.cat\/ceipcescaldea\/?p=3629"},"modified":"2021-01-11T22:27:38","modified_gmt":"2021-01-11T21:27:38","slug":"tallers-nadalencs-2n","status":"publish","type":"post","link":"https:\/\/agora.xtec.cat\/ceipcescaldea\/general\/tallers-nadalencs-2n\/","title":{"rendered":"TALLERS NADALENCS (2n)"},"content":{"rendered":"<p><span style=\"font-weight: 400;\">Encara que estem a un any diferent, en l\u2019escola Cesc Aldea havem fet moltes activitats de treball cooperatiu (per equips), i aquesta \u00e9s una m\u00e9s.<\/span><\/p>\n<p><span style=\"font-weight: 400;\">El divendres dia 18, v\u00e0rem fer uns tallers de manualitats nadalenques, en concret 4 tallers. Vam dividir la classe en grups de 5-6, i v\u00e0rem fer 4 taules, cada taula corresponent a un taller.<\/span><\/p>\n<p><span style=\"font-weight: 400;\">El primer taller que v\u00e0rem fer va ser les <\/span><b>postals<\/b><span style=\"font-weight: 400;\">. Aquesta activitat va ser molt bonica, ja que cadasc\u00fa a la seua postal, feia un missatge, i tamb\u00e9 la decorava al seu gust.<\/span><\/p>\n<p><img loading=\"lazy\" decoding=\"async\" class=\"aligncenter wp-image-3630\" src=\"https:\/\/agora.xtec.cat\/ceipcescaldea\/wp-content\/uploads\/usu863\/2021\/01\/Captura-de-pantalla-2021-01-01-a-las-21.44.29-1024x341.png\" alt=\"\" width=\"588\" height=\"196\" srcset=\"https:\/\/agora.xtec.cat\/ceipcescaldea\/wp-content\/uploads\/usu863\/2021\/01\/Captura-de-pantalla-2021-01-01-a-las-21.44.29-1024x341.png 1024w, https:\/\/agora.xtec.cat\/ceipcescaldea\/wp-content\/uploads\/usu863\/2021\/01\/Captura-de-pantalla-2021-01-01-a-las-21.44.29-300x100.png 300w, https:\/\/agora.xtec.cat\/ceipcescaldea\/wp-content\/uploads\/usu863\/2021\/01\/Captura-de-pantalla-2021-01-01-a-las-21.44.29-768x256.png 768w, https:\/\/agora.xtec.cat\/ceipcescaldea\/wp-content\/uploads\/usu863\/2021\/01\/Captura-de-pantalla-2021-01-01-a-las-21.44.29.png 1122w\" sizes=\"auto, (max-width: 588px) 100vw, 588px\" \/><\/p>\n<p><span style=\"font-weight: 400;\">El segon dels tallers era la realitzaci\u00f3 de <\/span><b>boles de fang<\/b><span style=\"font-weight: 400;\"> per decorar l\u2019arbre de nadal. A una pe\u00e7a de fang, cadasc\u00fa havia de tallar amb l\u2019ajuda d\u2019un motlle, una figura amb forma de circumfer\u00e8ncia. Tot seguit, quan estava sec, es pintava i es ficava decoraci\u00f3.<\/span><\/p>\n<p><img loading=\"lazy\" decoding=\"async\" class=\"aligncenter wp-image-3631\" src=\"https:\/\/agora.xtec.cat\/ceipcescaldea\/wp-content\/uploads\/usu863\/2021\/01\/Captura-de-pantalla-2021-01-01-a-las-21.44.37-1024x354.png\" alt=\"\" width=\"588\" height=\"203\" srcset=\"https:\/\/agora.xtec.cat\/ceipcescaldea\/wp-content\/uploads\/usu863\/2021\/01\/Captura-de-pantalla-2021-01-01-a-las-21.44.37-1024x354.png 1024w, https:\/\/agora.xtec.cat\/ceipcescaldea\/wp-content\/uploads\/usu863\/2021\/01\/Captura-de-pantalla-2021-01-01-a-las-21.44.37-300x104.png 300w, https:\/\/agora.xtec.cat\/ceipcescaldea\/wp-content\/uploads\/usu863\/2021\/01\/Captura-de-pantalla-2021-01-01-a-las-21.44.37-768x265.png 768w, https:\/\/agora.xtec.cat\/ceipcescaldea\/wp-content\/uploads\/usu863\/2021\/01\/Captura-de-pantalla-2021-01-01-a-las-21.44.37.png 1118w\" sizes=\"auto, (max-width: 588px) 100vw, 588px\" \/><\/p>\n<p><span style=\"font-weight: 400;\">El tercer taller que v\u00e0rem realitzar era el de <\/span><b>figuretes amb plastilina<\/b><span style=\"font-weight: 400;\">. Amb aquesta, cada nen\/nena havia de realitzar unes figures representant el nadal, com ells volguessin. Alguns varen fer reis mags, altres ninots de neu, etc.<\/span><\/p>\n<p><img loading=\"lazy\" decoding=\"async\" class=\"aligncenter wp-image-3632\" src=\"https:\/\/agora.xtec.cat\/ceipcescaldea\/wp-content\/uploads\/usu863\/2021\/01\/Captura-de-pantalla-2021-01-01-a-las-21.44.45.png\" alt=\"\" width=\"439\" height=\"175\" srcset=\"https:\/\/agora.xtec.cat\/ceipcescaldea\/wp-content\/uploads\/usu863\/2021\/01\/Captura-de-pantalla-2021-01-01-a-las-21.44.45.png 966w, https:\/\/agora.xtec.cat\/ceipcescaldea\/wp-content\/uploads\/usu863\/2021\/01\/Captura-de-pantalla-2021-01-01-a-las-21.44.45-300x119.png 300w, https:\/\/agora.xtec.cat\/ceipcescaldea\/wp-content\/uploads\/usu863\/2021\/01\/Captura-de-pantalla-2021-01-01-a-las-21.44.45-768x305.png 768w\" sizes=\"auto, (max-width: 439px) 100vw, 439px\" \/><\/p>\n<p><span style=\"font-weight: 400;\">L\u2019\u00faltim taller va ser el del <\/span><b>collage<\/b><span style=\"font-weight: 400;\">. Aquesta activitat el que v\u00e0rem fer va ser el seg\u00fcent: v\u00e0rem imprimir unes imatges nadalenques, i cadasc\u00fa l\u2019havia de decorar amb trossets de paper de colors per tal que els collages es quedessin d\u2019all\u00f2 m\u00e9s bonics.<\/span><\/p>\n<p><img loading=\"lazy\" decoding=\"async\" class=\"aligncenter wp-image-3633\" src=\"https:\/\/agora.xtec.cat\/ceipcescaldea\/wp-content\/uploads\/usu863\/2021\/01\/Captura-de-pantalla-2021-01-01-a-las-21.44.53-1024x344.png\" alt=\"\" width=\"607\" height=\"204\" srcset=\"https:\/\/agora.xtec.cat\/ceipcescaldea\/wp-content\/uploads\/usu863\/2021\/01\/Captura-de-pantalla-2021-01-01-a-las-21.44.53-1024x344.png 1024w, https:\/\/agora.xtec.cat\/ceipcescaldea\/wp-content\/uploads\/usu863\/2021\/01\/Captura-de-pantalla-2021-01-01-a-las-21.44.53-300x101.png 300w, https:\/\/agora.xtec.cat\/ceipcescaldea\/wp-content\/uploads\/usu863\/2021\/01\/Captura-de-pantalla-2021-01-01-a-las-21.44.53-768x258.png 768w, https:\/\/agora.xtec.cat\/ceipcescaldea\/wp-content\/uploads\/usu863\/2021\/01\/Captura-de-pantalla-2021-01-01-a-las-21.44.53.png 1118w\" sizes=\"auto, (max-width: 607px) 100vw, 607px\" \/><\/p>\n<p><a href=\"https:\/\/agora.xtec.cat\/ceipcescaldea\/fotos-2n-19-20\/\" target=\"_blank\" rel=\"noopener noreferrer\">AQU\u00cd<\/a> podeu veure totes les imatges.<\/p>\n","protected":false},"excerpt":{"rendered":"<p>Encara que estem a un any diferent, en l\u2019escola Cesc Aldea havem fet moltes activitats de treball cooperatiu (per equips), [&hellip;]<\/p>\n","protected":false},"author":1,"featured_media":3633,"comment_status":"open","ping_status":"closed","sticky":false,"template":"","format":"standard","meta":{"_bbp_topic_count":0,"_bbp_reply_count":0,"_bbp_total_topic_count":0,"_bbp_total_reply_count":0,"_bbp_voice_count":0,"_bbp_anonymous_reply_count":0,"_bbp_topic_count_hidden":0,"_bbp_reply_count_hidden":0,"_bbp_forum_subforum_count":0,"site-sidebar-layout":"default","site-content-layout":"","ast-site-content-layout":"","site-content-style":"default","site-sidebar-style":"default","ast-global-header-display":"","ast-banner-title-visibility":"","ast-main-header-display":"","ast-hfb-above-header-display":"","ast-hfb-below-header-display":"","ast-hfb-mobile-header-display":"","site-post-title":"","ast-breadcrumbs-content":"","ast-featured-img":"","footer-sml-layout":"","theme-transparent-header-meta":"","adv-header-id-meta":"","stick-header-meta":"","header-above-stick-meta":"","header-main-stick-meta":"","header-below-stick-meta":"","astra-migrate-meta-layouts":"default","ast-page-background-enabled":"default","ast-page-background-meta":{"desktop":{"background-color":"var(--ast-global-color-4)","background-image":"","background-repeat":"repeat","background-position":"center center","background-size":"auto","background-attachment":"scroll","background-type":"","background-media":"","overlay-type":"","overlay-color":"","overlay-opacity":"","overlay-gradient":""},"tablet":{"background-color":"","background-image":"","background-repeat":"repeat","background-position":"center center","background-size":"auto","background-attachment":"scroll","background-type":"","background-media":"","overlay-type":"","overlay-color":"","overlay-opacity":"","overlay-gradient":""},"mobile":{"background-color":"","background-image":"","background-repeat":"repeat","background-position":"center center","background-size":"auto","background-attachment":"scroll","background-type":"","background-media":"","overlay-type":"","overlay-color":"","overlay-opacity":"","overlay-gradient":""}},"ast-content-background-meta":{"desktop":{"background-color":"var(--ast-global-color-5)","background-image":"","background-repeat":"repeat","background-position":"center center","background-size":"auto","background-attachment":"scroll","background-type":"","background-media":"","overlay-type":"","overlay-color":"","overlay-opacity":"","overlay-gradient":""},"tablet":{"background-color":"var(--ast-global-color-5)","background-image":"","background-repeat":"repeat","background-position":"center center","background-size":"auto","background-attachment":"scroll","background-type":"","background-media":"","overlay-type":"","overlay-color":"","overlay-opacity":"","overlay-gradient":""},"mobile":{"background-color":"var(--ast-global-color-5)","background-image":"","background-repeat":"repeat","background-position":"center center","background-size":"auto","background-attachment":"scroll","background-type":"","background-media":"","overlay-type":"","overlay-color":"","overlay-opacity":"","overlay-gradient":""}},"footnotes":""},"categories":[1,4],"tags":[88,79,81],"class_list":["post-3629","post","type-post","status-publish","format-standard","has-post-thumbnail","hentry","category-general","category-portada","tag-2n","tag-curs-20-21","tag-festes"],"post_mailing_queue_ids":[],"_links":{"self":[{"href":"https:\/\/agora.xtec.cat\/ceipcescaldea\/wp-json\/wp\/v2\/posts\/3629","targetHints":{"allow":["GET"]}}],"collection":[{"href":"https:\/\/agora.xtec.cat\/ceipcescaldea\/wp-json\/wp\/v2\/posts"}],"about":[{"href":"https:\/\/agora.xtec.cat\/ceipcescaldea\/wp-json\/wp\/v2\/types\/post"}],"author":[{"embeddable":true,"href":"https:\/\/agora.xtec.cat\/ceipcescaldea\/wp-json\/wp\/v2\/users\/1"}],"replies":[{"embeddable":true,"href":"https:\/\/agora.xtec.cat\/ceipcescaldea\/wp-json\/wp\/v2\/comments?post=3629"}],"version-history":[{"count":1,"href":"https:\/\/agora.xtec.cat\/ceipcescaldea\/wp-json\/wp\/v2\/posts\/3629\/revisions"}],"predecessor-version":[{"id":3634,"href":"https:\/\/agora.xtec.cat\/ceipcescaldea\/wp-json\/wp\/v2\/posts\/3629\/revisions\/3634"}],"wp:featuredmedia":[{"embeddable":true,"href":"https:\/\/agora.xtec.cat\/ceipcescaldea\/wp-json\/wp\/v2\/media\/3633"}],"wp:attachment":[{"href":"https:\/\/agora.xtec.cat\/ceipcescaldea\/wp-json\/wp\/v2\/media?parent=3629"}],"wp:term":[{"taxonomy":"category","embeddable":true,"href":"https:\/\/agora.xtec.cat\/ceipcescaldea\/wp-json\/wp\/v2\/categories?post=3629"},{"taxonomy":"post_tag","embeddable":true,"href":"https:\/\/agora.xtec.cat\/ceipcescaldea\/wp-json\/wp\/v2\/tags?post=3629"}],"curies":[{"name":"wp","href":"https:\/\/api.w.org\/{rel}","templated":true}]}}