{"id":3618,"date":"2020-12-17T11:03:28","date_gmt":"2020-12-17T10:03:28","guid":{"rendered":"http:\/\/agora.xtec.cat\/ceipcescaldea\/?p=3618"},"modified":"2021-01-11T22:29:52","modified_gmt":"2021-01-11T21:29:52","slug":"si-un-ocell-menja-un-cuc-es-un-animal-carnivor","status":"publish","type":"post","link":"https:\/\/agora.xtec.cat\/ceipcescaldea\/general\/si-un-ocell-menja-un-cuc-es-un-animal-carnivor\/","title":{"rendered":"SI UN OCELL MENJA UN CUC, \u00c9S UN ANIMAL CARN\u00cdVOR? (5\u00e8)"},"content":{"rendered":"<p><img loading=\"lazy\" decoding=\"async\" class=\"wp-image-3662 alignleft\" src=\"https:\/\/agora.xtec.cat\/ceipcescaldea\/wp-content\/uploads\/usu863\/2020\/12\/Captura-de-pantalla-2021-01-11-a-las-22.28.53-1024x525.png\" alt=\"\" width=\"368\" height=\"189\" srcset=\"https:\/\/agora.xtec.cat\/ceipcescaldea\/wp-content\/uploads\/usu863\/2020\/12\/Captura-de-pantalla-2021-01-11-a-las-22.28.53-1024x525.png 1024w, https:\/\/agora.xtec.cat\/ceipcescaldea\/wp-content\/uploads\/usu863\/2020\/12\/Captura-de-pantalla-2021-01-11-a-las-22.28.53-300x154.png 300w, https:\/\/agora.xtec.cat\/ceipcescaldea\/wp-content\/uploads\/usu863\/2020\/12\/Captura-de-pantalla-2021-01-11-a-las-22.28.53-768x394.png 768w, https:\/\/agora.xtec.cat\/ceipcescaldea\/wp-content\/uploads\/usu863\/2020\/12\/Captura-de-pantalla-2021-01-11-a-las-22.28.53.png 1374w\" sizes=\"auto, (max-width: 368px) 100vw, 368px\" \/><span style=\"font-weight: 400;\">Si un ocell menja un cuc, \u00e9s un animal carn\u00edvor? Aquesta \u00e9s la pregunta amb la que estem treballant a investiguem. Pregunta sorgida d\u2019una conversa sobre les aus rapinyaires. La classe de les Gal\u00e0ctiques i Gal\u00e0ctics ens estem submergint de ple en trobar una resposta aquesta inquietud que ens ha fet ballar el cap a totes i tots. Per tal de trobar les eines necess\u00e0ries per donar resposta a aquesta inquietud, hem hagut de fer recerca d\u2019informacions complement\u00e0ries per tal d\u2019entendre all\u00f2 que hem trobat i ens ha semblat imprescindible de saber. Una d\u2019aquestes recerques ha sigut ,buscar qu\u00e8 \u00e9s una c\u00e8l\u00b7lula, ja que ens havia sortit quan busc\u00e0vem qu\u00e8 era la carn i vam trobar necessari con\u00e8ixer aquest concepte. Ens vam ajuntar per parelles\u00a0 i amb \u201ctablets\u201d i port\u00e0tils vam llegir , escoltar i mirar v\u00eddeos que ens explicaven aspectes sobre la c\u00e8l\u00b7lula. Van ser unes sessions molt enriquidores.<\/span><\/p>\n<p><a href=\"https:\/\/agora.xtec.cat\/ceipcescaldea\/fotos-5e-19-20\/\" target=\"_blank\" rel=\"noopener noreferrer\">AQU\u00cd<\/a> podeu veure algunes imatges.<\/p>\n<p>&nbsp;<\/p>\n","protected":false},"excerpt":{"rendered":"<p>Si un ocell menja un cuc, \u00e9s un animal carn\u00edvor? Aquesta \u00e9s la pregunta amb la que estem treballant a [&hellip;]<\/p>\n","protected":false},"author":1,"featured_media":3662,"comment_status":"open","ping_status":"closed","sticky":false,"template":"","format":"standard","meta":{"_bbp_topic_count":0,"_bbp_reply_count":0,"_bbp_total_topic_count":0,"_bbp_total_reply_count":0,"_bbp_voice_count":0,"_bbp_anonymous_reply_count":0,"_bbp_topic_count_hidden":0,"_bbp_reply_count_hidden":0,"_bbp_forum_subforum_count":0,"site-sidebar-layout":"default","site-content-layout":"","ast-site-content-layout":"","site-content-style":"default","site-sidebar-style":"default","ast-global-header-display":"","ast-banner-title-visibility":"","ast-main-header-display":"","ast-hfb-above-header-display":"","ast-hfb-below-header-display":"","ast-hfb-mobile-header-display":"","site-post-title":"","ast-breadcrumbs-content":"","ast-featured-img":"","footer-sml-layout":"","theme-transparent-header-meta":"","adv-header-id-meta":"","stick-header-meta":"","header-above-stick-meta":"","header-main-stick-meta":"","header-below-stick-meta":"","astra-migrate-meta-layouts":"default","ast-page-background-enabled":"default","ast-page-background-meta":{"desktop":{"background-color":"var(--ast-global-color-4)","background-image":"","background-repeat":"repeat","background-position":"center center","background-size":"auto","background-attachment":"scroll","background-type":"","background-media":"","overlay-type":"","overlay-color":"","overlay-opacity":"","overlay-gradient":""},"tablet":{"background-color":"","background-image":"","background-repeat":"repeat","background-position":"center center","background-size":"auto","background-attachment":"scroll","background-type":"","background-media":"","overlay-type":"","overlay-color":"","overlay-opacity":"","overlay-gradient":""},"mobile":{"background-color":"","background-image":"","background-repeat":"repeat","background-position":"center center","background-size":"auto","background-attachment":"scroll","background-type":"","background-media":"","overlay-type":"","overlay-color":"","overlay-opacity":"","overlay-gradient":""}},"ast-content-background-meta":{"desktop":{"background-color":"var(--ast-global-color-5)","background-image":"","background-repeat":"repeat","background-position":"center center","background-size":"auto","background-attachment":"scroll","background-type":"","background-media":"","overlay-type":"","overlay-color":"","overlay-opacity":"","overlay-gradient":""},"tablet":{"background-color":"var(--ast-global-color-5)","background-image":"","background-repeat":"repeat","background-position":"center center","background-size":"auto","background-attachment":"scroll","background-type":"","background-media":"","overlay-type":"","overlay-color":"","overlay-opacity":"","overlay-gradient":""},"mobile":{"background-color":"var(--ast-global-color-5)","background-image":"","background-repeat":"repeat","background-position":"center center","background-size":"auto","background-attachment":"scroll","background-type":"","background-media":"","overlay-type":"","overlay-color":"","overlay-opacity":"","overlay-gradient":""}},"footnotes":""},"categories":[1,4],"tags":[87,79,86,84],"class_list":["post-3618","post","type-post","status-publish","format-standard","has-post-thumbnail","hentry","category-general","category-portada","tag-5e","tag-curs-20-21","tag-investiguem","tag-vida-a-laula"],"post_mailing_queue_ids":[],"_links":{"self":[{"href":"https:\/\/agora.xtec.cat\/ceipcescaldea\/wp-json\/wp\/v2\/posts\/3618","targetHints":{"allow":["GET"]}}],"collection":[{"href":"https:\/\/agora.xtec.cat\/ceipcescaldea\/wp-json\/wp\/v2\/posts"}],"about":[{"href":"https:\/\/agora.xtec.cat\/ceipcescaldea\/wp-json\/wp\/v2\/types\/post"}],"author":[{"embeddable":true,"href":"https:\/\/agora.xtec.cat\/ceipcescaldea\/wp-json\/wp\/v2\/users\/1"}],"replies":[{"embeddable":true,"href":"https:\/\/agora.xtec.cat\/ceipcescaldea\/wp-json\/wp\/v2\/comments?post=3618"}],"version-history":[{"count":3,"href":"https:\/\/agora.xtec.cat\/ceipcescaldea\/wp-json\/wp\/v2\/posts\/3618\/revisions"}],"predecessor-version":[{"id":3663,"href":"https:\/\/agora.xtec.cat\/ceipcescaldea\/wp-json\/wp\/v2\/posts\/3618\/revisions\/3663"}],"wp:featuredmedia":[{"embeddable":true,"href":"https:\/\/agora.xtec.cat\/ceipcescaldea\/wp-json\/wp\/v2\/media\/3662"}],"wp:attachment":[{"href":"https:\/\/agora.xtec.cat\/ceipcescaldea\/wp-json\/wp\/v2\/media?parent=3618"}],"wp:term":[{"taxonomy":"category","embeddable":true,"href":"https:\/\/agora.xtec.cat\/ceipcescaldea\/wp-json\/wp\/v2\/categories?post=3618"},{"taxonomy":"post_tag","embeddable":true,"href":"https:\/\/agora.xtec.cat\/ceipcescaldea\/wp-json\/wp\/v2\/tags?post=3618"}],"curies":[{"name":"wp","href":"https:\/\/api.w.org\/{rel}","templated":true}]}}