{"id":3604,"date":"2020-12-12T22:59:02","date_gmt":"2020-12-12T21:59:02","guid":{"rendered":"http:\/\/agora.xtec.cat\/ceipcescaldea\/?p=3604"},"modified":"2020-12-17T11:04:50","modified_gmt":"2020-12-17T10:04:50","slug":"lestrella-de-mar-2n","status":"publish","type":"post","link":"https:\/\/agora.xtec.cat\/ceipcescaldea\/general\/lestrella-de-mar-2n\/","title":{"rendered":"L&#8217;ESTRELLA DE MAR (2n)"},"content":{"rendered":"<p><span style=\"font-weight: 400;\">Fa setmanes que els nens i nenes de 2n investiguem sobre les estrelles de mar. Tot va comen\u00e7ar el dia que l\u2019Hugo va portar una estrella de mar que la seva fam\u00edlia havia comprat, a l\u2019estiu, a la platja..<\/span><\/p>\n<p><span style=\"font-weight: 400;\">Una bona part de la classe va pensar que era dissecada, per\u00f2 d\u2019altres vam opinar que alg\u00fa l\u2019havia fabricat. Davant del dubte, per arribar a la veritat vam decidir investigar sobre l\u2019estrella de mar. .<\/span><\/p>\n<p><span style=\"font-weight: 400;\">Hem mirat documentals, hem llegit llibres, hem observat estrelles de mar com aut\u00e8ntics cient\u00edfics i hem elaborat un mapa de pensament amb les descobertes m\u00e9s importants que hem fet.<\/span><\/p>\n<p><img loading=\"lazy\" decoding=\"async\" class=\"aligncenter wp-image-3605\" src=\"https:\/\/agora.xtec.cat\/ceipcescaldea\/wp-content\/uploads\/usu863\/2020\/12\/Captura-de-pantalla-2020-12-12-a-las-22.52.44-1024x555.png\" alt=\"\" width=\"520\" height=\"282\" srcset=\"https:\/\/agora.xtec.cat\/ceipcescaldea\/wp-content\/uploads\/usu863\/2020\/12\/Captura-de-pantalla-2020-12-12-a-las-22.52.44-1024x555.png 1024w, https:\/\/agora.xtec.cat\/ceipcescaldea\/wp-content\/uploads\/usu863\/2020\/12\/Captura-de-pantalla-2020-12-12-a-las-22.52.44-300x163.png 300w, https:\/\/agora.xtec.cat\/ceipcescaldea\/wp-content\/uploads\/usu863\/2020\/12\/Captura-de-pantalla-2020-12-12-a-las-22.52.44-768x416.png 768w, https:\/\/agora.xtec.cat\/ceipcescaldea\/wp-content\/uploads\/usu863\/2020\/12\/Captura-de-pantalla-2020-12-12-a-las-22.52.44.png 1104w\" sizes=\"auto, (max-width: 520px) 100vw, 520px\" \/><\/p>\n<p><span style=\"font-weight: 400;\">Finalment, hem analitzat una a una totes les caracter\u00edstiques de les estrelles de mar que hav\u00edem descobert i hem apuntat quines complia la nostra estrella (tot i ser de l\u2019Hugo, despr\u00e9s de tants dies, ja l\u2019hem fet molt nostra). Si b\u00e9, encara ens han quedat alguns dubtes per resoldre i hem decidit consultar a un expert. Hem\u00a0 reservat una visita a l\u2019Aquarium i hem preparat una enquesta amb les preguntes que volem fer a l\u2019expert.<\/span><\/p>\n<p><span style=\"font-weight: 400;\"><img loading=\"lazy\" decoding=\"async\" class=\" wp-image-3609 alignright\" src=\"https:\/\/agora.xtec.cat\/ceipcescaldea\/wp-content\/uploads\/usu863\/2020\/12\/Captura-de-pantalla-2020-12-12-a-las-22.54.10.png\" alt=\"\" width=\"177\" height=\"119\" srcset=\"https:\/\/agora.xtec.cat\/ceipcescaldea\/wp-content\/uploads\/usu863\/2020\/12\/Captura-de-pantalla-2020-12-12-a-las-22.54.10.png 336w, https:\/\/agora.xtec.cat\/ceipcescaldea\/wp-content\/uploads\/usu863\/2020\/12\/Captura-de-pantalla-2020-12-12-a-las-22.54.10-300x202.png 300w\" sizes=\"auto, (max-width: 177px) 100vw, 177px\" \/>A part de la pr\u00f2pia investigaci\u00f3, ens han sorgit altres continguts molt interessants. Hem conegut diferents instruments de mesura com el regle i la cinta m\u00e8trica; aix\u00ed com,, diferents unitats de longitud com el cent\u00edmetre i el metre. Tamb\u00e9 hem treballat els conceptes de doble i meitat i hem conegut el comp\u00e0s que hem fet servir per dibuixar algunes de les estrelles del nostre mapa de pensament.\u00a0<\/span><\/p>\n<p><span style=\"font-weight: 400;\"><img loading=\"lazy\" decoding=\"async\" class=\"wp-image-3608 aligncenter\" src=\"https:\/\/agora.xtec.cat\/ceipcescaldea\/wp-content\/uploads\/usu863\/2020\/12\/Captura-de-pantalla-2020-12-12-a-las-22.54.24.png\" alt=\"\" width=\"324\" height=\"168\" srcset=\"https:\/\/agora.xtec.cat\/ceipcescaldea\/wp-content\/uploads\/usu863\/2020\/12\/Captura-de-pantalla-2020-12-12-a-las-22.54.24.png 624w, https:\/\/agora.xtec.cat\/ceipcescaldea\/wp-content\/uploads\/usu863\/2020\/12\/Captura-de-pantalla-2020-12-12-a-las-22.54.24-300x155.png 300w\" sizes=\"auto, (max-width: 324px) 100vw, 324px\" \/> <img loading=\"lazy\" decoding=\"async\" class=\" wp-image-3607 alignright\" src=\"https:\/\/agora.xtec.cat\/ceipcescaldea\/wp-content\/uploads\/usu863\/2020\/12\/Captura-de-pantalla-2020-12-12-a-las-22.54.31.png\" alt=\"\" width=\"207\" height=\"166\" srcset=\"https:\/\/agora.xtec.cat\/ceipcescaldea\/wp-content\/uploads\/usu863\/2020\/12\/Captura-de-pantalla-2020-12-12-a-las-22.54.31.png 404w, https:\/\/agora.xtec.cat\/ceipcescaldea\/wp-content\/uploads\/usu863\/2020\/12\/Captura-de-pantalla-2020-12-12-a-las-22.54.31-300x241.png 300w\" sizes=\"auto, (max-width: 207px) 100vw, 207px\" \/>Com podeu veure, per dur a terme aquesta investigaci\u00f3, hem treballat aspectes de gaireb\u00e9 totes les \u00e0rees del curr\u00edculum, des del medi fins a les mates, passant per la llengua i l\u2019art.<\/span><\/p>\n<p><span style=\"font-weight: 400;\">Finalment, com a tancament, de la nostra investigaci\u00f3, el 3 de desembre, hem anat a l\u2019Aquarium. de Barcelona. Ha estat una visita molt emocionant, hem vist bona part de la fauna marina. Els peixos d\u2019aig\u00fces calentes i fredes, els majestuosos taurons (com tots i totes nosaltres, som la classe dels Taurons !!!) i les espectaculars estrelles de mar.<\/span><\/p>\n<p><img loading=\"lazy\" decoding=\"async\" class=\" wp-image-3606 alignright\" src=\"https:\/\/agora.xtec.cat\/ceipcescaldea\/wp-content\/uploads\/usu863\/2020\/12\/Captura-de-pantalla-2020-12-12-a-las-22.54.37.png\" alt=\"\" width=\"221\" height=\"141\" srcset=\"https:\/\/agora.xtec.cat\/ceipcescaldea\/wp-content\/uploads\/usu863\/2020\/12\/Captura-de-pantalla-2020-12-12-a-las-22.54.37.png 450w, https:\/\/agora.xtec.cat\/ceipcescaldea\/wp-content\/uploads\/usu863\/2020\/12\/Captura-de-pantalla-2020-12-12-a-las-22.54.37-300x192.png 300w\" sizes=\"auto, (max-width: 221px) 100vw, 221px\" \/><\/p>\n<p><span style=\"font-weight: 400;\">Hem fet descobertes molt i molt importants sobre la fauna marina, en general, i sobre les estrelles de mar, en particular.<\/span><\/p>\n<p><span style=\"font-weight: 400;\">Hem pogut observar i tocar estrelles de mar i hem corroborat el resultat de la nostra investigaci\u00f3: <\/span><b>\u201cL\u2019estrella que l\u2019Hugo havia portat a la classe havia viscut al mar i alg\u00fa l\u2019havia dissecat\u201d<\/b><\/p>\n<p>&nbsp;<\/p>\n<p><span style=\"font-weight: 400;\">A continuaci\u00f3, volem compartir amb tots i totes vosaltres les fotos de tot el proc\u00e9s, com tamb\u00e9 de la visita a l\u2019Aquarium. Esperem que gaudiu tant com ho hem fet nosaltres.<\/span><\/p>\n<p><img loading=\"lazy\" decoding=\"async\" class=\"aligncenter wp-image-3610\" src=\"https:\/\/agora.xtec.cat\/ceipcescaldea\/wp-content\/uploads\/usu863\/2020\/12\/Captura-de-pantalla-2020-12-12-a-las-22.57.23.png\" alt=\"\" width=\"591\" height=\"290\" srcset=\"https:\/\/agora.xtec.cat\/ceipcescaldea\/wp-content\/uploads\/usu863\/2020\/12\/Captura-de-pantalla-2020-12-12-a-las-22.57.23.png 994w, https:\/\/agora.xtec.cat\/ceipcescaldea\/wp-content\/uploads\/usu863\/2020\/12\/Captura-de-pantalla-2020-12-12-a-las-22.57.23-300x147.png 300w, https:\/\/agora.xtec.cat\/ceipcescaldea\/wp-content\/uploads\/usu863\/2020\/12\/Captura-de-pantalla-2020-12-12-a-las-22.57.23-768x377.png 768w\" sizes=\"auto, (max-width: 591px) 100vw, 591px\" \/><\/p>\n<p><a href=\"https:\/\/agora.xtec.cat\/ceipcescaldea\/fotos-2n-19-20\/\" target=\"_blank\" rel=\"noopener noreferrer\">AQU\u00cd <\/a>podeu veure totes les imatges.<\/p>\n","protected":false},"excerpt":{"rendered":"<p>Fa setmanes que els nens i nenes de 2n investiguem sobre les estrelles de mar. Tot va comen\u00e7ar el dia [&hellip;]<\/p>\n","protected":false},"author":1,"featured_media":0,"comment_status":"open","ping_status":"closed","sticky":false,"template":"","format":"standard","meta":{"_bbp_topic_count":0,"_bbp_reply_count":0,"_bbp_total_topic_count":0,"_bbp_total_reply_count":0,"_bbp_voice_count":0,"_bbp_anonymous_reply_count":0,"_bbp_topic_count_hidden":0,"_bbp_reply_count_hidden":0,"_bbp_forum_subforum_count":0,"site-sidebar-layout":"default","site-content-layout":"","ast-site-content-layout":"","site-content-style":"default","site-sidebar-style":"default","ast-global-header-display":"","ast-banner-title-visibility":"","ast-main-header-display":"","ast-hfb-above-header-display":"","ast-hfb-below-header-display":"","ast-hfb-mobile-header-display":"","site-post-title":"","ast-breadcrumbs-content":"","ast-featured-img":"","footer-sml-layout":"","theme-transparent-header-meta":"","adv-header-id-meta":"","stick-header-meta":"","header-above-stick-meta":"","header-main-stick-meta":"","header-below-stick-meta":"","astra-migrate-meta-layouts":"default","ast-page-background-enabled":"default","ast-page-background-meta":{"desktop":{"background-color":"var(--ast-global-color-4)","background-image":"","background-repeat":"repeat","background-position":"center center","background-size":"auto","background-attachment":"scroll","background-type":"","background-media":"","overlay-type":"","overlay-color":"","overlay-opacity":"","overlay-gradient":""},"tablet":{"background-color":"","background-image":"","background-repeat":"repeat","background-position":"center center","background-size":"auto","background-attachment":"scroll","background-type":"","background-media":"","overlay-type":"","overlay-color":"","overlay-opacity":"","overlay-gradient":""},"mobile":{"background-color":"","background-image":"","background-repeat":"repeat","background-position":"center center","background-size":"auto","background-attachment":"scroll","background-type":"","background-media":"","overlay-type":"","overlay-color":"","overlay-opacity":"","overlay-gradient":""}},"ast-content-background-meta":{"desktop":{"background-color":"var(--ast-global-color-5)","background-image":"","background-repeat":"repeat","background-position":"center center","background-size":"auto","background-attachment":"scroll","background-type":"","background-media":"","overlay-type":"","overlay-color":"","overlay-opacity":"","overlay-gradient":""},"tablet":{"background-color":"var(--ast-global-color-5)","background-image":"","background-repeat":"repeat","background-position":"center center","background-size":"auto","background-attachment":"scroll","background-type":"","background-media":"","overlay-type":"","overlay-color":"","overlay-opacity":"","overlay-gradient":""},"mobile":{"background-color":"var(--ast-global-color-5)","background-image":"","background-repeat":"repeat","background-position":"center center","background-size":"auto","background-attachment":"scroll","background-type":"","background-media":"","overlay-type":"","overlay-color":"","overlay-opacity":"","overlay-gradient":""}},"footnotes":""},"categories":[1,4],"tags":[88,79,86,16,84],"class_list":["post-3604","post","type-post","status-publish","format-standard","hentry","category-general","category-portada","tag-2n","tag-curs-20-21","tag-investiguem","tag-sortides","tag-vida-a-laula"],"post_mailing_queue_ids":[],"_links":{"self":[{"href":"https:\/\/agora.xtec.cat\/ceipcescaldea\/wp-json\/wp\/v2\/posts\/3604","targetHints":{"allow":["GET"]}}],"collection":[{"href":"https:\/\/agora.xtec.cat\/ceipcescaldea\/wp-json\/wp\/v2\/posts"}],"about":[{"href":"https:\/\/agora.xtec.cat\/ceipcescaldea\/wp-json\/wp\/v2\/types\/post"}],"author":[{"embeddable":true,"href":"https:\/\/agora.xtec.cat\/ceipcescaldea\/wp-json\/wp\/v2\/users\/1"}],"replies":[{"embeddable":true,"href":"https:\/\/agora.xtec.cat\/ceipcescaldea\/wp-json\/wp\/v2\/comments?post=3604"}],"version-history":[{"count":2,"href":"https:\/\/agora.xtec.cat\/ceipcescaldea\/wp-json\/wp\/v2\/posts\/3604\/revisions"}],"predecessor-version":[{"id":3622,"href":"https:\/\/agora.xtec.cat\/ceipcescaldea\/wp-json\/wp\/v2\/posts\/3604\/revisions\/3622"}],"wp:attachment":[{"href":"https:\/\/agora.xtec.cat\/ceipcescaldea\/wp-json\/wp\/v2\/media?parent=3604"}],"wp:term":[{"taxonomy":"category","embeddable":true,"href":"https:\/\/agora.xtec.cat\/ceipcescaldea\/wp-json\/wp\/v2\/categories?post=3604"},{"taxonomy":"post_tag","embeddable":true,"href":"https:\/\/agora.xtec.cat\/ceipcescaldea\/wp-json\/wp\/v2\/tags?post=3604"}],"curies":[{"name":"wp","href":"https:\/\/api.w.org\/{rel}","templated":true}]}}