{"id":3579,"date":"2020-12-09T17:12:51","date_gmt":"2020-12-09T16:12:51","guid":{"rendered":"http:\/\/agora.xtec.cat\/ceipcescaldea\/?p=3579"},"modified":"2020-12-12T22:35:23","modified_gmt":"2020-12-12T21:35:23","slug":"la-lluna-els-planetes-i-el-sistema-solar","status":"publish","type":"post","link":"https:\/\/agora.xtec.cat\/ceipcescaldea\/general\/la-lluna-els-planetes-i-el-sistema-solar\/","title":{"rendered":"LA LLUNA, ELS PLANETES I EL SISTEMA SOLAR (1R)"},"content":{"rendered":"<p><span style=\"font-weight: 400;\"><img loading=\"lazy\" decoding=\"async\" class=\" wp-image-3580 alignright\" src=\"https:\/\/agora.xtec.cat\/ceipcescaldea\/wp-content\/uploads\/usu863\/2020\/12\/8d6fa8cc-dfb0-48a1-96e1-f37c3d5c1f71-1024x768.jpg\" alt=\"\" width=\"299\" height=\"224\" srcset=\"https:\/\/agora.xtec.cat\/ceipcescaldea\/wp-content\/uploads\/usu863\/2020\/12\/8d6fa8cc-dfb0-48a1-96e1-f37c3d5c1f71.jpg 1024w, https:\/\/agora.xtec.cat\/ceipcescaldea\/wp-content\/uploads\/usu863\/2020\/12\/8d6fa8cc-dfb0-48a1-96e1-f37c3d5c1f71-300x225.jpg 300w, https:\/\/agora.xtec.cat\/ceipcescaldea\/wp-content\/uploads\/usu863\/2020\/12\/8d6fa8cc-dfb0-48a1-96e1-f37c3d5c1f71-768x576.jpg 768w, https:\/\/agora.xtec.cat\/ceipcescaldea\/wp-content\/uploads\/usu863\/2020\/12\/8d6fa8cc-dfb0-48a1-96e1-f37c3d5c1f71-200x150.jpg 200w\" sizes=\"auto, (max-width: 299px) 100vw, 299px\" \/>Com ja sabeu, durant aquest primer trimestre, hem estat fent diverses investigacions sobre els planetes, la lluna i els cossos celestes que podem trobar a l\u2019espai. Arrel d\u2019aquestes investigacions han sortit conceptes molt interessants per continuar avan\u00e7ant i aprofundit en les nostres cerques.<\/span><\/p>\n<p><span style=\"font-weight: 400;\">La visita al MNACTEC va ser fascinant. Vam posar-nos en la pell d\u2019un\/a astronauta per un dia a dins de l\u2019estaci\u00f3 espacial MIR. Ens va ajudar molt a entendre com viuen els astronautes a dins d\u2019un espai tan petit.<\/span><\/p>\n<p><span style=\"font-weight: 400;\">Hem portat a la practica el nostre particular Big-Bang amb un globus i diferents boletes de plastilina. Ens va resultar un recurs molt visual per imaginar-nos com va ser aquella explosi\u00f3 que va ocorre fa milions d\u2019anys. Tanmateix, vam fer un mapa conceptual amb aquelles paraules claus necessitaries per definir el big-bang i aix\u00ed organitzar la informaci\u00f3 obtinguda.\u00a0<\/span><\/p>\n<p><span style=\"font-weight: 400;\">Els planetes ens fascinen! Cada setmana descobrim un planeta diferent a trav\u00e9s de la visualitzaci\u00f3 de petits curts o b\u00e9 a trav\u00e9s de la lectura de diferents fonts d\u2019informaci\u00f3 escrites. A m\u00e9s a m\u00e9s, estem treballant molt per crear el nostre planetari a classe. Per fer-ho utilitzem globus, paper, cola i pintura. Podeu veure el proc\u00e9s a les fotografies.<\/span><\/p>\n<p><img loading=\"lazy\" decoding=\"async\" class=\"wp-image-3581 alignleft\" src=\"https:\/\/agora.xtec.cat\/ceipcescaldea\/wp-content\/uploads\/usu863\/2020\/12\/IMG_1754-1-1024x768.jpg\" alt=\"\" width=\"431\" height=\"323\" srcset=\"https:\/\/agora.xtec.cat\/ceipcescaldea\/wp-content\/uploads\/usu863\/2020\/12\/IMG_1754-1-1024x768.jpg 1024w, https:\/\/agora.xtec.cat\/ceipcescaldea\/wp-content\/uploads\/usu863\/2020\/12\/IMG_1754-1-300x225.jpg 300w, https:\/\/agora.xtec.cat\/ceipcescaldea\/wp-content\/uploads\/usu863\/2020\/12\/IMG_1754-1-768x576.jpg 768w, https:\/\/agora.xtec.cat\/ceipcescaldea\/wp-content\/uploads\/usu863\/2020\/12\/IMG_1754-1-200x150.jpg 200w, https:\/\/agora.xtec.cat\/ceipcescaldea\/wp-content\/uploads\/usu863\/2020\/12\/IMG_1754-1.jpg 1680w\" sizes=\"auto, (max-width: 431px) 100vw, 431px\" \/><\/p>\n<p><span style=\"font-weight: 400;\">Sobre la lluna vam veure diferents v\u00eddeos per fer-nos una idea de com \u00e9s aquest sat\u00e8l\u00b7lit, per\u00f2 sens dubte el que m\u00e9s ens va agradar va ser el moment de crear la sorra lunar. Vam crear llunes i tamb\u00e9 vam escenificar els cr\u00e0ters lunars amb pedres que vam recollir del pati.\u00a0<\/span><\/p>\n<p><span style=\"font-weight: 400;\">A mesura que parl\u00e0vem dels planetes ens sorgien dubtes sobre les dist\u00e0ncies de cadascun dels planetes al sol. A trav\u00e9s d\u2019aquesta inquietud vam treballar aspectes pr\u00f2piament matem\u00e0tics i ens vam posar mans a l\u2019obra per mesurar aquestes dist\u00e0ncies i seguidament representar-ho gr\u00e0ficament al terra.<\/span><\/p>\n<p><span style=\"font-weight: 400;\">A continuaci\u00f3, podeu mirar les <a href=\"https:\/\/agora.xtec.cat\/ceipcescaldea\/fotos-1r-19-20\/\" target=\"_blank\" rel=\"noopener noreferrer\">FOTOGRAFIES<\/a><\/span><span style=\"font-weight: 400;\">\u00a0de les diferents investigacions i experiments que hem realitzat fins ara. Com veureu ens hem esfor\u00e7at molt en descobrir i argumentar les noves informacions que trob\u00e0vem i posteriorment comprov\u00e0vem. No ha estat una feina gens f\u00e0cil, per\u00f2 sens dubte som aut\u00e8ntics\/es cient\u00edfics i cient\u00edfiques.\u00a0<\/span><\/p>\n<p><span style=\"font-weight: 400;\">Finalment, agrair-vos la vostra i implicaci\u00f3 amb la classe dels planetes. Alguns nens i nenes han portat llibres de casa i maquetes xul\u00edssimes! Sens dubte ens han sigut de gran ajuda. Espero que gaudiu d\u2019aquestes fotografies tant com nosaltres\u00a0 vam gaudir fent-ho.<\/span><\/p>\n","protected":false},"excerpt":{"rendered":"<p>Com ja sabeu, durant aquest primer trimestre, hem estat fent diverses investigacions sobre els planetes, la lluna i els cossos [&hellip;]<\/p>\n","protected":false},"author":1,"featured_media":0,"comment_status":"open","ping_status":"closed","sticky":false,"template":"","format":"standard","meta":{"_bbp_topic_count":0,"_bbp_reply_count":0,"_bbp_total_topic_count":0,"_bbp_total_reply_count":0,"_bbp_voice_count":0,"_bbp_anonymous_reply_count":0,"_bbp_topic_count_hidden":0,"_bbp_reply_count_hidden":0,"_bbp_forum_subforum_count":0,"site-sidebar-layout":"default","site-content-layout":"","ast-site-content-layout":"","site-content-style":"default","site-sidebar-style":"default","ast-global-header-display":"","ast-banner-title-visibility":"","ast-main-header-display":"","ast-hfb-above-header-display":"","ast-hfb-below-header-display":"","ast-hfb-mobile-header-display":"","site-post-title":"","ast-breadcrumbs-content":"","ast-featured-img":"","footer-sml-layout":"","theme-transparent-header-meta":"","adv-header-id-meta":"","stick-header-meta":"","header-above-stick-meta":"","header-main-stick-meta":"","header-below-stick-meta":"","astra-migrate-meta-layouts":"default","ast-page-background-enabled":"default","ast-page-background-meta":{"desktop":{"background-color":"var(--ast-global-color-4)","background-image":"","background-repeat":"repeat","background-position":"center center","background-size":"auto","background-attachment":"scroll","background-type":"","background-media":"","overlay-type":"","overlay-color":"","overlay-opacity":"","overlay-gradient":""},"tablet":{"background-color":"","background-image":"","background-repeat":"repeat","background-position":"center center","background-size":"auto","background-attachment":"scroll","background-type":"","background-media":"","overlay-type":"","overlay-color":"","overlay-opacity":"","overlay-gradient":""},"mobile":{"background-color":"","background-image":"","background-repeat":"repeat","background-position":"center center","background-size":"auto","background-attachment":"scroll","background-type":"","background-media":"","overlay-type":"","overlay-color":"","overlay-opacity":"","overlay-gradient":""}},"ast-content-background-meta":{"desktop":{"background-color":"var(--ast-global-color-5)","background-image":"","background-repeat":"repeat","background-position":"center center","background-size":"auto","background-attachment":"scroll","background-type":"","background-media":"","overlay-type":"","overlay-color":"","overlay-opacity":"","overlay-gradient":""},"tablet":{"background-color":"var(--ast-global-color-5)","background-image":"","background-repeat":"repeat","background-position":"center center","background-size":"auto","background-attachment":"scroll","background-type":"","background-media":"","overlay-type":"","overlay-color":"","overlay-opacity":"","overlay-gradient":""},"mobile":{"background-color":"var(--ast-global-color-5)","background-image":"","background-repeat":"repeat","background-position":"center center","background-size":"auto","background-attachment":"scroll","background-type":"","background-media":"","overlay-type":"","overlay-color":"","overlay-opacity":"","overlay-gradient":""}},"footnotes":""},"categories":[1,4],"tags":[79,86,84],"class_list":["post-3579","post","type-post","status-publish","format-standard","hentry","category-general","category-portada","tag-curs-20-21","tag-investiguem","tag-vida-a-laula"],"post_mailing_queue_ids":[],"_links":{"self":[{"href":"https:\/\/agora.xtec.cat\/ceipcescaldea\/wp-json\/wp\/v2\/posts\/3579","targetHints":{"allow":["GET"]}}],"collection":[{"href":"https:\/\/agora.xtec.cat\/ceipcescaldea\/wp-json\/wp\/v2\/posts"}],"about":[{"href":"https:\/\/agora.xtec.cat\/ceipcescaldea\/wp-json\/wp\/v2\/types\/post"}],"author":[{"embeddable":true,"href":"https:\/\/agora.xtec.cat\/ceipcescaldea\/wp-json\/wp\/v2\/users\/1"}],"replies":[{"embeddable":true,"href":"https:\/\/agora.xtec.cat\/ceipcescaldea\/wp-json\/wp\/v2\/comments?post=3579"}],"version-history":[{"count":3,"href":"https:\/\/agora.xtec.cat\/ceipcescaldea\/wp-json\/wp\/v2\/posts\/3579\/revisions"}],"predecessor-version":[{"id":3600,"href":"https:\/\/agora.xtec.cat\/ceipcescaldea\/wp-json\/wp\/v2\/posts\/3579\/revisions\/3600"}],"wp:attachment":[{"href":"https:\/\/agora.xtec.cat\/ceipcescaldea\/wp-json\/wp\/v2\/media?parent=3579"}],"wp:term":[{"taxonomy":"category","embeddable":true,"href":"https:\/\/agora.xtec.cat\/ceipcescaldea\/wp-json\/wp\/v2\/categories?post=3579"},{"taxonomy":"post_tag","embeddable":true,"href":"https:\/\/agora.xtec.cat\/ceipcescaldea\/wp-json\/wp\/v2\/tags?post=3579"}],"curies":[{"name":"wp","href":"https:\/\/api.w.org\/{rel}","templated":true}]}}