{"id":3549,"date":"2020-11-17T22:27:37","date_gmt":"2020-11-17T21:27:37","guid":{"rendered":"http:\/\/agora.xtec.cat\/ceipcescaldea\/?p=3549"},"modified":"2020-11-17T22:40:19","modified_gmt":"2020-11-17T21:40:19","slug":"p3-a-jalpiaventura","status":"publish","type":"post","link":"https:\/\/agora.xtec.cat\/ceipcescaldea\/general\/p3-a-jalpiaventura\/","title":{"rendered":"P3 A JALPIAVENTURA"},"content":{"rendered":"<p style=\"text-align: justify;\">Fam\u00edlies,<\/p>\n<p style=\"text-align: justify;\">El passat 10 de novembre la classe de\u00a0P3 &#8220;Els monstres&#8221;\u00a0va fer la seva primera sortida de dia sencer i en autocar a Jalpiaventura -Arenys de Munt. Tal i com el seu nom diu, va ser tota una aventura!\u00a0Dies previs vam estar anticipant la sortida projectant a la pantalla de classe fotografies del bosc i del parc, com tamb\u00e9 imatges de l&#8217;autocar.<\/p>\n<p style=\"text-align: justify;\">Quan va arribar el dia, amb les nostres motxilles i mascaretes posades, vam sortir de l&#8217;escola. Mares, pares, familiars ens van acomiadar a la porta. A l&#8217;autocar, el conductor molt amablement ens va posar una pel\u00b7l\u00edcula a la pantalla. Un cop vam arribar al bosc, vam esmorzar en unes taules de p\u00edcnic.<\/p>\n<p style=\"text-align: justify;\"><img loading=\"lazy\" decoding=\"async\" class=\"wp-image-3557 alignright\" src=\"https:\/\/agora.xtec.cat\/ceipcescaldea\/wp-content\/uploads\/usu863\/2020\/11\/IMG_20201110_124853-1024x768.jpg\" alt=\"\" width=\"383\" height=\"288\" srcset=\"https:\/\/agora.xtec.cat\/ceipcescaldea\/wp-content\/uploads\/usu863\/2020\/11\/IMG_20201110_124853-1024x768.jpg 1024w, https:\/\/agora.xtec.cat\/ceipcescaldea\/wp-content\/uploads\/usu863\/2020\/11\/IMG_20201110_124853-300x225.jpg 300w, https:\/\/agora.xtec.cat\/ceipcescaldea\/wp-content\/uploads\/usu863\/2020\/11\/IMG_20201110_124853-768x576.jpg 768w, https:\/\/agora.xtec.cat\/ceipcescaldea\/wp-content\/uploads\/usu863\/2020\/11\/IMG_20201110_124853-200x150.jpg 200w, https:\/\/agora.xtec.cat\/ceipcescaldea\/wp-content\/uploads\/usu863\/2020\/11\/IMG_20201110_124853.jpg 1111w\" sizes=\"auto, (max-width: 383px) 100vw, 383px\" \/><\/p>\n<p style=\"text-align: justify;\">De seguida vam comen\u00e7ar a realitzar l&#8217;activitat al parc Jalpiaventura. Els monitors ens van posar els arn\u00e9s i vam comen\u00e7ar el circuit dalt dels arbres. Quina emoci\u00f3! Alguns nens i nenes van decidir no pujar-hi, per\u00f2 ens van acompanyar observant com ens despla\u00e7\u00e0vem, camin\u00e0vem i salt\u00e0vem pels arbres. Va ser una activitat for\u00e7a cansada, per\u00f2 ens va agradar.<\/p>\n<p style=\"text-align: justify;\">M\u00e9s tard, vam tornar a les taules de p\u00edcnic en busca del dinar. La majoria, per\u00f2, no ten\u00edem massa gana. Vol\u00edem c\u00f3rrer pel bosc, jugar, enfilar-nos muntanya amunt, baixar&#8230; No oblidarem el passeig pel llac amb \u00e0necs i tortugues. Ens va enamorar i ens va tenir ben distrets\/es una estona.<\/p>\n<p style=\"text-align: justify;\">La tornada va ser molt tranquil\u00b7la, ja que ens vam adormir a l&#8217;autocar. En arribar a l&#8217;escola, pares i mares ens estaven esperant amb il\u00b7lusi\u00f3 per saber com est\u00e0vem i per com hav\u00edem passat el dia. Molts i moltes vam dormir dol\u00e7ament per carregar piles per a la propera sortida.<\/p>\n<p style=\"text-align: justify;\">Podeu veure totes les imatges <a href=\"https:\/\/agora.xtec.cat\/ceipcescaldea\/fotos-p3-19-20\/\" target=\"_blank\" rel=\"noopener noreferrer\">aqu\u00ed<\/a>.<\/p>\n<p style=\"text-align: justify;\">Una abra\u00e7ada,<\/p>\n<p style=\"text-align: justify;\">&#8211; La classe dels monstres-<\/p>\n<p>&nbsp;<\/p>\n<p style=\"text-align: justify;\">Tamb\u00e9 podeu veure les imatges de P4, Classe de es rates, <a href=\"https:\/\/agora.xtec.cat\/ceipcescaldea\/fotos-p4-19-20\/\" target=\"_blank\" rel=\"noopener noreferrer\">aqu\u00ed<\/a>.<\/p>\n<p style=\"text-align: justify;\">I les des P5, Classe del Paper, <a href=\"https:\/\/agora.xtec.cat\/ceipcescaldea\/fotos-p5-19-20\/\" target=\"_blank\" rel=\"noopener noreferrer\">aqu\u00ed<\/a>.<\/p>\n<p style=\"text-align: justify;\">\n<div><\/div>\n","protected":false},"excerpt":{"rendered":"<p>Fam\u00edlies, El passat 10 de novembre la classe de\u00a0P3 &#8220;Els monstres&#8221;\u00a0va fer la seva primera sortida de dia sencer i [&hellip;]<\/p>\n","protected":false},"author":1,"featured_media":0,"comment_status":"open","ping_status":"closed","sticky":false,"template":"","format":"standard","meta":{"_bbp_topic_count":0,"_bbp_reply_count":0,"_bbp_total_topic_count":0,"_bbp_total_reply_count":0,"_bbp_voice_count":0,"_bbp_anonymous_reply_count":0,"_bbp_topic_count_hidden":0,"_bbp_reply_count_hidden":0,"_bbp_forum_subforum_count":0,"site-sidebar-layout":"default","site-content-layout":"","ast-site-content-layout":"","site-content-style":"default","site-sidebar-style":"default","ast-global-header-display":"","ast-banner-title-visibility":"","ast-main-header-display":"","ast-hfb-above-header-display":"","ast-hfb-below-header-display":"","ast-hfb-mobile-header-display":"","site-post-title":"","ast-breadcrumbs-content":"","ast-featured-img":"","footer-sml-layout":"","theme-transparent-header-meta":"","adv-header-id-meta":"","stick-header-meta":"","header-above-stick-meta":"","header-main-stick-meta":"","header-below-stick-meta":"","astra-migrate-meta-layouts":"default","ast-page-background-enabled":"default","ast-page-background-meta":{"desktop":{"background-color":"var(--ast-global-color-4)","background-image":"","background-repeat":"repeat","background-position":"center center","background-size":"auto","background-attachment":"scroll","background-type":"","background-media":"","overlay-type":"","overlay-color":"","overlay-opacity":"","overlay-gradient":""},"tablet":{"background-color":"","background-image":"","background-repeat":"repeat","background-position":"center center","background-size":"auto","background-attachment":"scroll","background-type":"","background-media":"","overlay-type":"","overlay-color":"","overlay-opacity":"","overlay-gradient":""},"mobile":{"background-color":"","background-image":"","background-repeat":"repeat","background-position":"center center","background-size":"auto","background-attachment":"scroll","background-type":"","background-media":"","overlay-type":"","overlay-color":"","overlay-opacity":"","overlay-gradient":""}},"ast-content-background-meta":{"desktop":{"background-color":"var(--ast-global-color-5)","background-image":"","background-repeat":"repeat","background-position":"center center","background-size":"auto","background-attachment":"scroll","background-type":"","background-media":"","overlay-type":"","overlay-color":"","overlay-opacity":"","overlay-gradient":""},"tablet":{"background-color":"var(--ast-global-color-5)","background-image":"","background-repeat":"repeat","background-position":"center center","background-size":"auto","background-attachment":"scroll","background-type":"","background-media":"","overlay-type":"","overlay-color":"","overlay-opacity":"","overlay-gradient":""},"mobile":{"background-color":"var(--ast-global-color-5)","background-image":"","background-repeat":"repeat","background-position":"center center","background-size":"auto","background-attachment":"scroll","background-type":"","background-media":"","overlay-type":"","overlay-color":"","overlay-opacity":"","overlay-gradient":""}},"footnotes":""},"categories":[1,4],"tags":[79,50,16],"class_list":["post-3549","post","type-post","status-publish","format-standard","hentry","category-general","category-portada","tag-curs-20-21","tag-i3","tag-sortides"],"post_mailing_queue_ids":[],"_links":{"self":[{"href":"https:\/\/agora.xtec.cat\/ceipcescaldea\/wp-json\/wp\/v2\/posts\/3549","targetHints":{"allow":["GET"]}}],"collection":[{"href":"https:\/\/agora.xtec.cat\/ceipcescaldea\/wp-json\/wp\/v2\/posts"}],"about":[{"href":"https:\/\/agora.xtec.cat\/ceipcescaldea\/wp-json\/wp\/v2\/types\/post"}],"author":[{"embeddable":true,"href":"https:\/\/agora.xtec.cat\/ceipcescaldea\/wp-json\/wp\/v2\/users\/1"}],"replies":[{"embeddable":true,"href":"https:\/\/agora.xtec.cat\/ceipcescaldea\/wp-json\/wp\/v2\/comments?post=3549"}],"version-history":[{"count":3,"href":"https:\/\/agora.xtec.cat\/ceipcescaldea\/wp-json\/wp\/v2\/posts\/3549\/revisions"}],"predecessor-version":[{"id":3559,"href":"https:\/\/agora.xtec.cat\/ceipcescaldea\/wp-json\/wp\/v2\/posts\/3549\/revisions\/3559"}],"wp:attachment":[{"href":"https:\/\/agora.xtec.cat\/ceipcescaldea\/wp-json\/wp\/v2\/media?parent=3549"}],"wp:term":[{"taxonomy":"category","embeddable":true,"href":"https:\/\/agora.xtec.cat\/ceipcescaldea\/wp-json\/wp\/v2\/categories?post=3549"},{"taxonomy":"post_tag","embeddable":true,"href":"https:\/\/agora.xtec.cat\/ceipcescaldea\/wp-json\/wp\/v2\/tags?post=3549"}],"curies":[{"name":"wp","href":"https:\/\/api.w.org\/{rel}","templated":true}]}}