{"id":3436,"date":"2020-05-08T22:25:47","date_gmt":"2020-05-08T20:25:47","guid":{"rendered":"http:\/\/agora.xtec.cat\/ceipcescaldea\/?p=3436"},"modified":"2020-06-09T10:26:34","modified_gmt":"2020-06-09T08:26:34","slug":"preinscricio-curs-2020-21","status":"publish","type":"post","link":"https:\/\/agora.xtec.cat\/ceipcescaldea\/general\/preinscricio-curs-2020-21\/","title":{"rendered":"PREINSCRICI\u00d3 CURS 2020\/21"},"content":{"rendered":"<div data-automation-section-type=\"paragraphSection\">\n<div class=\"paragraph-viewer\">\n<div class=\"viewport-monitor\">\n<div class=\"section-title\">\n<div class=\"line-container\">\n<div class=\"viewport-monitor\">\n<h5><span style=\"color: #17acbd;\"><strong>BAREM DEFINITIU :<\/strong><\/span><\/h5>\n<h6><span style=\"color: #000000;\">Cliqueu <a href=\"https:\/\/drive.google.com\/file\/d\/1M0tXWJN9CmYEFN3rttFmcJk1hi7u9tp8\/view?usp=sharing\" target=\"_blank\" rel=\"noopener noreferrer\">AQU\u00cd<\/a> per consultar-lo.<\/span><\/h6>\n<h6><span style=\"color: #000000;\">Si teniu algun dubte, podeu escriure al a8041246@xtec.cat per m\u00e9s informaci\u00f3.<\/span><\/h6>\n<h5><\/h5>\n<h5><span style=\"color: #17acbd;\"><strong>DATES<\/strong><\/span><\/h5>\n<\/div>\n<\/div>\n<\/div>\n<div class=\"viewport-monitor\">\n<p>Del 13 al 22 de maig de manera telem\u00e0tica (OPCI\u00d3 RECOMANADA)<\/p>\n<p>Del 19 al 22 de maig de manera presencial, sempre amb cita pr\u00e8via (la podeu demanar des del dia 13 de maig de 9h a 13h trucant al 673083778 o enviant un correu electr\u00f2nic a8041246@xtec.cat)<\/p>\n<p>&nbsp;<\/p>\n<\/div>\n<\/div>\n<\/div>\n<\/div>\n<div data-automation-section-type=\"paragraphSection\">\n<div class=\"paragraph-viewer\">\n<div class=\"viewport-monitor\">\n<div class=\"section-title\">\n<div class=\"line-container\">\n<div class=\"viewport-monitor\">\n<h5><span style=\"color: #17acbd;\"><strong>OPCI\u00d3 TELEM\u00c0TICA (RECOMANADA)<\/strong><\/span><\/h5>\n<\/div>\n<\/div>\n<\/div>\n<div class=\"viewport-monitor\">\n<p>El tr\u00e0mit es podr\u00e0 fer en l\u00ednia <a href=\"http:\/\/ensenyament.gencat.cat\/ca\/tramits\/tramits-temes\/20483_preinscripcio_escolar?moda=1\" target=\"_blank\" rel=\"noopener noreferrer\">AQU\u00cd<\/a> . (part inferior de la pantalla, on diu &#8220;per internet&#8221;, &#8220;sol\u00b7licitud amb suport inform\u00e0tic&#8221; i clicar al costat al boto vermell &#8220;ves-hi&#8221;<\/p>\n<p>Quan feu la sol\u00b7licitud, caldr\u00e0 que ens envieu el resguard que us generar\u00e0 el programa aix\u00ed com tota la documentaci\u00f3 requerida al correu electr\u00f2nic del centre: a8041246@xtec.cat<\/p>\n<p>Us enviarem un correu dient que l&#8217;hem rebut correctament.<\/p>\n<\/div>\n<\/div>\n<\/div>\n<\/div>\n<div class=\"\">\n<div class=\"viewport-monitor\">\n<div><\/div>\n<\/div>\n<\/div>\n<div data-automation-section-type=\"paragraphSection\">\n<div class=\"paragraph-viewer\">\n<div class=\"viewport-monitor\">\n<div class=\"section-title\">\n<div class=\"list-label-container\">\n<div class=\"none\"><\/div>\n<\/div>\n<div class=\"line-container\">\n<div class=\"viewport-monitor\">\n<h5><span style=\"color: #17acbd;\"><strong>OPCI\u00d3 PRESENCIAL<\/strong><\/span><\/h5>\n<\/div>\n<\/div>\n<\/div>\n<div class=\"viewport-monitor\">\n<p>Quan tingueu hora, us agra\u00efrem que vingueu al centre amb la sol\u00b7licitud plena (<a href=\"https:\/\/drive.google.com\/file\/d\/1tm2ZUNEfAqqd5gtGBh-mdITVIB1qmCe1\/view?usp=sharing\" target=\"_blank\" rel=\"noopener noreferrer\">descarregueu-la aqu\u00ed<\/a>) i tota la documentaci\u00f3 fotocopiada.<\/p>\n<p>Si teniu algun dubte i us hem d&#8217;ajudar a omplir la sol\u00b7licitud, \u00e9s preferible que porteu el vostre bol\u00edgraf de casa.<\/p>\n<p>Us demanem que nom\u00e9s hi vagi una persona per alumne\/s i que segueixi les indicacions de portar mascareta i guants.<\/p>\n<p>&nbsp;<\/p>\n<\/div>\n<\/div>\n<\/div>\n<\/div>\n<div class=\"\">\n<div class=\"viewport-monitor\">\n<div class=\"section-title\">\n<div class=\"line-container\">\n<div class=\"viewport-monitor\">\n<h5><span style=\"color: #17acbd;\"><strong>DOCUMENTACI\u00d3<\/strong><\/span><\/h5>\n<\/div>\n<\/div>\n<\/div>\n<div class=\"viewport-monitor\">\n<p><span style=\"font-weight: 400;\">&#8211; Fotoc\u00f2pia del DNI de la persona sol\u00b7licitant (pare, mare o tutor\/a legal de l&#8217;alumne) (amb l&#8217;adre\u00e7a actualitzada).<\/span><\/p>\n<p>&#8211; Fotoc\u00f2pia del llibre de fam\u00edlia.<\/p>\n<p>&nbsp;<\/p>\n<p><span style=\"font-weight: 400;\">&#8211; Fotoc\u00f2pia del padr\u00f3, nom\u00e9s en el cas que encara no tinguin l&#8217;adre\u00e7a actualitzada al DNI.<\/span><\/p>\n<p><span style=\"font-weight: 400;\">&#8211; DNI de l&#8217;alumne, nom\u00e9s si en t\u00e9.<\/span><\/p>\n<p>&#8211; Fotoc\u00f2pia del carnet de fam\u00edlia nombrosa o monoparental, nom\u00e9s si \u00e9s el cas.<\/p>\n<p>&nbsp;<\/p>\n<h5><span style=\"color: #17acbd;\"><strong>PLACES QUE OFERTA L&#8217;ESCOLA<\/strong><\/span><\/h5>\n<p>Podeu consultar <a href=\"https:\/\/drive.google.com\/file\/d\/1U9B-wggyEPBp0P5ZaVsBmdYw-rkXoqbH\/view?usp=sharing\" target=\"_blank\" rel=\"noopener noreferrer\">aqu\u00ed<\/a> l&#8217;oferta de places del nostre centre.<\/p>\n<p>&nbsp;<\/p>\n<\/div>\n<\/div>\n<\/div>\n<div data-automation-section-type=\"paragraphSection\">\n<div class=\"paragraph-viewer\">\n<div class=\"viewport-monitor\">\n<div class=\"section-title\">\n<div class=\"line-container\">\n<div class=\"viewport-monitor\">\n<h5><span style=\"color: #17acbd;\"><strong>PUNTUACI\u00d3<\/strong><\/span><\/h5>\n<\/div>\n<\/div>\n<\/div>\n<div class=\"viewport-monitor\">\n<p>Si rebem m\u00e9s sol\u00b7licituds que places disponibles, els criteris de prioritat estableixen quin infant t\u00e9 prefer\u00e8ncia a partir del seg\u00fcent sistema de punts.<\/p>\n<p><img loading=\"lazy\" decoding=\"async\" class=\"ql-image\" src=\"https:\/\/res-format-story.playbuzz.com\/emojis-3.1\/64x64_png\/1f468-1f469-1f467-1f466.png\" width=\"34\" height=\"34\" \/> Si l\u2019alumne\/a t\u00e9 germans escolaritzats al centre educatiu, o pares o tutors legals que hi treballen: 40 punts.<br \/>\n<img loading=\"lazy\" decoding=\"async\" class=\"ql-image\" src=\"https:\/\/res-format-story.playbuzz.com\/emojis-3.1\/64x64_png\/1f4b6.png\" width=\"34\" height=\"34\" \/> Si el pare, mare o tutor\/a s\u00f3n beneficiaris de l\u2019ajut de la renda m\u00ednima d\u2019inserci\u00f3, calculat en funci\u00f3 dels fills a c\u00e0rrec: 10 punts.<br \/>\n<img loading=\"lazy\" decoding=\"async\" class=\"ql-image\" src=\"https:\/\/res-format-story.playbuzz.com\/emojis-3.1\/64x64_png\/267f.png\" width=\"30\" height=\"30\" \/> Si l\u2019alumne\/a, pare, mare, tutor\/a, germ\u00e0\/ana acrediten una discapacitat igual o superior al 33 %: 10 punts.<br \/>\n<img loading=\"lazy\" decoding=\"async\" class=\"ql-image\" src=\"https:\/\/res-format-story.playbuzz.com\/emojis-3.1\/64x64_png\/1f3e0.png\" width=\"28\" height=\"28\" \/> Si el domicili de l\u2019alumne\/a \u00e9s a l\u2019\u00e0rea d\u2019influ\u00e8ncia del centre: 30 punts.<br \/>\n<img loading=\"lazy\" decoding=\"async\" class=\"ql-image\" src=\"https:\/\/res-format-story.playbuzz.com\/emojis-3.1\/64x64_png\/1f5a5.png\" width=\"33\" height=\"33\" \/> Si el lloc de treball (de pare, mare, tutor\/a) \u00e9s a l\u2019\u00e0rea d\u2019influ\u00e8ncia del centre: 20 punts.<br \/>\n<img loading=\"lazy\" decoding=\"async\" class=\"ql-image\" src=\"https:\/\/res-format-story.playbuzz.com\/emojis-3.1\/64x64_png\/1f3d9.png\" width=\"30\" height=\"30\" \/> A infantil i prim\u00e0ria, si el domicili habitual \u00e9s al mateix districte del centre: 15 punts.<br \/>\n<img loading=\"lazy\" decoding=\"async\" class=\"ql-image\" src=\"https:\/\/res-format-story.playbuzz.com\/emojis-3.1\/64x64_png\/1f306.png\" width=\"32\" height=\"32\" \/> Si el domicili habitual \u00e9s al mateix municipi del centre sol\u00b7licitat en primer lloc, per\u00f2 no a l&#8217;\u00e0rea d\u2019influ\u00e8ncia: 10 punts.<br \/>\n<img loading=\"lazy\" decoding=\"async\" class=\"ql-image\" src=\"https:\/\/res-format-story.playbuzz.com\/emojis-3.1\/64x64_png\/1f469-1f467.png\" width=\"31\" height=\"31\" \/>Com a criteris complementaris de desempat, hi ha el de fam\u00edlia nombrosa o monoparental (15 punts).<\/p>\n<\/div>\n<\/div>\n<\/div>\n<\/div>\n<div><\/div>\n<div><\/div>\n<div data-automation-section-type=\"paragraphSection\">\n<div class=\"paragraph-viewer\">\n<div class=\"viewport-monitor\">\n<div class=\"section-title\">\n<div class=\"list-label-container\">\n<div class=\"none\"><\/div>\n<\/div>\n<div class=\"line-container\">\n<div class=\"viewport-monitor\">\n<div class=\"FW_sPregunta FW_sImpacte\">\n<div class=\"FW_sArticleFoto\">\n<div class=\"FW_sEditPro\">\n<h5><span style=\"color: #17acbd;\"><strong>CALENDARI PREVIST\u00a0<\/strong><\/span><\/h5>\n<p><strong>Atenci\u00f3: Les dates proposades del mes de juny i posteriors s\u00f3n provisionals i poden variar en funci\u00f3 de l\u2019evoluci\u00f3 de la pand\u00e8mia.<\/strong><\/p>\n<ul>\n<li>Llista de sol\u00b7licituds amb la puntuaci\u00f3 provisional: 29 de maig de 2020<\/li>\n<li>Presentaci\u00f3 de reclamacions: del 2 al 5 de juny de 2020<\/li>\n<li>Llista de sol\u00b7licituds amb la puntuaci\u00f3 un cop resoltes les reclamacions: 9 de juny de 2020<\/li>\n<li>Sorteig del n\u00famero de desempat: 9 de juny de 2020, a les 11 h<\/li>\n<li>Llista ordenada definitiva: 11 de juny de 2020<\/li>\n<li>Ampliaci\u00f3 de petici\u00f3 de centres per a les sol\u00b7licituds que no han obtingut cap assignaci\u00f3 (assignaci\u00f3 d\u2019ofici): del del 26 al 29 de juny de 2020<\/li>\n<li>Oferta final de places escolars: 6 de juliol de 2020<\/li>\n<li>Llista d\u2019alumnes admesos i\u00a0llista d\u2019espera: 7 de juliol\u00a0de 2020<\/li>\n<\/ul>\n<\/div>\n<\/div>\n<div class=\"FW_clear FW_hrBlanc\"><\/div>\n<\/div>\n<p class=\"FW_sTitolFons\"><strong>Matr\u00edcula:<\/strong> alumnes preinscrits amb pla\u00e7a assignada: <strong>del 13 al 17 de juliol<\/strong>.<\/p>\n<\/div>\n<\/div>\n<\/div>\n<div class=\"viewport-monitor\">\n<p>&nbsp;<\/p>\n<\/div>\n<\/div>\n<\/div>\n<\/div>\n","protected":false},"excerpt":{"rendered":"<p>BAREM DEFINITIU : Cliqueu AQU\u00cd per consultar-lo. Si teniu algun dubte, podeu escriure al a8041246@xtec.cat per m\u00e9s informaci\u00f3. DATES Del [&hellip;]<\/p>\n","protected":false},"author":1,"featured_media":0,"comment_status":"open","ping_status":"closed","sticky":false,"template":"","format":"standard","meta":{"_bbp_topic_count":0,"_bbp_reply_count":0,"_bbp_total_topic_count":0,"_bbp_total_reply_count":0,"_bbp_voice_count":0,"_bbp_anonymous_reply_count":0,"_bbp_topic_count_hidden":0,"_bbp_reply_count_hidden":0,"_bbp_forum_subforum_count":0,"site-sidebar-layout":"default","site-content-layout":"","ast-site-content-layout":"","site-content-style":"default","site-sidebar-style":"default","ast-global-header-display":"","ast-banner-title-visibility":"","ast-main-header-display":"","ast-hfb-above-header-display":"","ast-hfb-below-header-display":"","ast-hfb-mobile-header-display":"","site-post-title":"","ast-breadcrumbs-content":"","ast-featured-img":"","footer-sml-layout":"","theme-transparent-header-meta":"","adv-header-id-meta":"","stick-header-meta":"","header-above-stick-meta":"","header-main-stick-meta":"","header-below-stick-meta":"","astra-migrate-meta-layouts":"default","ast-page-background-enabled":"default","ast-page-background-meta":{"desktop":{"background-color":"var(--ast-global-color-4)","background-image":"","background-repeat":"repeat","background-position":"center center","background-size":"auto","background-attachment":"scroll","background-type":"","background-media":"","overlay-type":"","overlay-color":"","overlay-opacity":"","overlay-gradient":""},"tablet":{"background-color":"","background-image":"","background-repeat":"repeat","background-position":"center center","background-size":"auto","background-attachment":"scroll","background-type":"","background-media":"","overlay-type":"","overlay-color":"","overlay-opacity":"","overlay-gradient":""},"mobile":{"background-color":"","background-image":"","background-repeat":"repeat","background-position":"center center","background-size":"auto","background-attachment":"scroll","background-type":"","background-media":"","overlay-type":"","overlay-color":"","overlay-opacity":"","overlay-gradient":""}},"ast-content-background-meta":{"desktop":{"background-color":"var(--ast-global-color-5)","background-image":"","background-repeat":"repeat","background-position":"center center","background-size":"auto","background-attachment":"scroll","background-type":"","background-media":"","overlay-type":"","overlay-color":"","overlay-opacity":"","overlay-gradient":""},"tablet":{"background-color":"var(--ast-global-color-5)","background-image":"","background-repeat":"repeat","background-position":"center center","background-size":"auto","background-attachment":"scroll","background-type":"","background-media":"","overlay-type":"","overlay-color":"","overlay-opacity":"","overlay-gradient":""},"mobile":{"background-color":"var(--ast-global-color-5)","background-image":"","background-repeat":"repeat","background-position":"center center","background-size":"auto","background-attachment":"scroll","background-type":"","background-media":"","overlay-type":"","overlay-color":"","overlay-opacity":"","overlay-gradient":""}},"footnotes":""},"categories":[1,4],"tags":[65,79,80],"class_list":["post-3436","post","type-post","status-publish","format-standard","hentry","category-general","category-portada","tag-alumnat","tag-curs-20-21","tag-preinscripcio"],"post_mailing_queue_ids":[],"_links":{"self":[{"href":"https:\/\/agora.xtec.cat\/ceipcescaldea\/wp-json\/wp\/v2\/posts\/3436","targetHints":{"allow":["GET"]}}],"collection":[{"href":"https:\/\/agora.xtec.cat\/ceipcescaldea\/wp-json\/wp\/v2\/posts"}],"about":[{"href":"https:\/\/agora.xtec.cat\/ceipcescaldea\/wp-json\/wp\/v2\/types\/post"}],"author":[{"embeddable":true,"href":"https:\/\/agora.xtec.cat\/ceipcescaldea\/wp-json\/wp\/v2\/users\/1"}],"replies":[{"embeddable":true,"href":"https:\/\/agora.xtec.cat\/ceipcescaldea\/wp-json\/wp\/v2\/comments?post=3436"}],"version-history":[{"count":4,"href":"https:\/\/agora.xtec.cat\/ceipcescaldea\/wp-json\/wp\/v2\/posts\/3436\/revisions"}],"predecessor-version":[{"id":3469,"href":"https:\/\/agora.xtec.cat\/ceipcescaldea\/wp-json\/wp\/v2\/posts\/3436\/revisions\/3469"}],"wp:attachment":[{"href":"https:\/\/agora.xtec.cat\/ceipcescaldea\/wp-json\/wp\/v2\/media?parent=3436"}],"wp:term":[{"taxonomy":"category","embeddable":true,"href":"https:\/\/agora.xtec.cat\/ceipcescaldea\/wp-json\/wp\/v2\/categories?post=3436"},{"taxonomy":"post_tag","embeddable":true,"href":"https:\/\/agora.xtec.cat\/ceipcescaldea\/wp-json\/wp\/v2\/tags?post=3436"}],"curies":[{"name":"wp","href":"https:\/\/api.w.org\/{rel}","templated":true}]}}