{"id":9838,"date":"2018-10-29T15:53:48","date_gmt":"2018-10-29T14:53:48","guid":{"rendered":"http:\/\/agora.xtec.cat\/ceipcesaraugust\/?p=9838"},"modified":"2019-12-12T13:15:42","modified_gmt":"2019-12-12T12:15:42","slug":"el-jardi-de-les-emocions-ja-esta-exposat-al-mamt","status":"publish","type":"post","link":"https:\/\/agora.xtec.cat\/ceipcesaraugust\/general\/el-jardi-de-les-emocions-ja-esta-exposat-al-mamt\/","title":{"rendered":"&#8220;El jard\u00ed de les emocions&#8221; de P-5 ja est\u00e0 exposat al MAMT"},"content":{"rendered":"<p><a href=\"https:\/\/agora.xtec.cat\/ceipcesaraugust\/wp-content\/uploads\/usu1489\/2018\/10\/WhatsApp-Image-2018-10-30-at-15.06.43.jpeg\"><img loading=\"lazy\" decoding=\"async\" class=\" wp-image-9839 aligncenter\" src=\"https:\/\/agora.xtec.cat\/ceipcesaraugust\/wp-content\/uploads\/usu1489\/2018\/10\/WhatsApp-Image-2018-10-30-at-15.06.43-1024x768.jpeg\" alt=\"\" width=\"837\" height=\"628\" srcset=\"https:\/\/agora.xtec.cat\/ceipcesaraugust\/wp-content\/uploads\/usu1489\/2018\/10\/WhatsApp-Image-2018-10-30-at-15.06.43-1024x768.jpeg 1024w, https:\/\/agora.xtec.cat\/ceipcesaraugust\/wp-content\/uploads\/usu1489\/2018\/10\/WhatsApp-Image-2018-10-30-at-15.06.43-300x225.jpeg 300w, https:\/\/agora.xtec.cat\/ceipcesaraugust\/wp-content\/uploads\/usu1489\/2018\/10\/WhatsApp-Image-2018-10-30-at-15.06.43-768x576.jpeg 768w, https:\/\/agora.xtec.cat\/ceipcesaraugust\/wp-content\/uploads\/usu1489\/2018\/10\/WhatsApp-Image-2018-10-30-at-15.06.43-200x150.jpeg 200w, https:\/\/agora.xtec.cat\/ceipcesaraugust\/wp-content\/uploads\/usu1489\/2018\/10\/WhatsApp-Image-2018-10-30-at-15.06.43.jpeg 1600w\" sizes=\"auto, (max-width: 837px) 100vw, 837px\" \/><\/a><\/p>\n<p>El passat dissabte 27 d&#8217;octubre es va inaugurar l&#8217;exposici\u00f3 &#8220;Ets un artista&#8230; i exposes al MAMT&#8221; que compta amb l&#8217;obra de l&#8217;alumnat de P-5 &#8220;El jard\u00ed de les emocions&#8221;. Les obres quedaran recollides en el calendari que cada any edita el Museu. A m\u00e9s, en\u00a0l&#8217;acte tamb\u00e9 es va fer entrega d&#8217;un diploma que reconeix el treball fet per l&#8217;alumnat. L&#8217;exposici\u00f3 es podr\u00e0 visitar fins el 16 de desembre.<\/p>\n<p><a href=\"https:\/\/drive.google.com\/drive\/folders\/1_Uts3ZeuRQ07C65CUUMibnbYAV-rKdkD?usp=sharing\"><img loading=\"lazy\" decoding=\"async\" class=\"wp-image-9570 alignleft\" src=\"https:\/\/agora.xtec.cat\/ceipcesaraugust\/wp-content\/uploads\/usu1489\/2018\/05\/instragram_blau.png\" alt=\"\" width=\"59\" height=\"59\" srcset=\"https:\/\/agora.xtec.cat\/ceipcesaraugust\/wp-content\/uploads\/usu1489\/2018\/05\/instragram_blau.png 626w, https:\/\/agora.xtec.cat\/ceipcesaraugust\/wp-content\/uploads\/usu1489\/2018\/05\/instragram_blau-150x150.png 150w, https:\/\/agora.xtec.cat\/ceipcesaraugust\/wp-content\/uploads\/usu1489\/2018\/05\/instragram_blau-300x300.png 300w\" sizes=\"auto, (max-width: 59px) 100vw, 59px\" \/><\/a><a href=\"https:\/\/drive.google.com\/drive\/folders\/1_Uts3ZeuRQ07C65CUUMibnbYAV-rKdkD?usp=sharing\">Aqu\u00ed<\/a> en podeu veure totes les fotografies. I per m\u00e9s informaci\u00f3 podeu consultar el <a href=\"https:\/\/www.dipta.cat\/mamt\/\">lloc web del MAMT<\/a>.<\/p>\n<p><a href=\"https:\/\/agora.xtec.cat\/ceipcesaraugust\/wp-content\/uploads\/usu1489\/2018\/10\/WhatsApp-Image-2018-10-30-at-15.06.43-1.jpeg\"><img loading=\"lazy\" decoding=\"async\" class=\" wp-image-9841 aligncenter\" src=\"https:\/\/agora.xtec.cat\/ceipcesaraugust\/wp-content\/uploads\/usu1489\/2018\/10\/WhatsApp-Image-2018-10-30-at-15.06.43-1-768x1024.jpeg\" alt=\"\" width=\"358\" height=\"477\" srcset=\"https:\/\/agora.xtec.cat\/ceipcesaraugust\/wp-content\/uploads\/usu1489\/2018\/10\/WhatsApp-Image-2018-10-30-at-15.06.43-1-768x1024.jpeg 768w, https:\/\/agora.xtec.cat\/ceipcesaraugust\/wp-content\/uploads\/usu1489\/2018\/10\/WhatsApp-Image-2018-10-30-at-15.06.43-1-225x300.jpeg 225w, https:\/\/agora.xtec.cat\/ceipcesaraugust\/wp-content\/uploads\/usu1489\/2018\/10\/WhatsApp-Image-2018-10-30-at-15.06.43-1.jpeg 1200w\" sizes=\"auto, (max-width: 358px) 100vw, 358px\" \/><\/a><\/p>\n","protected":false},"excerpt":{"rendered":"<p>El passat dissabte 27 d&#8217;octubre es va inaugurar l&#8217;exposici\u00f3 &#8220;Ets un artista&#8230; i exposes al MAMT&#8221; que compta amb l&#8217;obra [&hellip;]<\/p>\n","protected":false},"author":1,"featured_media":0,"comment_status":"open","ping_status":"closed","sticky":false,"template":"","format":"standard","meta":{"_bbp_topic_count":0,"_bbp_reply_count":0,"_bbp_total_topic_count":0,"_bbp_total_reply_count":0,"_bbp_voice_count":0,"_bbp_anonymous_reply_count":0,"_bbp_topic_count_hidden":0,"_bbp_reply_count_hidden":0,"_bbp_forum_subforum_count":0,"site-sidebar-layout":"default","site-content-layout":"","ast-site-content-layout":"","site-content-style":"default","site-sidebar-style":"default","ast-global-header-display":"","ast-banner-title-visibility":"","ast-main-header-display":"","ast-hfb-above-header-display":"","ast-hfb-below-header-display":"","ast-hfb-mobile-header-display":"","site-post-title":"","ast-breadcrumbs-content":"","ast-featured-img":"","footer-sml-layout":"","theme-transparent-header-meta":"","adv-header-id-meta":"","stick-header-meta":"","header-above-stick-meta":"","header-main-stick-meta":"","header-below-stick-meta":"","astra-migrate-meta-layouts":"default","ast-page-background-enabled":"default","ast-page-background-meta":{"desktop":{"background-color":"var(--ast-global-color-4)","background-image":"","background-repeat":"repeat","background-position":"center center","background-size":"auto","background-attachment":"scroll","background-type":"","background-media":"","overlay-type":"","overlay-color":"","overlay-opacity":"","overlay-gradient":""},"tablet":{"background-color":"","background-image":"","background-repeat":"repeat","background-position":"center center","background-size":"auto","background-attachment":"scroll","background-type":"","background-media":"","overlay-type":"","overlay-color":"","overlay-opacity":"","overlay-gradient":""},"mobile":{"background-color":"","background-image":"","background-repeat":"repeat","background-position":"center center","background-size":"auto","background-attachment":"scroll","background-type":"","background-media":"","overlay-type":"","overlay-color":"","overlay-opacity":"","overlay-gradient":""}},"ast-content-background-meta":{"desktop":{"background-color":"var(--ast-global-color-5)","background-image":"","background-repeat":"repeat","background-position":"center center","background-size":"auto","background-attachment":"scroll","background-type":"","background-media":"","overlay-type":"","overlay-color":"","overlay-opacity":"","overlay-gradient":""},"tablet":{"background-color":"var(--ast-global-color-5)","background-image":"","background-repeat":"repeat","background-position":"center center","background-size":"auto","background-attachment":"scroll","background-type":"","background-media":"","overlay-type":"","overlay-color":"","overlay-opacity":"","overlay-gradient":""},"mobile":{"background-color":"var(--ast-global-color-5)","background-image":"","background-repeat":"repeat","background-position":"center center","background-size":"auto","background-attachment":"scroll","background-type":"","background-media":"","overlay-type":"","overlay-color":"","overlay-opacity":"","overlay-gradient":""}},"footnotes":""},"categories":[190,1,8,2,4],"tags":[174,116,276,277,17,118],"class_list":["post-9838","post","type-post","status-publish","format-standard","hentry","category-ets-un-artista-i-exposes-al-mamt","category-general","category-p-4","category-infantil","category-portada","tag-art","tag-ets-un-artista-i-exposes-al-mamt","tag-mamt","tag-museus","tag-plastica","tag-premi-ets-un-artista-i-exposes-al-mamt"],"post_mailing_queue_ids":[],"_links":{"self":[{"href":"https:\/\/agora.xtec.cat\/ceipcesaraugust\/wp-json\/wp\/v2\/posts\/9838","targetHints":{"allow":["GET"]}}],"collection":[{"href":"https:\/\/agora.xtec.cat\/ceipcesaraugust\/wp-json\/wp\/v2\/posts"}],"about":[{"href":"https:\/\/agora.xtec.cat\/ceipcesaraugust\/wp-json\/wp\/v2\/types\/post"}],"author":[{"embeddable":true,"href":"https:\/\/agora.xtec.cat\/ceipcesaraugust\/wp-json\/wp\/v2\/users\/1"}],"replies":[{"embeddable":true,"href":"https:\/\/agora.xtec.cat\/ceipcesaraugust\/wp-json\/wp\/v2\/comments?post=9838"}],"version-history":[{"count":3,"href":"https:\/\/agora.xtec.cat\/ceipcesaraugust\/wp-json\/wp\/v2\/posts\/9838\/revisions"}],"predecessor-version":[{"id":9844,"href":"https:\/\/agora.xtec.cat\/ceipcesaraugust\/wp-json\/wp\/v2\/posts\/9838\/revisions\/9844"}],"wp:attachment":[{"href":"https:\/\/agora.xtec.cat\/ceipcesaraugust\/wp-json\/wp\/v2\/media?parent=9838"}],"wp:term":[{"taxonomy":"category","embeddable":true,"href":"https:\/\/agora.xtec.cat\/ceipcesaraugust\/wp-json\/wp\/v2\/categories?post=9838"},{"taxonomy":"post_tag","embeddable":true,"href":"https:\/\/agora.xtec.cat\/ceipcesaraugust\/wp-json\/wp\/v2\/tags?post=9838"}],"curies":[{"name":"wp","href":"https:\/\/api.w.org\/{rel}","templated":true}]}}