{"id":9783,"date":"2018-10-11T18:03:01","date_gmt":"2018-10-11T16:03:01","guid":{"rendered":"http:\/\/agora.xtec.cat\/ceipcesaraugust\/?p=9783"},"modified":"2018-10-11T18:16:00","modified_gmt":"2018-10-11T16:16:00","slug":"tallers-i-ambients-treballem-duna-manera-diferent","status":"publish","type":"post","link":"https:\/\/agora.xtec.cat\/ceipcesaraugust\/general\/tallers-i-ambients-treballem-duna-manera-diferent\/","title":{"rendered":"Tallers i ambients: treballem d&#8217;una manera diferent"},"content":{"rendered":"<p><a href=\"https:\/\/agora.xtec.cat\/ceipcesaraugust\/wp-content\/uploads\/usu1489\/2018\/10\/WhatsApp-Image-2018-10-11-at-17.53.26-1.jpeg\"><img loading=\"lazy\" decoding=\"async\" class=\"alignnone size-large wp-image-9791\" src=\"https:\/\/agora.xtec.cat\/ceipcesaraugust\/wp-content\/uploads\/usu1489\/2018\/10\/WhatsApp-Image-2018-10-11-at-17.53.26-1-1024x575.jpeg\" alt=\"\" width=\"1024\" height=\"575\" srcset=\"https:\/\/agora.xtec.cat\/ceipcesaraugust\/wp-content\/uploads\/usu1489\/2018\/10\/WhatsApp-Image-2018-10-11-at-17.53.26-1-1024x575.jpeg 1024w, https:\/\/agora.xtec.cat\/ceipcesaraugust\/wp-content\/uploads\/usu1489\/2018\/10\/WhatsApp-Image-2018-10-11-at-17.53.26-1-300x169.jpeg 300w, https:\/\/agora.xtec.cat\/ceipcesaraugust\/wp-content\/uploads\/usu1489\/2018\/10\/WhatsApp-Image-2018-10-11-at-17.53.26-1-768x431.jpeg 768w, https:\/\/agora.xtec.cat\/ceipcesaraugust\/wp-content\/uploads\/usu1489\/2018\/10\/WhatsApp-Image-2018-10-11-at-17.53.26-1.jpeg 1296w\" sizes=\"auto, (max-width: 1024px) 100vw, 1024px\" \/><\/a><\/p>\n<p>Aquestes dues setmanes hem comen\u00e7at a realitzar els tallers a tots els nivells i els ambients a educaci\u00f3 infantil i cicle inicial. Els nens i les nenes troben en aquestes propostes altres maneres d&#8217;aprendre que enriqueixen el seu creixement.<\/p>\n<p>Podeu veure i descarregar-vos les fotografies a l&#8217;enlla\u00e7 que trobareu a continuaci\u00f3 i que anirem actualitzant peri\u00f2dicament. Tamb\u00e9 podeu consultar el nostre <a href=\"https:\/\/www.instagram.com\/ecesaraugust\/?hl=es\">compte d&#8217;Instagram<\/a>.<\/p>\n<p><a href=\"https:\/\/drive.google.com\/drive\/folders\/1pSRouJhPL8YPg_tearwGEGQu_nXi_A6v?usp=sharing\"><img loading=\"lazy\" decoding=\"async\" class=\"alignnone wp-image-9570\" src=\"https:\/\/agora.xtec.cat\/ceipcesaraugust\/wp-content\/uploads\/usu1489\/2018\/05\/instragram_blau.png\" alt=\"\" width=\"78\" height=\"78\" srcset=\"https:\/\/agora.xtec.cat\/ceipcesaraugust\/wp-content\/uploads\/usu1489\/2018\/05\/instragram_blau.png 626w, https:\/\/agora.xtec.cat\/ceipcesaraugust\/wp-content\/uploads\/usu1489\/2018\/05\/instragram_blau-150x150.png 150w, https:\/\/agora.xtec.cat\/ceipcesaraugust\/wp-content\/uploads\/usu1489\/2018\/05\/instragram_blau-300x300.png 300w\" sizes=\"auto, (max-width: 78px) 100vw, 78px\" \/>\u00a0\u00a0M\u00e9s fotografies<\/a><\/p>\n<p><a href=\"https:\/\/agora.xtec.cat\/ceipcesaraugust\/wp-content\/uploads\/usu1489\/2018\/10\/WhatsApp-Image-2018-10-11-at-17.53.28-1.jpeg\"><img loading=\"lazy\" decoding=\"async\" class=\"alignnone size-large wp-image-9790\" src=\"https:\/\/agora.xtec.cat\/ceipcesaraugust\/wp-content\/uploads\/usu1489\/2018\/10\/WhatsApp-Image-2018-10-11-at-17.53.28-1-1024x575.jpeg\" alt=\"\" width=\"1024\" height=\"575\" srcset=\"https:\/\/agora.xtec.cat\/ceipcesaraugust\/wp-content\/uploads\/usu1489\/2018\/10\/WhatsApp-Image-2018-10-11-at-17.53.28-1-1024x575.jpeg 1024w, https:\/\/agora.xtec.cat\/ceipcesaraugust\/wp-content\/uploads\/usu1489\/2018\/10\/WhatsApp-Image-2018-10-11-at-17.53.28-1-300x168.jpeg 300w, https:\/\/agora.xtec.cat\/ceipcesaraugust\/wp-content\/uploads\/usu1489\/2018\/10\/WhatsApp-Image-2018-10-11-at-17.53.28-1-768x431.jpeg 768w, https:\/\/agora.xtec.cat\/ceipcesaraugust\/wp-content\/uploads\/usu1489\/2018\/10\/WhatsApp-Image-2018-10-11-at-17.53.28-1.jpeg 1600w\" sizes=\"auto, (max-width: 1024px) 100vw, 1024px\" \/><\/a><\/p>\n","protected":false},"excerpt":{"rendered":"<p>Aquestes dues setmanes hem comen\u00e7at a realitzar els tallers a tots els nivells i els ambients a educaci\u00f3 infantil i [&hellip;]<\/p>\n","protected":false},"author":1,"featured_media":0,"comment_status":"open","ping_status":"closed","sticky":false,"template":"","format":"standard","meta":{"_bbp_topic_count":0,"_bbp_reply_count":0,"_bbp_total_topic_count":0,"_bbp_total_reply_count":0,"_bbp_voice_count":0,"_bbp_anonymous_reply_count":0,"_bbp_topic_count_hidden":0,"_bbp_reply_count_hidden":0,"_bbp_forum_subforum_count":0,"site-sidebar-layout":"default","site-content-layout":"","ast-site-content-layout":"","site-content-style":"default","site-sidebar-style":"default","ast-global-header-display":"","ast-banner-title-visibility":"","ast-main-header-display":"","ast-hfb-above-header-display":"","ast-hfb-below-header-display":"","ast-hfb-mobile-header-display":"","site-post-title":"","ast-breadcrumbs-content":"","ast-featured-img":"","footer-sml-layout":"","theme-transparent-header-meta":"","adv-header-id-meta":"","stick-header-meta":"","header-above-stick-meta":"","header-main-stick-meta":"","header-below-stick-meta":"","astra-migrate-meta-layouts":"default","ast-page-background-enabled":"default","ast-page-background-meta":{"desktop":{"background-color":"var(--ast-global-color-4)","background-image":"","background-repeat":"repeat","background-position":"center center","background-size":"auto","background-attachment":"scroll","background-type":"","background-media":"","overlay-type":"","overlay-color":"","overlay-opacity":"","overlay-gradient":""},"tablet":{"background-color":"","background-image":"","background-repeat":"repeat","background-position":"center center","background-size":"auto","background-attachment":"scroll","background-type":"","background-media":"","overlay-type":"","overlay-color":"","overlay-opacity":"","overlay-gradient":""},"mobile":{"background-color":"","background-image":"","background-repeat":"repeat","background-position":"center center","background-size":"auto","background-attachment":"scroll","background-type":"","background-media":"","overlay-type":"","overlay-color":"","overlay-opacity":"","overlay-gradient":""}},"ast-content-background-meta":{"desktop":{"background-color":"var(--ast-global-color-5)","background-image":"","background-repeat":"repeat","background-position":"center center","background-size":"auto","background-attachment":"scroll","background-type":"","background-media":"","overlay-type":"","overlay-color":"","overlay-opacity":"","overlay-gradient":""},"tablet":{"background-color":"var(--ast-global-color-5)","background-image":"","background-repeat":"repeat","background-position":"center center","background-size":"auto","background-attachment":"scroll","background-type":"","background-media":"","overlay-type":"","overlay-color":"","overlay-opacity":"","overlay-gradient":""},"mobile":{"background-color":"var(--ast-global-color-5)","background-image":"","background-repeat":"repeat","background-position":"center center","background-size":"auto","background-attachment":"scroll","background-type":"","background-media":"","overlay-type":"","overlay-color":"","overlay-opacity":"","overlay-gradient":""}},"footnotes":""},"categories":[1,2,4,5],"tags":[258,259,127],"class_list":["post-9783","post","type-post","status-publish","format-standard","hentry","category-general","category-infantil","category-portada","category-primaria","tag-ambients","tag-aprenentatge","tag-tallers"],"post_mailing_queue_ids":[],"_links":{"self":[{"href":"https:\/\/agora.xtec.cat\/ceipcesaraugust\/wp-json\/wp\/v2\/posts\/9783","targetHints":{"allow":["GET"]}}],"collection":[{"href":"https:\/\/agora.xtec.cat\/ceipcesaraugust\/wp-json\/wp\/v2\/posts"}],"about":[{"href":"https:\/\/agora.xtec.cat\/ceipcesaraugust\/wp-json\/wp\/v2\/types\/post"}],"author":[{"embeddable":true,"href":"https:\/\/agora.xtec.cat\/ceipcesaraugust\/wp-json\/wp\/v2\/users\/1"}],"replies":[{"embeddable":true,"href":"https:\/\/agora.xtec.cat\/ceipcesaraugust\/wp-json\/wp\/v2\/comments?post=9783"}],"version-history":[{"count":3,"href":"https:\/\/agora.xtec.cat\/ceipcesaraugust\/wp-json\/wp\/v2\/posts\/9783\/revisions"}],"predecessor-version":[{"id":9799,"href":"https:\/\/agora.xtec.cat\/ceipcesaraugust\/wp-json\/wp\/v2\/posts\/9783\/revisions\/9799"}],"wp:attachment":[{"href":"https:\/\/agora.xtec.cat\/ceipcesaraugust\/wp-json\/wp\/v2\/media?parent=9783"}],"wp:term":[{"taxonomy":"category","embeddable":true,"href":"https:\/\/agora.xtec.cat\/ceipcesaraugust\/wp-json\/wp\/v2\/categories?post=9783"},{"taxonomy":"post_tag","embeddable":true,"href":"https:\/\/agora.xtec.cat\/ceipcesaraugust\/wp-json\/wp\/v2\/tags?post=9783"}],"curies":[{"name":"wp","href":"https:\/\/api.w.org\/{rel}","templated":true}]}}