{"id":3536,"date":"2015-10-30T13:37:30","date_gmt":"2015-10-30T12:37:30","guid":{"rendered":"http:\/\/blocs.xtec.cat\/ceipcesaraugust\/?p=3536"},"modified":"2019-12-12T13:28:25","modified_gmt":"2019-12-12T12:28:25","slug":"ets-un-artista-i-exposes-al-mamt-calendari-2016","status":"publish","type":"post","link":"https:\/\/agora.xtec.cat\/ceipcesaraugust\/general\/ets-un-artista-i-exposes-al-mamt-calendari-2016\/","title":{"rendered":"Ets un artista&#8230; i exposes al MAMT. Calendari 2016"},"content":{"rendered":"<p><img loading=\"lazy\" decoding=\"async\" class=\"alignnone aligncenter\" src=\"https:\/\/lh3.googleusercontent.com\/-R4nHQYMApHY\/VjNjzNvX9EI\/AAAAAAAAWj4\/G46szApO0AQ\/s400-Ic42\/2%252520banners.png\" alt=\"\" width=\"609\" height=\"253\" \/><\/p>\n<p style=\"text-align: justify;\"><span style=\"color: #333333;\">El curs\u00a0passat, els nens i nenes de P-3 van visitar el Museu d\u2019Art Modern de Tarragona (MAMT) i van participar al concurs \u201cEts un artista&#8230; i exposes al MAMT\u201d. El treball que van presentar era una escultura que portava per nom <em>El cub de les formes i colors<\/em>. L\u2019obra ha estat seleccionada i apareixer\u00e0 al calendari del proper any 2016 que editar\u00e0 el museu; concretament, ser\u00e0 la imatge que ocupar\u00e0 el mes d\u2019abril. Una representaci\u00f3 de mestres i alumnes de l\u2019escola van anar a recollir el premi el passat dissabte 3 d\u2019octubre. L\u2019enhorabona a tots els participants!<\/span><\/p>\n<p><a href=\"http:\/\/sae.altanet.org\/houmuni\/web\/mamt\/\/\/noticies\/view.php?ID=803\" target=\"_blank\" rel=\"noopener noreferrer\"><img loading=\"lazy\" decoding=\"async\" class=\" aligncenter\" src=\"https:\/\/lh3.googleusercontent.com\/-0GuhbO_uLXQ\/VjMNFGhKk9I\/AAAAAAAAWiI\/fbz-ccLGYUc\/s144-Ic42\/Portada2_EDITORA8443EDITORA_181.jpg\" alt=\"\" width=\"172\" height=\"122\" \/><\/a><\/p>\n<p><img loading=\"lazy\" decoding=\"async\" class=\" aligncenter\" src=\"https:\/\/lh3.googleusercontent.com\/--DIsPUBnh2o\/VjNUWSgNJQI\/AAAAAAAAWjM\/kNPkvBPsPtc\/s640-Ic42\/MES%252520ABRIL%252520ESCOLA%252520CE%2525CC%252580SAR%252520AUGUST_Fotor_Collage.jpg\" alt=\"\" width=\"543\" height=\"543\" \/><\/p>\n<p><span style=\"color: #ffffff;\">&#8230;&#8230;&#8230;.<\/span><embed width=\"553\" height=\"368\" flashvars=\"host=picasaweb.google.com&amp;hl=ca&amp;feat=flashalbum&amp;RGB=0x000000&amp;feed=https%3A%2F%2Fpicasaweb.google.com%2Fdata%2Ffeed%2Fapi%2Fuser%2F110893291871262317426%2Falbumid%2F6208338550531066577%3Falt%3Drss%26kind%3Dphoto%26hl%3Dca\" src=\"https:\/\/photos.gstatic.com\/media\/slideshow.swf\" type=\"application\/x-shockwave-flash\" pluginspage=\"http:\/\/www.macromedia.com\/go\/getflashplayer\"><\/embed><\/p>\n","protected":false},"excerpt":{"rendered":"<p>El curs\u00a0passat, els nens i nenes de P-3 van visitar el Museu d\u2019Art Modern de Tarragona (MAMT) i van participar [&hellip;]<\/p>\n","protected":false},"author":1,"featured_media":0,"comment_status":"open","ping_status":"closed","sticky":false,"template":"","format":"standard","meta":{"_bbp_topic_count":0,"_bbp_reply_count":0,"_bbp_total_topic_count":0,"_bbp_total_reply_count":0,"_bbp_voice_count":0,"_bbp_anonymous_reply_count":0,"_bbp_topic_count_hidden":0,"_bbp_reply_count_hidden":0,"_bbp_forum_subforum_count":0,"site-sidebar-layout":"default","site-content-layout":"","ast-site-content-layout":"","site-content-style":"default","site-sidebar-style":"default","ast-global-header-display":"","ast-banner-title-visibility":"","ast-main-header-display":"","ast-hfb-above-header-display":"","ast-hfb-below-header-display":"","ast-hfb-mobile-header-display":"","site-post-title":"","ast-breadcrumbs-content":"","ast-featured-img":"","footer-sml-layout":"","theme-transparent-header-meta":"","adv-header-id-meta":"","stick-header-meta":"","header-above-stick-meta":"","header-main-stick-meta":"","header-below-stick-meta":"","astra-migrate-meta-layouts":"default","ast-page-background-enabled":"default","ast-page-background-meta":{"desktop":{"background-color":"var(--ast-global-color-4)","background-image":"","background-repeat":"repeat","background-position":"center center","background-size":"auto","background-attachment":"scroll","background-type":"","background-media":"","overlay-type":"","overlay-color":"","overlay-opacity":"","overlay-gradient":""},"tablet":{"background-color":"","background-image":"","background-repeat":"repeat","background-position":"center center","background-size":"auto","background-attachment":"scroll","background-type":"","background-media":"","overlay-type":"","overlay-color":"","overlay-opacity":"","overlay-gradient":""},"mobile":{"background-color":"","background-image":"","background-repeat":"repeat","background-position":"center center","background-size":"auto","background-attachment":"scroll","background-type":"","background-media":"","overlay-type":"","overlay-color":"","overlay-opacity":"","overlay-gradient":""}},"ast-content-background-meta":{"desktop":{"background-color":"var(--ast-global-color-5)","background-image":"","background-repeat":"repeat","background-position":"center center","background-size":"auto","background-attachment":"scroll","background-type":"","background-media":"","overlay-type":"","overlay-color":"","overlay-opacity":"","overlay-gradient":""},"tablet":{"background-color":"var(--ast-global-color-5)","background-image":"","background-repeat":"repeat","background-position":"center center","background-size":"auto","background-attachment":"scroll","background-type":"","background-media":"","overlay-type":"","overlay-color":"","overlay-opacity":"","overlay-gradient":""},"mobile":{"background-color":"var(--ast-global-color-5)","background-image":"","background-repeat":"repeat","background-position":"center center","background-size":"auto","background-attachment":"scroll","background-type":"","background-media":"","overlay-type":"","overlay-color":"","overlay-opacity":"","overlay-gradient":""}},"footnotes":""},"categories":[90,82,190,1],"tags":[94],"class_list":["post-3536","post","type-post","status-publish","format-standard","hentry","category-activitats-a-laula","category-activitats-escolars","category-ets-un-artista-i-exposes-al-mamt","category-general","tag-activitats-escolars"],"post_mailing_queue_ids":[],"_links":{"self":[{"href":"https:\/\/agora.xtec.cat\/ceipcesaraugust\/wp-json\/wp\/v2\/posts\/3536","targetHints":{"allow":["GET"]}}],"collection":[{"href":"https:\/\/agora.xtec.cat\/ceipcesaraugust\/wp-json\/wp\/v2\/posts"}],"about":[{"href":"https:\/\/agora.xtec.cat\/ceipcesaraugust\/wp-json\/wp\/v2\/types\/post"}],"author":[{"embeddable":true,"href":"https:\/\/agora.xtec.cat\/ceipcesaraugust\/wp-json\/wp\/v2\/users\/1"}],"replies":[{"embeddable":true,"href":"https:\/\/agora.xtec.cat\/ceipcesaraugust\/wp-json\/wp\/v2\/comments?post=3536"}],"version-history":[{"count":1,"href":"https:\/\/agora.xtec.cat\/ceipcesaraugust\/wp-json\/wp\/v2\/posts\/3536\/revisions"}],"predecessor-version":[{"id":19223,"href":"https:\/\/agora.xtec.cat\/ceipcesaraugust\/wp-json\/wp\/v2\/posts\/3536\/revisions\/19223"}],"wp:attachment":[{"href":"https:\/\/agora.xtec.cat\/ceipcesaraugust\/wp-json\/wp\/v2\/media?parent=3536"}],"wp:term":[{"taxonomy":"category","embeddable":true,"href":"https:\/\/agora.xtec.cat\/ceipcesaraugust\/wp-json\/wp\/v2\/categories?post=3536"},{"taxonomy":"post_tag","embeddable":true,"href":"https:\/\/agora.xtec.cat\/ceipcesaraugust\/wp-json\/wp\/v2\/tags?post=3536"}],"curies":[{"name":"wp","href":"https:\/\/api.w.org\/{rel}","templated":true}]}}