{"id":23277,"date":"2023-03-31T17:55:47","date_gmt":"2023-03-31T15:55:47","guid":{"rendered":"https:\/\/agora.xtec.cat\/ceipcesaraugust\/?p=23277"},"modified":"2023-03-31T17:55:47","modified_gmt":"2023-03-31T15:55:47","slug":"lalumnat-participa-en-el-projecte-geolocalitzem-tarragona","status":"publish","type":"post","link":"https:\/\/agora.xtec.cat\/ceipcesaraugust\/portada\/lalumnat-participa-en-el-projecte-geolocalitzem-tarragona\/","title":{"rendered":"L&#8217;alumnat participa en el projecte &#8220;geolocalitzem Tarragona&#8221;"},"content":{"rendered":"<p><img loading=\"lazy\" decoding=\"async\" class=\"aligncenter size-full wp-image-23278\" src=\"https:\/\/agora.xtec.cat\/ceipcesaraugust\/wp-content\/uploads\/usu1489\/2023\/03\/WhatsApp-Image-2023-03-28-at-13.55.18.jpeg\" alt=\"\" width=\"1536\" height=\"2048\" srcset=\"https:\/\/agora.xtec.cat\/ceipcesaraugust\/wp-content\/uploads\/usu1489\/2023\/03\/WhatsApp-Image-2023-03-28-at-13.55.18.jpeg 1536w, https:\/\/agora.xtec.cat\/ceipcesaraugust\/wp-content\/uploads\/usu1489\/2023\/03\/WhatsApp-Image-2023-03-28-at-13.55.18-225x300.jpeg 225w, https:\/\/agora.xtec.cat\/ceipcesaraugust\/wp-content\/uploads\/usu1489\/2023\/03\/WhatsApp-Image-2023-03-28-at-13.55.18-768x1024.jpeg 768w, https:\/\/agora.xtec.cat\/ceipcesaraugust\/wp-content\/uploads\/usu1489\/2023\/03\/WhatsApp-Image-2023-03-28-at-13.55.18-1152x1536.jpeg 1152w\" sizes=\"auto, (max-width: 1536px) 100vw, 1536px\" \/><\/p>\n<p style=\"text-align: justify;\">L&#8217;alumnat del C\u00e8sar August ha tingut l&#8217;oportunitat de participar en el projecte escolar &#8220;geolocalitzem Tarragona&#8221; mitjan\u00e7ant l&#8217;\u00fas de tauletes digitals i la Plataforma <em>MHM<\/em> (<em>Mobile History Maps<\/em>). Ha contru\u00eft nous coneixements i ha treballat col\u00b7laborativament, a m\u00e9s de passar-s&#8217;ho molt b\u00e9.<\/p>\n<p style=\"text-align: justify;\">L&#8217;alumnat s&#8217;ha mogut en quatre escenaris: el de cicle mitj\u00e0 ha realitzat aquesta activitat al Parc del Francol\u00ed, i ha descobert algunes coses sobre la vegetaci\u00f3 i les senyals que hi ha en aquest indret. I el de cicle superior ha visitat els principals escenaris romans i modernistes de la nostra ciutat.<\/p>\n<table style=\"border-collapse: collapse; width: 100%;\">\n<tbody>\n<tr>\n<td style=\"width: 50%;\"><img loading=\"lazy\" decoding=\"async\" class=\"aligncenter size-full wp-image-23282\" src=\"https:\/\/agora.xtec.cat\/ceipcesaraugust\/wp-content\/uploads\/usu1489\/2023\/03\/WhatsApp-Image-2023-03-31-at-13.08.21.jpeg\" alt=\"\" width=\"2048\" height=\"1536\" srcset=\"https:\/\/agora.xtec.cat\/ceipcesaraugust\/wp-content\/uploads\/usu1489\/2023\/03\/WhatsApp-Image-2023-03-31-at-13.08.21.jpeg 2048w, https:\/\/agora.xtec.cat\/ceipcesaraugust\/wp-content\/uploads\/usu1489\/2023\/03\/WhatsApp-Image-2023-03-31-at-13.08.21-300x225.jpeg 300w, https:\/\/agora.xtec.cat\/ceipcesaraugust\/wp-content\/uploads\/usu1489\/2023\/03\/WhatsApp-Image-2023-03-31-at-13.08.21-1024x768.jpeg 1024w, https:\/\/agora.xtec.cat\/ceipcesaraugust\/wp-content\/uploads\/usu1489\/2023\/03\/WhatsApp-Image-2023-03-31-at-13.08.21-768x576.jpeg 768w, https:\/\/agora.xtec.cat\/ceipcesaraugust\/wp-content\/uploads\/usu1489\/2023\/03\/WhatsApp-Image-2023-03-31-at-13.08.21-1536x1152.jpeg 1536w, https:\/\/agora.xtec.cat\/ceipcesaraugust\/wp-content\/uploads\/usu1489\/2023\/03\/WhatsApp-Image-2023-03-31-at-13.08.21-200x150.jpeg 200w\" sizes=\"auto, (max-width: 2048px) 100vw, 2048px\" \/><\/td>\n<td style=\"width: 50%;\"><img loading=\"lazy\" decoding=\"async\" class=\"aligncenter size-full wp-image-23280\" src=\"https:\/\/agora.xtec.cat\/ceipcesaraugust\/wp-content\/uploads\/usu1489\/2023\/03\/WhatsApp-Image-2023-03-28-at-13.56.16.jpeg\" alt=\"\" width=\"2000\" height=\"900\" srcset=\"https:\/\/agora.xtec.cat\/ceipcesaraugust\/wp-content\/uploads\/usu1489\/2023\/03\/WhatsApp-Image-2023-03-28-at-13.56.16.jpeg 2000w, https:\/\/agora.xtec.cat\/ceipcesaraugust\/wp-content\/uploads\/usu1489\/2023\/03\/WhatsApp-Image-2023-03-28-at-13.56.16-300x135.jpeg 300w, https:\/\/agora.xtec.cat\/ceipcesaraugust\/wp-content\/uploads\/usu1489\/2023\/03\/WhatsApp-Image-2023-03-28-at-13.56.16-1024x461.jpeg 1024w, https:\/\/agora.xtec.cat\/ceipcesaraugust\/wp-content\/uploads\/usu1489\/2023\/03\/WhatsApp-Image-2023-03-28-at-13.56.16-768x346.jpeg 768w, https:\/\/agora.xtec.cat\/ceipcesaraugust\/wp-content\/uploads\/usu1489\/2023\/03\/WhatsApp-Image-2023-03-28-at-13.56.16-1536x691.jpeg 1536w\" sizes=\"auto, (max-width: 2000px) 100vw, 2000px\" \/><\/td>\n<\/tr>\n<tr>\n<td style=\"width: 50%;\"><img loading=\"lazy\" decoding=\"async\" class=\"aligncenter size-full wp-image-23281\" src=\"https:\/\/agora.xtec.cat\/ceipcesaraugust\/wp-content\/uploads\/usu1489\/2023\/03\/WhatsApp-Image-2023-03-30-at-14.04.42.jpeg\" alt=\"\" width=\"1200\" height=\"1600\" srcset=\"https:\/\/agora.xtec.cat\/ceipcesaraugust\/wp-content\/uploads\/usu1489\/2023\/03\/WhatsApp-Image-2023-03-30-at-14.04.42.jpeg 1200w, https:\/\/agora.xtec.cat\/ceipcesaraugust\/wp-content\/uploads\/usu1489\/2023\/03\/WhatsApp-Image-2023-03-30-at-14.04.42-225x300.jpeg 225w, https:\/\/agora.xtec.cat\/ceipcesaraugust\/wp-content\/uploads\/usu1489\/2023\/03\/WhatsApp-Image-2023-03-30-at-14.04.42-768x1024.jpeg 768w, https:\/\/agora.xtec.cat\/ceipcesaraugust\/wp-content\/uploads\/usu1489\/2023\/03\/WhatsApp-Image-2023-03-30-at-14.04.42-1152x1536.jpeg 1152w\" sizes=\"auto, (max-width: 1200px) 100vw, 1200px\" \/><\/td>\n<td style=\"width: 50%;\"><img loading=\"lazy\" decoding=\"async\" class=\"aligncenter size-full wp-image-23279\" src=\"https:\/\/agora.xtec.cat\/ceipcesaraugust\/wp-content\/uploads\/usu1489\/2023\/03\/WhatsApp-Image-2023-03-28-at-13.51.05.jpeg\" alt=\"\" width=\"2048\" height=\"1537\" srcset=\"https:\/\/agora.xtec.cat\/ceipcesaraugust\/wp-content\/uploads\/usu1489\/2023\/03\/WhatsApp-Image-2023-03-28-at-13.51.05.jpeg 2048w, https:\/\/agora.xtec.cat\/ceipcesaraugust\/wp-content\/uploads\/usu1489\/2023\/03\/WhatsApp-Image-2023-03-28-at-13.51.05-300x225.jpeg 300w, https:\/\/agora.xtec.cat\/ceipcesaraugust\/wp-content\/uploads\/usu1489\/2023\/03\/WhatsApp-Image-2023-03-28-at-13.51.05-1024x769.jpeg 1024w, https:\/\/agora.xtec.cat\/ceipcesaraugust\/wp-content\/uploads\/usu1489\/2023\/03\/WhatsApp-Image-2023-03-28-at-13.51.05-768x576.jpeg 768w, https:\/\/agora.xtec.cat\/ceipcesaraugust\/wp-content\/uploads\/usu1489\/2023\/03\/WhatsApp-Image-2023-03-28-at-13.51.05-1536x1153.jpeg 1536w, https:\/\/agora.xtec.cat\/ceipcesaraugust\/wp-content\/uploads\/usu1489\/2023\/03\/WhatsApp-Image-2023-03-28-at-13.51.05-200x150.jpeg 200w\" sizes=\"auto, (max-width: 2048px) 100vw, 2048px\" \/><\/td>\n<\/tr>\n<\/tbody>\n<\/table>\n","protected":false},"excerpt":{"rendered":"<p>L&#8217;alumnat del C\u00e8sar August ha tingut l&#8217;oportunitat de participar en el projecte escolar &#8220;geolocalitzem Tarragona&#8221; mitjan\u00e7ant l&#8217;\u00fas de tauletes digitals [&hellip;]<\/p>\n","protected":false},"author":1,"featured_media":23278,"comment_status":"open","ping_status":"closed","sticky":false,"template":"","format":"standard","meta":{"_bbp_topic_count":0,"_bbp_reply_count":0,"_bbp_total_topic_count":0,"_bbp_total_reply_count":0,"_bbp_voice_count":0,"_bbp_anonymous_reply_count":0,"_bbp_topic_count_hidden":0,"_bbp_reply_count_hidden":0,"_bbp_forum_subforum_count":0,"site-sidebar-layout":"default","site-content-layout":"","ast-site-content-layout":"","site-content-style":"default","site-sidebar-style":"default","ast-global-header-display":"","ast-banner-title-visibility":"","ast-main-header-display":"","ast-hfb-above-header-display":"","ast-hfb-below-header-display":"","ast-hfb-mobile-header-display":"","site-post-title":"","ast-breadcrumbs-content":"","ast-featured-img":"","footer-sml-layout":"","theme-transparent-header-meta":"","adv-header-id-meta":"","stick-header-meta":"","header-above-stick-meta":"","header-main-stick-meta":"","header-below-stick-meta":"","astra-migrate-meta-layouts":"default","ast-page-background-enabled":"default","ast-page-background-meta":{"desktop":{"background-color":"var(--ast-global-color-4)","background-image":"","background-repeat":"repeat","background-position":"center center","background-size":"auto","background-attachment":"scroll","background-type":"","background-media":"","overlay-type":"","overlay-color":"","overlay-opacity":"","overlay-gradient":""},"tablet":{"background-color":"","background-image":"","background-repeat":"repeat","background-position":"center center","background-size":"auto","background-attachment":"scroll","background-type":"","background-media":"","overlay-type":"","overlay-color":"","overlay-opacity":"","overlay-gradient":""},"mobile":{"background-color":"","background-image":"","background-repeat":"repeat","background-position":"center center","background-size":"auto","background-attachment":"scroll","background-type":"","background-media":"","overlay-type":"","overlay-color":"","overlay-opacity":"","overlay-gradient":""}},"ast-content-background-meta":{"desktop":{"background-color":"var(--ast-global-color-5)","background-image":"","background-repeat":"repeat","background-position":"center center","background-size":"auto","background-attachment":"scroll","background-type":"","background-media":"","overlay-type":"","overlay-color":"","overlay-opacity":"","overlay-gradient":""},"tablet":{"background-color":"var(--ast-global-color-5)","background-image":"","background-repeat":"repeat","background-position":"center center","background-size":"auto","background-attachment":"scroll","background-type":"","background-media":"","overlay-type":"","overlay-color":"","overlay-opacity":"","overlay-gradient":""},"mobile":{"background-color":"var(--ast-global-color-5)","background-image":"","background-repeat":"repeat","background-position":"center center","background-size":"auto","background-attachment":"scroll","background-type":"","background-media":"","overlay-type":"","overlay-color":"","overlay-opacity":"","overlay-gradient":""}},"footnotes":""},"categories":[10,11,12,13,14,15,4,5],"tags":[919,1047,557,495,1048],"class_list":["post-23277","post","type-post","status-publish","format-standard","has-post-thumbnail","hentry","category-1r","category-2n","category-3r","category-4t","category-5e","category-6e","category-portada","category-primaria","tag-coneixem-el-parc-del-francoli","tag-geolocalitzem-tarragona","tag-mhm","tag-tarraco","tag-tgn-tambe-es-modernista"],"post_mailing_queue_ids":[],"_links":{"self":[{"href":"https:\/\/agora.xtec.cat\/ceipcesaraugust\/wp-json\/wp\/v2\/posts\/23277","targetHints":{"allow":["GET"]}}],"collection":[{"href":"https:\/\/agora.xtec.cat\/ceipcesaraugust\/wp-json\/wp\/v2\/posts"}],"about":[{"href":"https:\/\/agora.xtec.cat\/ceipcesaraugust\/wp-json\/wp\/v2\/types\/post"}],"author":[{"embeddable":true,"href":"https:\/\/agora.xtec.cat\/ceipcesaraugust\/wp-json\/wp\/v2\/users\/1"}],"replies":[{"embeddable":true,"href":"https:\/\/agora.xtec.cat\/ceipcesaraugust\/wp-json\/wp\/v2\/comments?post=23277"}],"version-history":[{"count":1,"href":"https:\/\/agora.xtec.cat\/ceipcesaraugust\/wp-json\/wp\/v2\/posts\/23277\/revisions"}],"predecessor-version":[{"id":23283,"href":"https:\/\/agora.xtec.cat\/ceipcesaraugust\/wp-json\/wp\/v2\/posts\/23277\/revisions\/23283"}],"wp:featuredmedia":[{"embeddable":true,"href":"https:\/\/agora.xtec.cat\/ceipcesaraugust\/wp-json\/wp\/v2\/media\/23278"}],"wp:attachment":[{"href":"https:\/\/agora.xtec.cat\/ceipcesaraugust\/wp-json\/wp\/v2\/media?parent=23277"}],"wp:term":[{"taxonomy":"category","embeddable":true,"href":"https:\/\/agora.xtec.cat\/ceipcesaraugust\/wp-json\/wp\/v2\/categories?post=23277"},{"taxonomy":"post_tag","embeddable":true,"href":"https:\/\/agora.xtec.cat\/ceipcesaraugust\/wp-json\/wp\/v2\/tags?post=23277"}],"curies":[{"name":"wp","href":"https:\/\/api.w.org\/{rel}","templated":true}]}}