{"id":22452,"date":"2022-03-11T17:45:22","date_gmt":"2022-03-11T16:45:22","guid":{"rendered":"https:\/\/agora.xtec.cat\/ceipcesaraugust\/?p=22452"},"modified":"2022-03-11T17:45:22","modified_gmt":"2022-03-11T16:45:22","slug":"dia-de-la-dona-a-ci-cientifiques-de-la-vida-submarina","status":"publish","type":"post","link":"https:\/\/agora.xtec.cat\/ceipcesaraugust\/portada\/dia-de-la-dona-a-ci-cientifiques-de-la-vida-submarina\/","title":{"rendered":"Dia de la dona a CI: cient\u00edfiques de la vida submarina"},"content":{"rendered":"<p><a href=\"https:\/\/agora.xtec.cat\/ceipcesaraugust\/wp-content\/uploads\/usu1489\/2022\/03\/WhatsApp-Image-2022-03-11-at-08.45.06.jpeg\"><br \/>\n<img loading=\"lazy\" decoding=\"async\" class=\"aligncenter size-full wp-image-22453\" src=\"https:\/\/agora.xtec.cat\/ceipcesaraugust\/wp-content\/uploads\/usu1489\/2022\/03\/WhatsApp-Image-2022-03-11-at-08.45.06.jpeg\" alt=\"\" width=\"2048\" height=\"2048\" srcset=\"https:\/\/agora.xtec.cat\/ceipcesaraugust\/wp-content\/uploads\/usu1489\/2022\/03\/WhatsApp-Image-2022-03-11-at-08.45.06.jpeg 2048w, https:\/\/agora.xtec.cat\/ceipcesaraugust\/wp-content\/uploads\/usu1489\/2022\/03\/WhatsApp-Image-2022-03-11-at-08.45.06-300x300.jpeg 300w, https:\/\/agora.xtec.cat\/ceipcesaraugust\/wp-content\/uploads\/usu1489\/2022\/03\/WhatsApp-Image-2022-03-11-at-08.45.06-1024x1024.jpeg 1024w, https:\/\/agora.xtec.cat\/ceipcesaraugust\/wp-content\/uploads\/usu1489\/2022\/03\/WhatsApp-Image-2022-03-11-at-08.45.06-150x150.jpeg 150w, https:\/\/agora.xtec.cat\/ceipcesaraugust\/wp-content\/uploads\/usu1489\/2022\/03\/WhatsApp-Image-2022-03-11-at-08.45.06-768x768.jpeg 768w, https:\/\/agora.xtec.cat\/ceipcesaraugust\/wp-content\/uploads\/usu1489\/2022\/03\/WhatsApp-Image-2022-03-11-at-08.45.06-1536x1536.jpeg 1536w\" sizes=\"auto, (max-width: 2048px) 100vw, 2048px\" \/><\/a><\/p>\n<p style=\"text-align: justify;\">El passat 8 de mar\u00e7, i en motiu del dia de la dona, l&#8217;alumnat de CI va realitzar diferents activitats relacionades amb cient\u00edfiques de la vida submarina: Susannah Buchan, Jimena Quir\u00f3n, Anita Caracotchain i Sylvia Earle.<\/p>\n","protected":false},"excerpt":{"rendered":"<p>El passat 8 de mar\u00e7, i en motiu del dia de la dona, l&#8217;alumnat de CI va realitzar diferents activitats [&hellip;]<\/p>\n","protected":false},"author":1,"featured_media":22453,"comment_status":"open","ping_status":"closed","sticky":false,"template":"","format":"standard","meta":{"_bbp_topic_count":0,"_bbp_reply_count":0,"_bbp_total_topic_count":0,"_bbp_total_reply_count":0,"_bbp_voice_count":0,"_bbp_anonymous_reply_count":0,"_bbp_topic_count_hidden":0,"_bbp_reply_count_hidden":0,"_bbp_forum_subforum_count":0,"site-sidebar-layout":"default","site-content-layout":"","ast-site-content-layout":"","site-content-style":"default","site-sidebar-style":"default","ast-global-header-display":"","ast-banner-title-visibility":"","ast-main-header-display":"","ast-hfb-above-header-display":"","ast-hfb-below-header-display":"","ast-hfb-mobile-header-display":"","site-post-title":"","ast-breadcrumbs-content":"","ast-featured-img":"","footer-sml-layout":"","theme-transparent-header-meta":"","adv-header-id-meta":"","stick-header-meta":"","header-above-stick-meta":"","header-main-stick-meta":"","header-below-stick-meta":"","astra-migrate-meta-layouts":"default","ast-page-background-enabled":"default","ast-page-background-meta":{"desktop":{"background-color":"var(--ast-global-color-4)","background-image":"","background-repeat":"repeat","background-position":"center center","background-size":"auto","background-attachment":"scroll","background-type":"","background-media":"","overlay-type":"","overlay-color":"","overlay-opacity":"","overlay-gradient":""},"tablet":{"background-color":"","background-image":"","background-repeat":"repeat","background-position":"center center","background-size":"auto","background-attachment":"scroll","background-type":"","background-media":"","overlay-type":"","overlay-color":"","overlay-opacity":"","overlay-gradient":""},"mobile":{"background-color":"","background-image":"","background-repeat":"repeat","background-position":"center center","background-size":"auto","background-attachment":"scroll","background-type":"","background-media":"","overlay-type":"","overlay-color":"","overlay-opacity":"","overlay-gradient":""}},"ast-content-background-meta":{"desktop":{"background-color":"var(--ast-global-color-5)","background-image":"","background-repeat":"repeat","background-position":"center center","background-size":"auto","background-attachment":"scroll","background-type":"","background-media":"","overlay-type":"","overlay-color":"","overlay-opacity":"","overlay-gradient":""},"tablet":{"background-color":"var(--ast-global-color-5)","background-image":"","background-repeat":"repeat","background-position":"center center","background-size":"auto","background-attachment":"scroll","background-type":"","background-media":"","overlay-type":"","overlay-color":"","overlay-opacity":"","overlay-gradient":""},"mobile":{"background-color":"var(--ast-global-color-5)","background-image":"","background-repeat":"repeat","background-position":"center center","background-size":"auto","background-attachment":"scroll","background-type":"","background-media":"","overlay-type":"","overlay-color":"","overlay-opacity":"","overlay-gradient":""}},"footnotes":""},"categories":[10,11,4,5],"tags":[890,891,892],"class_list":["post-22452","post","type-post","status-publish","format-standard","has-post-thumbnail","hentry","category-1r","category-2n","category-portada","category-primaria","tag-8-de-marc","tag-cientifiques","tag-vida-submarina"],"post_mailing_queue_ids":[],"_links":{"self":[{"href":"https:\/\/agora.xtec.cat\/ceipcesaraugust\/wp-json\/wp\/v2\/posts\/22452","targetHints":{"allow":["GET"]}}],"collection":[{"href":"https:\/\/agora.xtec.cat\/ceipcesaraugust\/wp-json\/wp\/v2\/posts"}],"about":[{"href":"https:\/\/agora.xtec.cat\/ceipcesaraugust\/wp-json\/wp\/v2\/types\/post"}],"author":[{"embeddable":true,"href":"https:\/\/agora.xtec.cat\/ceipcesaraugust\/wp-json\/wp\/v2\/users\/1"}],"replies":[{"embeddable":true,"href":"https:\/\/agora.xtec.cat\/ceipcesaraugust\/wp-json\/wp\/v2\/comments?post=22452"}],"version-history":[{"count":1,"href":"https:\/\/agora.xtec.cat\/ceipcesaraugust\/wp-json\/wp\/v2\/posts\/22452\/revisions"}],"predecessor-version":[{"id":22454,"href":"https:\/\/agora.xtec.cat\/ceipcesaraugust\/wp-json\/wp\/v2\/posts\/22452\/revisions\/22454"}],"wp:featuredmedia":[{"embeddable":true,"href":"https:\/\/agora.xtec.cat\/ceipcesaraugust\/wp-json\/wp\/v2\/media\/22453"}],"wp:attachment":[{"href":"https:\/\/agora.xtec.cat\/ceipcesaraugust\/wp-json\/wp\/v2\/media?parent=22452"}],"wp:term":[{"taxonomy":"category","embeddable":true,"href":"https:\/\/agora.xtec.cat\/ceipcesaraugust\/wp-json\/wp\/v2\/categories?post=22452"},{"taxonomy":"post_tag","embeddable":true,"href":"https:\/\/agora.xtec.cat\/ceipcesaraugust\/wp-json\/wp\/v2\/tags?post=22452"}],"curies":[{"name":"wp","href":"https:\/\/api.w.org\/{rel}","templated":true}]}}