{"id":22067,"date":"2021-11-19T10:15:28","date_gmt":"2021-11-19T09:15:28","guid":{"rendered":"https:\/\/agora.xtec.cat\/ceipcesaraugust\/?p=22067"},"modified":"2021-11-19T15:35:09","modified_gmt":"2021-11-19T14:35:09","slug":"candidatures-de-families-a-les-eleccions-al-consell-escolar","status":"publish","type":"post","link":"https:\/\/agora.xtec.cat\/ceipcesaraugust\/portada\/candidatures-de-families-a-les-eleccions-al-consell-escolar\/","title":{"rendered":"Candidatures de fam\u00edlies a les eleccions al consell escolar"},"content":{"rendered":"<p><a href=\"https:\/\/agora.xtec.cat\/ceipcesaraugust\/lescola\/organigrama\/consell-escolar\/eleccions-consell-escolar\/\"><img loading=\"lazy\" decoding=\"async\" class=\"wp-image-22081 alignleft\" src=\"https:\/\/agora.xtec.cat\/ceipcesaraugust\/wp-content\/uploads\/usu1489\/2021\/11\/election_.png\" alt=\"\" width=\"112\" height=\"112\" srcset=\"https:\/\/agora.xtec.cat\/ceipcesaraugust\/wp-content\/uploads\/usu1489\/2021\/11\/election_.png 512w, https:\/\/agora.xtec.cat\/ceipcesaraugust\/wp-content\/uploads\/usu1489\/2021\/11\/election_-300x300.png 300w, https:\/\/agora.xtec.cat\/ceipcesaraugust\/wp-content\/uploads\/usu1489\/2021\/11\/election_-150x150.png 150w\" sizes=\"auto, (max-width: 112px) 100vw, 112px\" \/><\/a><\/p>\n<p>El proper\u00a0<strong>24 de novembre\u00a0<\/strong>es realitzaran les\u00a0<strong>votacions del sector de fam\u00edlies de les eleccions del consell escolar<\/strong>. S&#8217;hi han presentat 5 mares i pares amb ganes de participar i fer sentir la veu de les fam\u00edlies en aquest espai de participaci\u00f3. Des de l&#8217;escola aprofitem per agrair la seva iniciativa i comprom\u00eds.<\/p>\n<p>A continuaci\u00f3 podeu trobar les seves <strong>presentacions<\/strong> clicant sobre dels seus noms:<\/p>\n<ul>\n<li><a href=\"https:\/\/drive.google.com\/file\/d\/15AyrV-hgKinyjEyqSKm-Lu1yxp7vBK-v\/view?usp=sharing\" target=\"_blank\" rel=\"noopener\">Roser Vendrell<\/a><\/li>\n<li><a href=\"https:\/\/drive.google.com\/file\/d\/11AIdMMLTHp85bm0Yv5xC98Ljfc8ogW4V\/view?usp=sharing\" target=\"_blank\" rel=\"noopener\">Joan Dom\u00e9nech<\/a><\/li>\n<li><a href=\"https:\/\/www.canva.com\/design\/DAEv5fVG6UA\/O2oSlLBN0IeNSnL3vE2z1w\/view?utm_content=DAEv5fVG6UA&amp;utm_campaign=designshare&amp;utm_medium=link&amp;utm_source=publishsharelink\" target=\"_blank\" rel=\"noopener\">\u00c1ngel Cruz<\/a><\/li>\n<li><a href=\"https:\/\/drive.google.com\/file\/d\/1quAdDuea89LXy8gf1KFIY97XnChNxlSY\/view?usp=sharing\" target=\"_blank\" rel=\"noopener\">Susana Garc\u00eda<\/a><\/li>\n<li><a href=\"https:\/\/drive.google.com\/file\/d\/1BpZ3ZekkRQBlA1xEeAyaGb_Rm8lwYx6O\/view?usp=sharing\" target=\"_blank\" rel=\"noopener\">Carolina Amores<\/a><\/li>\n<\/ul>\n<p>Per a m\u00e9s informaci\u00f3 accediu a l&#8217;<a href=\"https:\/\/agora.xtec.cat\/ceipcesaraugust\/lescola\/organigrama\/consell-escolar\/eleccions-consell-escolar\/\" target=\"_blank\" rel=\"noopener\">apartat de les eleccions al consell escolar<\/a>.<\/p>\n","protected":false},"excerpt":{"rendered":"<p>El proper\u00a024 de novembre\u00a0es realitzaran les\u00a0votacions del sector de fam\u00edlies de les eleccions del consell escolar. S&#8217;hi han presentat 5 [&hellip;]<\/p>\n","protected":false},"author":1,"featured_media":0,"comment_status":"closed","ping_status":"closed","sticky":false,"template":"","format":"standard","meta":{"_bbp_topic_count":0,"_bbp_reply_count":0,"_bbp_total_topic_count":0,"_bbp_total_reply_count":0,"_bbp_voice_count":0,"_bbp_anonymous_reply_count":0,"_bbp_topic_count_hidden":0,"_bbp_reply_count_hidden":0,"_bbp_forum_subforum_count":0,"site-sidebar-layout":"default","site-content-layout":"","ast-site-content-layout":"","site-content-style":"default","site-sidebar-style":"default","ast-global-header-display":"","ast-banner-title-visibility":"","ast-main-header-display":"","ast-hfb-above-header-display":"","ast-hfb-below-header-display":"","ast-hfb-mobile-header-display":"","site-post-title":"","ast-breadcrumbs-content":"","ast-featured-img":"","footer-sml-layout":"","theme-transparent-header-meta":"","adv-header-id-meta":"","stick-header-meta":"","header-above-stick-meta":"","header-main-stick-meta":"","header-below-stick-meta":"","astra-migrate-meta-layouts":"default","ast-page-background-enabled":"default","ast-page-background-meta":{"desktop":{"background-color":"var(--ast-global-color-4)","background-image":"","background-repeat":"repeat","background-position":"center center","background-size":"auto","background-attachment":"scroll","background-type":"","background-media":"","overlay-type":"","overlay-color":"","overlay-opacity":"","overlay-gradient":""},"tablet":{"background-color":"","background-image":"","background-repeat":"repeat","background-position":"center center","background-size":"auto","background-attachment":"scroll","background-type":"","background-media":"","overlay-type":"","overlay-color":"","overlay-opacity":"","overlay-gradient":""},"mobile":{"background-color":"","background-image":"","background-repeat":"repeat","background-position":"center center","background-size":"auto","background-attachment":"scroll","background-type":"","background-media":"","overlay-type":"","overlay-color":"","overlay-opacity":"","overlay-gradient":""}},"ast-content-background-meta":{"desktop":{"background-color":"var(--ast-global-color-5)","background-image":"","background-repeat":"repeat","background-position":"center center","background-size":"auto","background-attachment":"scroll","background-type":"","background-media":"","overlay-type":"","overlay-color":"","overlay-opacity":"","overlay-gradient":""},"tablet":{"background-color":"var(--ast-global-color-5)","background-image":"","background-repeat":"repeat","background-position":"center center","background-size":"auto","background-attachment":"scroll","background-type":"","background-media":"","overlay-type":"","overlay-color":"","overlay-opacity":"","overlay-gradient":""},"mobile":{"background-color":"var(--ast-global-color-5)","background-image":"","background-repeat":"repeat","background-position":"center center","background-size":"auto","background-attachment":"scroll","background-type":"","background-media":"","overlay-type":"","overlay-color":"","overlay-opacity":"","overlay-gradient":""}},"footnotes":""},"categories":[4],"tags":[112,817],"class_list":["post-22067","post","type-post","status-publish","format-standard","hentry","category-portada","tag-consell-escolar","tag-eleccions-consell-escolar"],"post_mailing_queue_ids":[],"_links":{"self":[{"href":"https:\/\/agora.xtec.cat\/ceipcesaraugust\/wp-json\/wp\/v2\/posts\/22067","targetHints":{"allow":["GET"]}}],"collection":[{"href":"https:\/\/agora.xtec.cat\/ceipcesaraugust\/wp-json\/wp\/v2\/posts"}],"about":[{"href":"https:\/\/agora.xtec.cat\/ceipcesaraugust\/wp-json\/wp\/v2\/types\/post"}],"author":[{"embeddable":true,"href":"https:\/\/agora.xtec.cat\/ceipcesaraugust\/wp-json\/wp\/v2\/users\/1"}],"replies":[{"embeddable":true,"href":"https:\/\/agora.xtec.cat\/ceipcesaraugust\/wp-json\/wp\/v2\/comments?post=22067"}],"version-history":[{"count":3,"href":"https:\/\/agora.xtec.cat\/ceipcesaraugust\/wp-json\/wp\/v2\/posts\/22067\/revisions"}],"predecessor-version":[{"id":22085,"href":"https:\/\/agora.xtec.cat\/ceipcesaraugust\/wp-json\/wp\/v2\/posts\/22067\/revisions\/22085"}],"wp:attachment":[{"href":"https:\/\/agora.xtec.cat\/ceipcesaraugust\/wp-json\/wp\/v2\/media?parent=22067"}],"wp:term":[{"taxonomy":"category","embeddable":true,"href":"https:\/\/agora.xtec.cat\/ceipcesaraugust\/wp-json\/wp\/v2\/categories?post=22067"},{"taxonomy":"post_tag","embeddable":true,"href":"https:\/\/agora.xtec.cat\/ceipcesaraugust\/wp-json\/wp\/v2\/tags?post=22067"}],"curies":[{"name":"wp","href":"https:\/\/api.w.org\/{rel}","templated":true}]}}