{"id":21847,"date":"2021-09-30T11:33:34","date_gmt":"2021-09-30T09:33:34","guid":{"rendered":"https:\/\/agora.xtec.cat\/ceipcesaraugust\/?p=21847"},"modified":"2021-10-01T13:23:27","modified_gmt":"2021-10-01T11:23:27","slug":"larqueologa-marina-lozano-proposa-un-repte-als-de-5e","status":"publish","type":"post","link":"https:\/\/agora.xtec.cat\/ceipcesaraugust\/portada\/larqueologa-marina-lozano-proposa-un-repte-als-de-5e\/","title":{"rendered":"L&#8217;arque\u00f2loga Marina Lozano proposa un repte a l&#8217;alumnat de 5\u00e8"},"content":{"rendered":"<p style=\"text-align: center;\"><img loading=\"lazy\" decoding=\"async\" class=\"aligncenter size-full wp-image-21848\" src=\"https:\/\/agora.xtec.cat\/ceipcesaraugust\/wp-content\/uploads\/usu1489\/2021\/09\/WhatsApp-Image-2021-09-29-at-12.30.07.jpeg\" alt=\"\" width=\"1500\" height=\"2000\" srcset=\"https:\/\/agora.xtec.cat\/ceipcesaraugust\/wp-content\/uploads\/usu1489\/2021\/09\/WhatsApp-Image-2021-09-29-at-12.30.07.jpeg 1500w, https:\/\/agora.xtec.cat\/ceipcesaraugust\/wp-content\/uploads\/usu1489\/2021\/09\/WhatsApp-Image-2021-09-29-at-12.30.07-225x300.jpeg 225w, https:\/\/agora.xtec.cat\/ceipcesaraugust\/wp-content\/uploads\/usu1489\/2021\/09\/WhatsApp-Image-2021-09-29-at-12.30.07-768x1024.jpeg 768w, https:\/\/agora.xtec.cat\/ceipcesaraugust\/wp-content\/uploads\/usu1489\/2021\/09\/WhatsApp-Image-2021-09-29-at-12.30.07-1152x1536.jpeg 1152w\" sizes=\"auto, (max-width: 1500px) 100vw, 1500px\" \/><\/p>\n<p style=\"text-align: justify;\">A 5\u00e8 hem comen\u00e7at a treballar el projecte &#8220;De les coves als castells&#8221; a l&#8217;\u00e0rea de coneixement del medi.<\/p>\n<p style=\"text-align: justify;\">Ens ha vingut a visitar l&#8217;arque\u00f2loga Marina Lozano (<a href=\"https:\/\/twitter.com\/archeoMarinaLR\">@archeoMarinaLR<\/a>) que ens ha vingut a explicar els nostres or\u00edgens, com eren els nostres avantpassats i l&#8217;evoluci\u00f3 de la nostra esp\u00e8cie.<\/p>\n<p style=\"text-align: justify;\">Ara l&#8217;alumnat de cinqu\u00e8 t\u00e9 una responsabilitat i un repte davant seu: convertir-se en experts d&#8217;hist\u00f2ria per poder explicar als seus tutoritzats de 3r tot el que han apr\u00e8s.<\/p>\n","protected":false},"excerpt":{"rendered":"<p>A 5\u00e8 hem comen\u00e7at a treballar el projecte &#8220;De les coves als castells&#8221; a l&#8217;\u00e0rea de coneixement del medi. Ens [&hellip;]<\/p>\n","protected":false},"author":1,"featured_media":21848,"comment_status":"open","ping_status":"closed","sticky":false,"template":"","format":"standard","meta":{"_bbp_topic_count":0,"_bbp_reply_count":0,"_bbp_total_topic_count":0,"_bbp_total_reply_count":0,"_bbp_voice_count":0,"_bbp_anonymous_reply_count":0,"_bbp_topic_count_hidden":0,"_bbp_reply_count_hidden":0,"_bbp_forum_subforum_count":0,"site-sidebar-layout":"default","site-content-layout":"","ast-site-content-layout":"","site-content-style":"default","site-sidebar-style":"default","ast-global-header-display":"","ast-banner-title-visibility":"","ast-main-header-display":"","ast-hfb-above-header-display":"","ast-hfb-below-header-display":"","ast-hfb-mobile-header-display":"","site-post-title":"","ast-breadcrumbs-content":"","ast-featured-img":"","footer-sml-layout":"","theme-transparent-header-meta":"","adv-header-id-meta":"","stick-header-meta":"","header-above-stick-meta":"","header-main-stick-meta":"","header-below-stick-meta":"","astra-migrate-meta-layouts":"default","ast-page-background-enabled":"default","ast-page-background-meta":{"desktop":{"background-color":"var(--ast-global-color-4)","background-image":"","background-repeat":"repeat","background-position":"center center","background-size":"auto","background-attachment":"scroll","background-type":"","background-media":"","overlay-type":"","overlay-color":"","overlay-opacity":"","overlay-gradient":""},"tablet":{"background-color":"","background-image":"","background-repeat":"repeat","background-position":"center center","background-size":"auto","background-attachment":"scroll","background-type":"","background-media":"","overlay-type":"","overlay-color":"","overlay-opacity":"","overlay-gradient":""},"mobile":{"background-color":"","background-image":"","background-repeat":"repeat","background-position":"center center","background-size":"auto","background-attachment":"scroll","background-type":"","background-media":"","overlay-type":"","overlay-color":"","overlay-opacity":"","overlay-gradient":""}},"ast-content-background-meta":{"desktop":{"background-color":"var(--ast-global-color-5)","background-image":"","background-repeat":"repeat","background-position":"center center","background-size":"auto","background-attachment":"scroll","background-type":"","background-media":"","overlay-type":"","overlay-color":"","overlay-opacity":"","overlay-gradient":""},"tablet":{"background-color":"var(--ast-global-color-5)","background-image":"","background-repeat":"repeat","background-position":"center center","background-size":"auto","background-attachment":"scroll","background-type":"","background-media":"","overlay-type":"","overlay-color":"","overlay-opacity":"","overlay-gradient":""},"mobile":{"background-color":"var(--ast-global-color-5)","background-image":"","background-repeat":"repeat","background-position":"center center","background-size":"auto","background-attachment":"scroll","background-type":"","background-media":"","overlay-type":"","overlay-color":"","overlay-opacity":"","overlay-gradient":""}},"footnotes":""},"categories":[14,4,5],"tags":[362,570,780],"class_list":["post-21847","post","type-post","status-publish","format-standard","has-post-thumbnail","hentry","category-5e","category-portada","category-primaria","tag-coneixement-del-medi","tag-de-les-coves-als-castells","tag-marina-lozano"],"post_mailing_queue_ids":[],"_links":{"self":[{"href":"https:\/\/agora.xtec.cat\/ceipcesaraugust\/wp-json\/wp\/v2\/posts\/21847","targetHints":{"allow":["GET"]}}],"collection":[{"href":"https:\/\/agora.xtec.cat\/ceipcesaraugust\/wp-json\/wp\/v2\/posts"}],"about":[{"href":"https:\/\/agora.xtec.cat\/ceipcesaraugust\/wp-json\/wp\/v2\/types\/post"}],"author":[{"embeddable":true,"href":"https:\/\/agora.xtec.cat\/ceipcesaraugust\/wp-json\/wp\/v2\/users\/1"}],"replies":[{"embeddable":true,"href":"https:\/\/agora.xtec.cat\/ceipcesaraugust\/wp-json\/wp\/v2\/comments?post=21847"}],"version-history":[{"count":3,"href":"https:\/\/agora.xtec.cat\/ceipcesaraugust\/wp-json\/wp\/v2\/posts\/21847\/revisions"}],"predecessor-version":[{"id":21861,"href":"https:\/\/agora.xtec.cat\/ceipcesaraugust\/wp-json\/wp\/v2\/posts\/21847\/revisions\/21861"}],"wp:featuredmedia":[{"embeddable":true,"href":"https:\/\/agora.xtec.cat\/ceipcesaraugust\/wp-json\/wp\/v2\/media\/21848"}],"wp:attachment":[{"href":"https:\/\/agora.xtec.cat\/ceipcesaraugust\/wp-json\/wp\/v2\/media?parent=21847"}],"wp:term":[{"taxonomy":"category","embeddable":true,"href":"https:\/\/agora.xtec.cat\/ceipcesaraugust\/wp-json\/wp\/v2\/categories?post=21847"},{"taxonomy":"post_tag","embeddable":true,"href":"https:\/\/agora.xtec.cat\/ceipcesaraugust\/wp-json\/wp\/v2\/tags?post=21847"}],"curies":[{"name":"wp","href":"https:\/\/api.w.org\/{rel}","templated":true}]}}