{"id":19783,"date":"2020-03-23T17:19:33","date_gmt":"2020-03-23T16:19:33","guid":{"rendered":"http:\/\/agora.xtec.cat\/ceipcesaraugust\/?p=19783"},"modified":"2020-03-24T08:44:29","modified_gmt":"2020-03-24T07:44:29","slug":"aules-virtuals-i-enllacats-per-un-rotllo-de-paper-de-wc","status":"publish","type":"post","link":"https:\/\/agora.xtec.cat\/ceipcesaraugust\/general\/aules-virtuals-i-enllacats-per-un-rotllo-de-paper-de-wc\/","title":{"rendered":"Aules virtuals i Enlla\u00e7ats per un rotllo de paper de WC"},"content":{"rendered":"<p style=\"text-align: justify;\">S\u00f3n dies extraordinaris, sabem que teniu ganes de tornar a l&#8217;escola i nosaltres tenim moltes ganes de tornar-vos a veure de nou. Ara per\u00f2 toca quedar-nos a casa i cuidar-nos per poder tornar amb m\u00e9s for\u00e7a. Perqu\u00e8 pugueu continuar treballant us informem que ja tenim actives les <a href=\"https:\/\/agora.xtec.cat\/ceipcesaraugust\/aules-virtuals\/\"><strong>aules virtuals<\/strong><\/a> dels diferents nivells que us hem preparat amb moltes ganes i i\u00b7lusi\u00f3. I si a alg\u00fa encara li sobra temps, a l&#8217;apartat <a href=\"https:\/\/agora.xtec.cat\/ceipcesaraugust\/aules-virtuals\/altres-recursos\/\"><strong>altres recursos<\/strong><\/a> <span style=\"font-family: inherit; font-size: 1em;\">podeu trobar propostes diverses que ens ajudaran a passar aquest dies.<\/span><\/p>\n<p style=\"text-align: justify;\">A m\u00e9s, tamb\u00e9 us volem animar a participar en la iniciativa\u00a0<a href=\"https:\/\/drive.google.com\/file\/d\/1bBFXgarEb2K0KvHhT9s46OO-Bj4WR4y2\/view?usp=sharing\"><strong><em>Enlla\u00e7ats per un rotllo de paper de WC<\/em><\/strong><\/a> en qu\u00e8 les mestres de l&#8217;escola us expliquem quins s\u00f3n els nostres reptes (<em>challenges<\/em>) per aquest dies. Qu\u00e8 hi dieu, us animeu a enviar-vos els vostres v\u00eddeos? Els podeu penjar a les xarxes (<a href=\"https:\/\/twitter.com\/ECesarAugust\"><strong>Twitter<\/strong><\/a> o <a href=\"https:\/\/www.instagram.com\/ecesaraugust\/\"><strong>Instragram<\/strong><\/a>) etiquetant a l&#8217;escola (<strong>@ecesaraugust<\/strong>) i posant l&#8217;etiqueta<strong> #EnllacatsCesarAugust <\/strong>o enviar-los a l&#8217;adre\u00e7a <a href=\"mailto:informatica@escolacesaraugust.cat\">informatica@escolacesaraugust.cat<\/a>. Vinga, <strong>QUIN SER\u00c0 EL VOSTRE REPTE? #joemquedoacasa<\/strong><\/p>\n<p><iframe loading=\"lazy\" src=\"https:\/\/drive.google.com\/file\/d\/1bBFXgarEb2K0KvHhT9s46OO-Bj4WR4y2\/preview\" width=\"640\" height=\"260\"><\/iframe><\/p>\n","protected":false},"excerpt":{"rendered":"<p>S\u00f3n dies extraordinaris, sabem que teniu ganes de tornar a l&#8217;escola i nosaltres tenim moltes ganes de tornar-vos a veure [&hellip;]<\/p>\n","protected":false},"author":1,"featured_media":0,"comment_status":"open","ping_status":"closed","sticky":false,"template":"","format":"standard","meta":{"_bbp_topic_count":0,"_bbp_reply_count":0,"_bbp_total_topic_count":0,"_bbp_total_reply_count":0,"_bbp_voice_count":0,"_bbp_anonymous_reply_count":0,"_bbp_topic_count_hidden":0,"_bbp_reply_count_hidden":0,"_bbp_forum_subforum_count":0,"site-sidebar-layout":"default","site-content-layout":"","ast-site-content-layout":"","site-content-style":"default","site-sidebar-style":"default","ast-global-header-display":"","ast-banner-title-visibility":"","ast-main-header-display":"","ast-hfb-above-header-display":"","ast-hfb-below-header-display":"","ast-hfb-mobile-header-display":"","site-post-title":"","ast-breadcrumbs-content":"","ast-featured-img":"","footer-sml-layout":"","theme-transparent-header-meta":"","adv-header-id-meta":"","stick-header-meta":"","header-above-stick-meta":"","header-main-stick-meta":"","header-below-stick-meta":"","astra-migrate-meta-layouts":"default","ast-page-background-enabled":"default","ast-page-background-meta":{"desktop":{"background-color":"var(--ast-global-color-4)","background-image":"","background-repeat":"repeat","background-position":"center center","background-size":"auto","background-attachment":"scroll","background-type":"","background-media":"","overlay-type":"","overlay-color":"","overlay-opacity":"","overlay-gradient":""},"tablet":{"background-color":"","background-image":"","background-repeat":"repeat","background-position":"center center","background-size":"auto","background-attachment":"scroll","background-type":"","background-media":"","overlay-type":"","overlay-color":"","overlay-opacity":"","overlay-gradient":""},"mobile":{"background-color":"","background-image":"","background-repeat":"repeat","background-position":"center center","background-size":"auto","background-attachment":"scroll","background-type":"","background-media":"","overlay-type":"","overlay-color":"","overlay-opacity":"","overlay-gradient":""}},"ast-content-background-meta":{"desktop":{"background-color":"var(--ast-global-color-5)","background-image":"","background-repeat":"repeat","background-position":"center center","background-size":"auto","background-attachment":"scroll","background-type":"","background-media":"","overlay-type":"","overlay-color":"","overlay-opacity":"","overlay-gradient":""},"tablet":{"background-color":"var(--ast-global-color-5)","background-image":"","background-repeat":"repeat","background-position":"center center","background-size":"auto","background-attachment":"scroll","background-type":"","background-media":"","overlay-type":"","overlay-color":"","overlay-opacity":"","overlay-gradient":""},"mobile":{"background-color":"var(--ast-global-color-5)","background-image":"","background-repeat":"repeat","background-position":"center center","background-size":"auto","background-attachment":"scroll","background-type":"","background-media":"","overlay-type":"","overlay-color":"","overlay-opacity":"","overlay-gradient":""}},"footnotes":""},"categories":[1,4],"tags":[524,521],"class_list":["post-19783","post","type-post","status-publish","format-standard","hentry","category-general","category-portada","tag-joemquedoacasa","tag-covid-19"],"post_mailing_queue_ids":[],"_links":{"self":[{"href":"https:\/\/agora.xtec.cat\/ceipcesaraugust\/wp-json\/wp\/v2\/posts\/19783","targetHints":{"allow":["GET"]}}],"collection":[{"href":"https:\/\/agora.xtec.cat\/ceipcesaraugust\/wp-json\/wp\/v2\/posts"}],"about":[{"href":"https:\/\/agora.xtec.cat\/ceipcesaraugust\/wp-json\/wp\/v2\/types\/post"}],"author":[{"embeddable":true,"href":"https:\/\/agora.xtec.cat\/ceipcesaraugust\/wp-json\/wp\/v2\/users\/1"}],"replies":[{"embeddable":true,"href":"https:\/\/agora.xtec.cat\/ceipcesaraugust\/wp-json\/wp\/v2\/comments?post=19783"}],"version-history":[{"count":3,"href":"https:\/\/agora.xtec.cat\/ceipcesaraugust\/wp-json\/wp\/v2\/posts\/19783\/revisions"}],"predecessor-version":[{"id":19802,"href":"https:\/\/agora.xtec.cat\/ceipcesaraugust\/wp-json\/wp\/v2\/posts\/19783\/revisions\/19802"}],"wp:attachment":[{"href":"https:\/\/agora.xtec.cat\/ceipcesaraugust\/wp-json\/wp\/v2\/media?parent=19783"}],"wp:term":[{"taxonomy":"category","embeddable":true,"href":"https:\/\/agora.xtec.cat\/ceipcesaraugust\/wp-json\/wp\/v2\/categories?post=19783"},{"taxonomy":"post_tag","embeddable":true,"href":"https:\/\/agora.xtec.cat\/ceipcesaraugust\/wp-json\/wp\/v2\/tags?post=19783"}],"curies":[{"name":"wp","href":"https:\/\/api.w.org\/{rel}","templated":true}]}}