{"id":19467,"date":"2020-02-20T13:12:11","date_gmt":"2020-02-20T12:12:11","guid":{"rendered":"http:\/\/agora.xtec.cat\/ceipcesaraugust\/?p=19467"},"modified":"2020-11-19T19:10:17","modified_gmt":"2020-11-19T18:10:17","slug":"guanyador-del-i-concurs-de-fotografia-magicbu","status":"publish","type":"post","link":"https:\/\/agora.xtec.cat\/ceipcesaraugust\/infantil\/guanyador-del-i-concurs-de-fotografia-magicbu\/","title":{"rendered":"Guanyador del I Concurs de fotografia M\u00e0gicb\u00fa"},"content":{"rendered":"<p style=\"text-align: center;\"><a href=\"https:\/\/agora.xtec.cat\/ceipcesaraugust\/wp-content\/uploads\/usu1489\/2020\/02\/IMG_20191126_104900.-p4B-jpg.jpg\"><img loading=\"lazy\" decoding=\"async\" class=\"aligncenter size-full wp-image-19468\" src=\"https:\/\/agora.xtec.cat\/ceipcesaraugust\/wp-content\/uploads\/usu1489\/2020\/02\/IMG_20191126_104900.-p4B-jpg.jpg\" alt=\"\" width=\"1872\" height=\"2496\" srcset=\"https:\/\/agora.xtec.cat\/ceipcesaraugust\/wp-content\/uploads\/usu1489\/2020\/02\/IMG_20191126_104900.-p4B-jpg.jpg 1872w, https:\/\/agora.xtec.cat\/ceipcesaraugust\/wp-content\/uploads\/usu1489\/2020\/02\/IMG_20191126_104900.-p4B-jpg-225x300.jpg 225w, https:\/\/agora.xtec.cat\/ceipcesaraugust\/wp-content\/uploads\/usu1489\/2020\/02\/IMG_20191126_104900.-p4B-jpg-768x1024.jpg 768w\" sizes=\"auto, (max-width: 1872px) 100vw, 1872px\" \/><\/a><\/p>\n<p style=\"text-align: justify;\">En M\u00e0gicb\u00fa ja ha passat per totes les classes del C\u00e8sar August, i li ha agradat molt el viatge. Es quedaria a viure a la classe de P4B, per aix\u00f2 creu que la millor fotografia que li han fet \u00e9s all\u00e0.<\/p>\n<p style=\"text-align: justify;\">Gr\u00e0cies a tothom per participar! I enhorabona a les nenes i els nens de P4B per haver guanyat aquest concurs de fotografia creativa.<\/p>\n<p style=\"text-align: justify;\">Tindreu not\u00edcies sobre les noves aventures d&#8217;en M\u00e0gicb\u00fa molt aviat.<\/p>\n","protected":false},"excerpt":{"rendered":"<p>En M\u00e0gicb\u00fa ja ha passat per totes les classes del C\u00e8sar August, i li ha agradat molt el viatge. Es [&hellip;]<\/p>\n","protected":false},"author":1,"featured_media":19468,"comment_status":"open","ping_status":"closed","sticky":false,"template":"","format":"standard","meta":{"_bbp_topic_count":0,"_bbp_reply_count":0,"_bbp_total_topic_count":0,"_bbp_total_reply_count":0,"_bbp_voice_count":0,"_bbp_anonymous_reply_count":0,"_bbp_topic_count_hidden":0,"_bbp_reply_count_hidden":0,"_bbp_forum_subforum_count":0,"site-sidebar-layout":"default","site-content-layout":"","ast-site-content-layout":"","site-content-style":"default","site-sidebar-style":"default","ast-global-header-display":"","ast-banner-title-visibility":"","ast-main-header-display":"","ast-hfb-above-header-display":"","ast-hfb-below-header-display":"","ast-hfb-mobile-header-display":"","site-post-title":"","ast-breadcrumbs-content":"","ast-featured-img":"","footer-sml-layout":"","theme-transparent-header-meta":"","adv-header-id-meta":"","stick-header-meta":"","header-above-stick-meta":"","header-main-stick-meta":"","header-below-stick-meta":"","astra-migrate-meta-layouts":"default","ast-page-background-enabled":"default","ast-page-background-meta":{"desktop":{"background-color":"var(--ast-global-color-4)","background-image":"","background-repeat":"repeat","background-position":"center center","background-size":"auto","background-attachment":"scroll","background-type":"","background-media":"","overlay-type":"","overlay-color":"","overlay-opacity":"","overlay-gradient":""},"tablet":{"background-color":"","background-image":"","background-repeat":"repeat","background-position":"center center","background-size":"auto","background-attachment":"scroll","background-type":"","background-media":"","overlay-type":"","overlay-color":"","overlay-opacity":"","overlay-gradient":""},"mobile":{"background-color":"","background-image":"","background-repeat":"repeat","background-position":"center center","background-size":"auto","background-attachment":"scroll","background-type":"","background-media":"","overlay-type":"","overlay-color":"","overlay-opacity":"","overlay-gradient":""}},"ast-content-background-meta":{"desktop":{"background-color":"var(--ast-global-color-5)","background-image":"","background-repeat":"repeat","background-position":"center center","background-size":"auto","background-attachment":"scroll","background-type":"","background-media":"","overlay-type":"","overlay-color":"","overlay-opacity":"","overlay-gradient":""},"tablet":{"background-color":"var(--ast-global-color-5)","background-image":"","background-repeat":"repeat","background-position":"center center","background-size":"auto","background-attachment":"scroll","background-type":"","background-media":"","overlay-type":"","overlay-color":"","overlay-opacity":"","overlay-gradient":""},"mobile":{"background-color":"var(--ast-global-color-5)","background-image":"","background-repeat":"repeat","background-position":"center center","background-size":"auto","background-attachment":"scroll","background-type":"","background-media":"","overlay-type":"","overlay-color":"","overlay-opacity":"","overlay-gradient":""}},"footnotes":""},"categories":[582,2,4,5],"tags":[364,512,391,513],"class_list":["post-19467","post","type-post","status-publish","format-standard","has-post-thumbnail","hentry","category-biblioteca","category-infantil","category-portada","category-primaria","tag-comissio-de-biblioteca","tag-i-concurs-de-fotografia-creativa","tag-magicbu","tag-p4b"],"post_mailing_queue_ids":[],"_links":{"self":[{"href":"https:\/\/agora.xtec.cat\/ceipcesaraugust\/wp-json\/wp\/v2\/posts\/19467","targetHints":{"allow":["GET"]}}],"collection":[{"href":"https:\/\/agora.xtec.cat\/ceipcesaraugust\/wp-json\/wp\/v2\/posts"}],"about":[{"href":"https:\/\/agora.xtec.cat\/ceipcesaraugust\/wp-json\/wp\/v2\/types\/post"}],"author":[{"embeddable":true,"href":"https:\/\/agora.xtec.cat\/ceipcesaraugust\/wp-json\/wp\/v2\/users\/1"}],"replies":[{"embeddable":true,"href":"https:\/\/agora.xtec.cat\/ceipcesaraugust\/wp-json\/wp\/v2\/comments?post=19467"}],"version-history":[{"count":1,"href":"https:\/\/agora.xtec.cat\/ceipcesaraugust\/wp-json\/wp\/v2\/posts\/19467\/revisions"}],"predecessor-version":[{"id":19469,"href":"https:\/\/agora.xtec.cat\/ceipcesaraugust\/wp-json\/wp\/v2\/posts\/19467\/revisions\/19469"}],"wp:featuredmedia":[{"embeddable":true,"href":"https:\/\/agora.xtec.cat\/ceipcesaraugust\/wp-json\/wp\/v2\/media\/19468"}],"wp:attachment":[{"href":"https:\/\/agora.xtec.cat\/ceipcesaraugust\/wp-json\/wp\/v2\/media?parent=19467"}],"wp:term":[{"taxonomy":"category","embeddable":true,"href":"https:\/\/agora.xtec.cat\/ceipcesaraugust\/wp-json\/wp\/v2\/categories?post=19467"},{"taxonomy":"post_tag","embeddable":true,"href":"https:\/\/agora.xtec.cat\/ceipcesaraugust\/wp-json\/wp\/v2\/tags?post=19467"}],"curies":[{"name":"wp","href":"https:\/\/api.w.org\/{rel}","templated":true}]}}