{"id":19439,"date":"2020-02-13T13:20:06","date_gmt":"2020-02-13T12:20:06","guid":{"rendered":"http:\/\/agora.xtec.cat\/ceipcesaraugust\/?p=19439"},"modified":"2020-11-19T19:11:23","modified_gmt":"2020-11-19T18:11:23","slug":"visitem-la-biblioteca-de-lies-marti-i-franques","status":"publish","type":"post","link":"https:\/\/agora.xtec.cat\/ceipcesaraugust\/portada\/visitem-la-biblioteca-de-lies-marti-i-franques\/","title":{"rendered":"Visitem la Biblioteca de l&#8217;IES Mart\u00ed i Franqu\u00e8s"},"content":{"rendered":"<p style=\"text-align: center;\"><a href=\"https:\/\/agora.xtec.cat\/ceipcesaraugust\/wp-content\/uploads\/usu1489\/2020\/02\/IMG_20200212_154017.jpg\"><img loading=\"lazy\" decoding=\"async\" class=\"aligncenter size-full wp-image-19440\" src=\"https:\/\/agora.xtec.cat\/ceipcesaraugust\/wp-content\/uploads\/usu1489\/2020\/02\/IMG_20200212_154017.jpg\" alt=\"\" width=\"2304\" height=\"1728\" srcset=\"https:\/\/agora.xtec.cat\/ceipcesaraugust\/wp-content\/uploads\/usu1489\/2020\/02\/IMG_20200212_154017.jpg 2304w, https:\/\/agora.xtec.cat\/ceipcesaraugust\/wp-content\/uploads\/usu1489\/2020\/02\/IMG_20200212_154017-300x225.jpg 300w, https:\/\/agora.xtec.cat\/ceipcesaraugust\/wp-content\/uploads\/usu1489\/2020\/02\/IMG_20200212_154017-768x576.jpg 768w, https:\/\/agora.xtec.cat\/ceipcesaraugust\/wp-content\/uploads\/usu1489\/2020\/02\/IMG_20200212_154017-1024x768.jpg 1024w, https:\/\/agora.xtec.cat\/ceipcesaraugust\/wp-content\/uploads\/usu1489\/2020\/02\/IMG_20200212_154017-200x150.jpg 200w\" sizes=\"auto, (max-width: 2304px) 100vw, 2304px\" \/><\/a><\/p>\n<p style=\"text-align: justify;\">El passat dimecres, 12 de febrer a la tarda, les nenes i els nens de 6\u00e8 van visitar la Biblioteca de l&#8217;IES Mart\u00ed i Franqu\u00e8s. Aquesta va rebre el nom de Montserrat Abell\u00f3 en honor a l&#8217;escriptora i poetessa tarragonina.<\/p>\n<p style=\"text-align: justify;\">Per tal de que es familiaritzessin amb aquest espai de l&#8217;institut, van realitzar una activitat d&#8217;observaci\u00f3 i recerca en grups. I posteriorment a la zona exterior van fer una activitat per fomentar el gust per la lectura de visualitzaci\u00f3 d&#8217;alguns dels poemes de la Montserrat Abell\u00f3.<\/p>\n<p>A m\u00e9s, i dins el marc de les activitats educatives del Pla d&#8217;entorn de Tarragona, les i els alumnes van ser obsequiats amb el carnet de la biblioteca del centre per poder fer-ne \u00fas, i van ser convidats a poder anar sempre que vulguin dins l&#8217;horari establert.<\/p>\n","protected":false},"excerpt":{"rendered":"<p>El passat dimecres, 12 de febrer a la tarda, les nenes i els nens de 6\u00e8 van visitar la Biblioteca [&hellip;]<\/p>\n","protected":false},"author":1,"featured_media":19440,"comment_status":"open","ping_status":"closed","sticky":false,"template":"","format":"standard","meta":{"_bbp_topic_count":0,"_bbp_reply_count":0,"_bbp_total_topic_count":0,"_bbp_total_reply_count":0,"_bbp_voice_count":0,"_bbp_anonymous_reply_count":0,"_bbp_topic_count_hidden":0,"_bbp_reply_count_hidden":0,"_bbp_forum_subforum_count":0,"site-sidebar-layout":"default","site-content-layout":"","ast-site-content-layout":"","site-content-style":"default","site-sidebar-style":"default","ast-global-header-display":"","ast-banner-title-visibility":"","ast-main-header-display":"","ast-hfb-above-header-display":"","ast-hfb-below-header-display":"","ast-hfb-mobile-header-display":"","site-post-title":"","ast-breadcrumbs-content":"","ast-featured-img":"","footer-sml-layout":"","theme-transparent-header-meta":"","adv-header-id-meta":"","stick-header-meta":"","header-above-stick-meta":"","header-main-stick-meta":"","header-below-stick-meta":"","astra-migrate-meta-layouts":"default","ast-page-background-enabled":"default","ast-page-background-meta":{"desktop":{"background-color":"var(--ast-global-color-4)","background-image":"","background-repeat":"repeat","background-position":"center center","background-size":"auto","background-attachment":"scroll","background-type":"","background-media":"","overlay-type":"","overlay-color":"","overlay-opacity":"","overlay-gradient":""},"tablet":{"background-color":"","background-image":"","background-repeat":"repeat","background-position":"center center","background-size":"auto","background-attachment":"scroll","background-type":"","background-media":"","overlay-type":"","overlay-color":"","overlay-opacity":"","overlay-gradient":""},"mobile":{"background-color":"","background-image":"","background-repeat":"repeat","background-position":"center center","background-size":"auto","background-attachment":"scroll","background-type":"","background-media":"","overlay-type":"","overlay-color":"","overlay-opacity":"","overlay-gradient":""}},"ast-content-background-meta":{"desktop":{"background-color":"var(--ast-global-color-5)","background-image":"","background-repeat":"repeat","background-position":"center center","background-size":"auto","background-attachment":"scroll","background-type":"","background-media":"","overlay-type":"","overlay-color":"","overlay-opacity":"","overlay-gradient":""},"tablet":{"background-color":"var(--ast-global-color-5)","background-image":"","background-repeat":"repeat","background-position":"center center","background-size":"auto","background-attachment":"scroll","background-type":"","background-media":"","overlay-type":"","overlay-color":"","overlay-opacity":"","overlay-gradient":""},"mobile":{"background-color":"var(--ast-global-color-5)","background-image":"","background-repeat":"repeat","background-position":"center center","background-size":"auto","background-attachment":"scroll","background-type":"","background-media":"","overlay-type":"","overlay-color":"","overlay-opacity":"","overlay-gradient":""}},"footnotes":""},"categories":[15,582,4,5],"tags":[508,507,510,509],"class_list":["post-19439","post","type-post","status-publish","format-standard","has-post-thumbnail","hentry","category-6e","category-biblioteca","category-portada","category-primaria","tag-biblioteca-montserrat-abello","tag-pla-dentorn","tag-recerca-i-observacio","tag-taller-ilec"],"post_mailing_queue_ids":[],"_links":{"self":[{"href":"https:\/\/agora.xtec.cat\/ceipcesaraugust\/wp-json\/wp\/v2\/posts\/19439","targetHints":{"allow":["GET"]}}],"collection":[{"href":"https:\/\/agora.xtec.cat\/ceipcesaraugust\/wp-json\/wp\/v2\/posts"}],"about":[{"href":"https:\/\/agora.xtec.cat\/ceipcesaraugust\/wp-json\/wp\/v2\/types\/post"}],"author":[{"embeddable":true,"href":"https:\/\/agora.xtec.cat\/ceipcesaraugust\/wp-json\/wp\/v2\/users\/1"}],"replies":[{"embeddable":true,"href":"https:\/\/agora.xtec.cat\/ceipcesaraugust\/wp-json\/wp\/v2\/comments?post=19439"}],"version-history":[{"count":1,"href":"https:\/\/agora.xtec.cat\/ceipcesaraugust\/wp-json\/wp\/v2\/posts\/19439\/revisions"}],"predecessor-version":[{"id":19441,"href":"https:\/\/agora.xtec.cat\/ceipcesaraugust\/wp-json\/wp\/v2\/posts\/19439\/revisions\/19441"}],"wp:featuredmedia":[{"embeddable":true,"href":"https:\/\/agora.xtec.cat\/ceipcesaraugust\/wp-json\/wp\/v2\/media\/19440"}],"wp:attachment":[{"href":"https:\/\/agora.xtec.cat\/ceipcesaraugust\/wp-json\/wp\/v2\/media?parent=19439"}],"wp:term":[{"taxonomy":"category","embeddable":true,"href":"https:\/\/agora.xtec.cat\/ceipcesaraugust\/wp-json\/wp\/v2\/categories?post=19439"},{"taxonomy":"post_tag","embeddable":true,"href":"https:\/\/agora.xtec.cat\/ceipcesaraugust\/wp-json\/wp\/v2\/tags?post=19439"}],"curies":[{"name":"wp","href":"https:\/\/api.w.org\/{rel}","templated":true}]}}