{"id":1813,"date":"2025-04-27T15:45:36","date_gmt":"2025-04-27T13:45:36","guid":{"rendered":"https:\/\/agora.xtec.cat\/ceipcastellfollit\/?p=1813"},"modified":"2025-04-27T15:45:36","modified_gmt":"2025-04-27T13:45:36","slug":"sant-jordi-amb-lescriptora-meritxell-marti","status":"publish","type":"post","link":"https:\/\/agora.xtec.cat\/ceipcastellfollit\/general\/sant-jordi-amb-lescriptora-meritxell-marti\/","title":{"rendered":"Sant Jordi amb l&#8217;escriptora Meritxell Mart\u00ed"},"content":{"rendered":"<p>La diada de Sant Jordi sempre \u00e9s motiu de festa. L&#8217;alumnat va ajudar a l&#8217;AFA en la venda de roses, llibres nous i llibres de segona m\u00e0. Tamb\u00e9 van poder realitzar manualitats amb material divers que hi havia en un espai de la parada.<\/p>\n<p>Per completar la diada vam tenir el plaer de compartir experi\u00e8ncies amb l&#8217;escriptora Meritxell Mart\u00ed. Els nens i nenes de l&#8217;escola van llegir diversos llibres i contes de l&#8217;autora. Poder debatre i comentar amb ella el perqu\u00e8 del final d&#8217;un relat seu va ser molt interessant.<\/p>\n<p>Cada curs, gr\u00e0cies a la Instituci\u00f3 de les LLetres Catalanes, tenim la sort d&#8217;escoltar un escriptor o escriptora que ens motiva per seguir llegint.<\/p>\n<p>Cal remarcar que tots\/es els alumnes de l&#8217;Escola Sant Roc s\u00f3n uns bons lectors i lectores.<\/p>\n<p><img loading=\"lazy\" decoding=\"async\" class=\"aligncenter size-large wp-image-1815\" src=\"https:\/\/agora.xtec.cat\/ceipcastellfollit\/wp-content\/uploads\/usu1621\/2025\/04\/diada-sant-jordi-819x1024.jpg\" alt=\"\" width=\"819\" height=\"1024\" srcset=\"https:\/\/agora.xtec.cat\/ceipcastellfollit\/wp-content\/uploads\/usu1621\/2025\/04\/diada-sant-jordi-819x1024.jpg 819w, https:\/\/agora.xtec.cat\/ceipcastellfollit\/wp-content\/uploads\/usu1621\/2025\/04\/diada-sant-jordi-240x300.jpg 240w, https:\/\/agora.xtec.cat\/ceipcastellfollit\/wp-content\/uploads\/usu1621\/2025\/04\/diada-sant-jordi-768x960.jpg 768w, https:\/\/agora.xtec.cat\/ceipcastellfollit\/wp-content\/uploads\/usu1621\/2025\/04\/diada-sant-jordi.jpg 1080w\" sizes=\"auto, (max-width: 819px) 100vw, 819px\" \/><\/p>\n","protected":false},"excerpt":{"rendered":"<p>La diada de Sant Jordi sempre \u00e9s motiu de festa. L&#8217;alumnat va ajudar a l&#8217;AFA en la venda de roses, llibres nous i llibres de segona m\u00e0. Tamb\u00e9 van poder realitzar manualitats amb material divers que hi havia en un espai de la parada. Per completar la diada vam tenir el plaer de compartir experi\u00e8ncies [&hellip;]<\/p>\n","protected":false},"author":1,"featured_media":1815,"comment_status":"open","ping_status":"closed","sticky":false,"template":"","format":"standard","meta":{"_bbp_topic_count":0,"_bbp_reply_count":0,"_bbp_total_topic_count":0,"_bbp_total_reply_count":0,"_bbp_voice_count":0,"_bbp_anonymous_reply_count":0,"_bbp_topic_count_hidden":0,"_bbp_reply_count_hidden":0,"_bbp_forum_subforum_count":0,"site-sidebar-layout":"default","site-content-layout":"","ast-site-content-layout":"","site-content-style":"default","site-sidebar-style":"default","ast-global-header-display":"","ast-banner-title-visibility":"","ast-main-header-display":"","ast-hfb-above-header-display":"","ast-hfb-below-header-display":"","ast-hfb-mobile-header-display":"","site-post-title":"","ast-breadcrumbs-content":"","ast-featured-img":"","footer-sml-layout":"","theme-transparent-header-meta":"","adv-header-id-meta":"","stick-header-meta":"","header-above-stick-meta":"","header-main-stick-meta":"","header-below-stick-meta":"","astra-migrate-meta-layouts":"default","ast-page-background-enabled":"default","ast-page-background-meta":{"desktop":{"background-color":"var(--ast-global-color-4)","background-image":"","background-repeat":"repeat","background-position":"center center","background-size":"auto","background-attachment":"scroll","background-type":"","background-media":"","overlay-type":"","overlay-color":"","overlay-opacity":"","overlay-gradient":""},"tablet":{"background-color":"","background-image":"","background-repeat":"repeat","background-position":"center center","background-size":"auto","background-attachment":"scroll","background-type":"","background-media":"","overlay-type":"","overlay-color":"","overlay-opacity":"","overlay-gradient":""},"mobile":{"background-color":"","background-image":"","background-repeat":"repeat","background-position":"center center","background-size":"auto","background-attachment":"scroll","background-type":"","background-media":"","overlay-type":"","overlay-color":"","overlay-opacity":"","overlay-gradient":""}},"ast-content-background-meta":{"desktop":{"background-color":"var(--ast-global-color-5)","background-image":"","background-repeat":"repeat","background-position":"center center","background-size":"auto","background-attachment":"scroll","background-type":"","background-media":"","overlay-type":"","overlay-color":"","overlay-opacity":"","overlay-gradient":""},"tablet":{"background-color":"var(--ast-global-color-5)","background-image":"","background-repeat":"repeat","background-position":"center center","background-size":"auto","background-attachment":"scroll","background-type":"","background-media":"","overlay-type":"","overlay-color":"","overlay-opacity":"","overlay-gradient":""},"mobile":{"background-color":"var(--ast-global-color-5)","background-image":"","background-repeat":"repeat","background-position":"center center","background-size":"auto","background-attachment":"scroll","background-type":"","background-media":"","overlay-type":"","overlay-color":"","overlay-opacity":"","overlay-gradient":""}},"footnotes":""},"categories":[1,2,4,5],"tags":[],"class_list":["post-1813","post","type-post","status-publish","format-standard","has-post-thumbnail","hentry","category-general","category-infantil","category-portada","category-primaria"],"post_mailing_queue_ids":[],"_links":{"self":[{"href":"https:\/\/agora.xtec.cat\/ceipcastellfollit\/wp-json\/wp\/v2\/posts\/1813","targetHints":{"allow":["GET"]}}],"collection":[{"href":"https:\/\/agora.xtec.cat\/ceipcastellfollit\/wp-json\/wp\/v2\/posts"}],"about":[{"href":"https:\/\/agora.xtec.cat\/ceipcastellfollit\/wp-json\/wp\/v2\/types\/post"}],"author":[{"embeddable":true,"href":"https:\/\/agora.xtec.cat\/ceipcastellfollit\/wp-json\/wp\/v2\/users\/1"}],"replies":[{"embeddable":true,"href":"https:\/\/agora.xtec.cat\/ceipcastellfollit\/wp-json\/wp\/v2\/comments?post=1813"}],"version-history":[{"count":2,"href":"https:\/\/agora.xtec.cat\/ceipcastellfollit\/wp-json\/wp\/v2\/posts\/1813\/revisions"}],"predecessor-version":[{"id":1816,"href":"https:\/\/agora.xtec.cat\/ceipcastellfollit\/wp-json\/wp\/v2\/posts\/1813\/revisions\/1816"}],"wp:featuredmedia":[{"embeddable":true,"href":"https:\/\/agora.xtec.cat\/ceipcastellfollit\/wp-json\/wp\/v2\/media\/1815"}],"wp:attachment":[{"href":"https:\/\/agora.xtec.cat\/ceipcastellfollit\/wp-json\/wp\/v2\/media?parent=1813"}],"wp:term":[{"taxonomy":"category","embeddable":true,"href":"https:\/\/agora.xtec.cat\/ceipcastellfollit\/wp-json\/wp\/v2\/categories?post=1813"},{"taxonomy":"post_tag","embeddable":true,"href":"https:\/\/agora.xtec.cat\/ceipcastellfollit\/wp-json\/wp\/v2\/tags?post=1813"}],"curies":[{"name":"wp","href":"https:\/\/api.w.org\/{rel}","templated":true}]}}