{"id":1731,"date":"2024-04-17T17:00:54","date_gmt":"2024-04-17T15:00:54","guid":{"rendered":"https:\/\/agora.xtec.cat\/ceipcastellfollit\/?p=1731"},"modified":"2024-04-17T23:03:53","modified_gmt":"2024-04-17T21:03:53","slug":"som-bons-lectors","status":"publish","type":"post","link":"https:\/\/agora.xtec.cat\/ceipcastellfollit\/general\/som-bons-lectors\/","title":{"rendered":"Som bons lectors"},"content":{"rendered":"<p>Els divendres sempre s\u00f3n especials d&#8217;en\u00e7\u00e0 que ve el Bibliob\u00fas a Castellfollit de Riubreg\u00f3s. No faltem mai a la cita, ja que ens agrada molt llegir. Agafem llibres en pr\u00e9stec per l&#8217;escola i per casa.<\/p>\n<p>La Marta sempre ens recomana diverses lectures, ens prepara paquets de llibres d&#8217;emocions per tenir un temps a l&#8217;escola, tamb\u00e9 motxilles tem\u00e0tiques per endur-nos a casa i m\u00e9s sorpreses. Avui ens esperava amb diversos jocs de taula, ens ho hem passat genial.<\/p>\n<p><img loading=\"lazy\" decoding=\"async\" class=\"aligncenter wp-image-1732\" src=\"https:\/\/agora.xtec.cat\/ceipcastellfollit\/wp-content\/uploads\/usu1621\/2024\/04\/Bibliobus-42-x-42-cm-1024x1024.jpg\" alt=\"\" width=\"655\" height=\"655\" srcset=\"https:\/\/agora.xtec.cat\/ceipcastellfollit\/wp-content\/uploads\/usu1621\/2024\/04\/Bibliobus-42-x-42-cm-1024x1024.jpg 1024w, https:\/\/agora.xtec.cat\/ceipcastellfollit\/wp-content\/uploads\/usu1621\/2024\/04\/Bibliobus-42-x-42-cm-300x300.jpg 300w, https:\/\/agora.xtec.cat\/ceipcastellfollit\/wp-content\/uploads\/usu1621\/2024\/04\/Bibliobus-42-x-42-cm-150x150.jpg 150w, https:\/\/agora.xtec.cat\/ceipcastellfollit\/wp-content\/uploads\/usu1621\/2024\/04\/Bibliobus-42-x-42-cm-768x768.jpg 768w, https:\/\/agora.xtec.cat\/ceipcastellfollit\/wp-content\/uploads\/usu1621\/2024\/04\/Bibliobus-42-x-42-cm-1536x1536.jpg 1536w, https:\/\/agora.xtec.cat\/ceipcastellfollit\/wp-content\/uploads\/usu1621\/2024\/04\/Bibliobus-42-x-42-cm.jpg 2000w\" sizes=\"auto, (max-width: 655px) 100vw, 655px\" \/><\/p>\n","protected":false},"excerpt":{"rendered":"<p>Els divendres sempre s\u00f3n especials d&#8217;en\u00e7\u00e0 que ve el Bibliob\u00fas a Castellfollit de Riubreg\u00f3s. No faltem mai a la cita, ja que ens agrada molt llegir. Agafem llibres en pr\u00e9stec per l&#8217;escola i per casa. La Marta sempre ens recomana diverses lectures, ens prepara paquets de llibres d&#8217;emocions per tenir un temps a l&#8217;escola, tamb\u00e9 [&hellip;]<\/p>\n","protected":false},"author":1,"featured_media":1732,"comment_status":"open","ping_status":"closed","sticky":false,"template":"","format":"standard","meta":{"_bbp_topic_count":0,"_bbp_reply_count":0,"_bbp_total_topic_count":0,"_bbp_total_reply_count":0,"_bbp_voice_count":0,"_bbp_anonymous_reply_count":0,"_bbp_topic_count_hidden":0,"_bbp_reply_count_hidden":0,"_bbp_forum_subforum_count":0,"site-sidebar-layout":"default","site-content-layout":"","ast-site-content-layout":"","site-content-style":"default","site-sidebar-style":"default","ast-global-header-display":"","ast-banner-title-visibility":"","ast-main-header-display":"","ast-hfb-above-header-display":"","ast-hfb-below-header-display":"","ast-hfb-mobile-header-display":"","site-post-title":"","ast-breadcrumbs-content":"","ast-featured-img":"","footer-sml-layout":"","theme-transparent-header-meta":"","adv-header-id-meta":"","stick-header-meta":"","header-above-stick-meta":"","header-main-stick-meta":"","header-below-stick-meta":"","astra-migrate-meta-layouts":"default","ast-page-background-enabled":"default","ast-page-background-meta":{"desktop":{"background-color":"var(--ast-global-color-4)","background-image":"","background-repeat":"repeat","background-position":"center center","background-size":"auto","background-attachment":"scroll","background-type":"","background-media":"","overlay-type":"","overlay-color":"","overlay-opacity":"","overlay-gradient":""},"tablet":{"background-color":"","background-image":"","background-repeat":"repeat","background-position":"center center","background-size":"auto","background-attachment":"scroll","background-type":"","background-media":"","overlay-type":"","overlay-color":"","overlay-opacity":"","overlay-gradient":""},"mobile":{"background-color":"","background-image":"","background-repeat":"repeat","background-position":"center center","background-size":"auto","background-attachment":"scroll","background-type":"","background-media":"","overlay-type":"","overlay-color":"","overlay-opacity":"","overlay-gradient":""}},"ast-content-background-meta":{"desktop":{"background-color":"var(--ast-global-color-5)","background-image":"","background-repeat":"repeat","background-position":"center center","background-size":"auto","background-attachment":"scroll","background-type":"","background-media":"","overlay-type":"","overlay-color":"","overlay-opacity":"","overlay-gradient":""},"tablet":{"background-color":"var(--ast-global-color-5)","background-image":"","background-repeat":"repeat","background-position":"center center","background-size":"auto","background-attachment":"scroll","background-type":"","background-media":"","overlay-type":"","overlay-color":"","overlay-opacity":"","overlay-gradient":""},"mobile":{"background-color":"var(--ast-global-color-5)","background-image":"","background-repeat":"repeat","background-position":"center center","background-size":"auto","background-attachment":"scroll","background-type":"","background-media":"","overlay-type":"","overlay-color":"","overlay-opacity":"","overlay-gradient":""}},"footnotes":""},"categories":[1,2,4,5],"tags":[],"class_list":["post-1731","post","type-post","status-publish","format-standard","has-post-thumbnail","hentry","category-general","category-infantil","category-portada","category-primaria"],"post_mailing_queue_ids":[],"_links":{"self":[{"href":"https:\/\/agora.xtec.cat\/ceipcastellfollit\/wp-json\/wp\/v2\/posts\/1731","targetHints":{"allow":["GET"]}}],"collection":[{"href":"https:\/\/agora.xtec.cat\/ceipcastellfollit\/wp-json\/wp\/v2\/posts"}],"about":[{"href":"https:\/\/agora.xtec.cat\/ceipcastellfollit\/wp-json\/wp\/v2\/types\/post"}],"author":[{"embeddable":true,"href":"https:\/\/agora.xtec.cat\/ceipcastellfollit\/wp-json\/wp\/v2\/users\/1"}],"replies":[{"embeddable":true,"href":"https:\/\/agora.xtec.cat\/ceipcastellfollit\/wp-json\/wp\/v2\/comments?post=1731"}],"version-history":[{"count":3,"href":"https:\/\/agora.xtec.cat\/ceipcastellfollit\/wp-json\/wp\/v2\/posts\/1731\/revisions"}],"predecessor-version":[{"id":1735,"href":"https:\/\/agora.xtec.cat\/ceipcastellfollit\/wp-json\/wp\/v2\/posts\/1731\/revisions\/1735"}],"wp:featuredmedia":[{"embeddable":true,"href":"https:\/\/agora.xtec.cat\/ceipcastellfollit\/wp-json\/wp\/v2\/media\/1732"}],"wp:attachment":[{"href":"https:\/\/agora.xtec.cat\/ceipcastellfollit\/wp-json\/wp\/v2\/media?parent=1731"}],"wp:term":[{"taxonomy":"category","embeddable":true,"href":"https:\/\/agora.xtec.cat\/ceipcastellfollit\/wp-json\/wp\/v2\/categories?post=1731"},{"taxonomy":"post_tag","embeddable":true,"href":"https:\/\/agora.xtec.cat\/ceipcastellfollit\/wp-json\/wp\/v2\/tags?post=1731"}],"curies":[{"name":"wp","href":"https:\/\/api.w.org\/{rel}","templated":true}]}}