{"id":1693,"date":"2023-10-24T18:22:57","date_gmt":"2023-10-24T16:22:57","guid":{"rendered":"https:\/\/agora.xtec.cat\/ceipcastellfollit\/?p=1693"},"modified":"2023-10-26T12:22:37","modified_gmt":"2023-10-26T10:22:37","slug":"recordem-el-setge-de-1822","status":"publish","type":"post","link":"https:\/\/agora.xtec.cat\/ceipcastellfollit\/general\/recordem-el-setge-de-1822\/","title":{"rendered":"Recordem el Setge de 1822"},"content":{"rendered":"<p>Aquests dies a l\u2019escola hem recordat la hist\u00f2ria del nostre poble. Sabem el qu\u00e8 va passar per\u00f2 hem aprofundit en els valors de les castellfollitenques i castellfollitencs.<\/p>\n<p>Despr\u00e9s d\u2019explicar el que va passar fa 201 anys, \u00a0l\u2019alumnat va fer les seves reflexions algunes de les quals tenien molt clares:<\/p>\n<p>-La gent del poble va saber treballar en equip per fer fora Espoz y Mina.<\/p>\n<p>-Els castellfollitencs van tenir la valentia de voler lluitar amb un ex\u00e8rcit molt poder\u00f3s.<\/p>\n<p>-Van ser optimistes perqu\u00e8 no es van rendir ni acovardir.<\/p>\n<p>-Emp\u00e0tics perqu\u00e8 es van ajudar els uns als altres.<\/p>\n<p>-Gr\u00e0cies als que van lluitar ara tenim: poble, fam\u00edlies, escola&#8230; i per molts anys m\u00e9s!<\/p>\n<p>-Nosaltres no ens deixarem v\u00e8ncer per ning\u00fa!<\/p>\n<p><img loading=\"lazy\" decoding=\"async\" class=\"aligncenter size-large wp-image-1698\" src=\"https:\/\/agora.xtec.cat\/ceipcastellfollit\/wp-content\/uploads\/usu1621\/2023\/10\/Setge-de-1822-1-682x1024.jpg\" alt=\"\" width=\"682\" height=\"1024\" srcset=\"https:\/\/agora.xtec.cat\/ceipcastellfollit\/wp-content\/uploads\/usu1621\/2023\/10\/Setge-de-1822-1-682x1024.jpg 682w, https:\/\/agora.xtec.cat\/ceipcastellfollit\/wp-content\/uploads\/usu1621\/2023\/10\/Setge-de-1822-1-200x300.jpg 200w, https:\/\/agora.xtec.cat\/ceipcastellfollit\/wp-content\/uploads\/usu1621\/2023\/10\/Setge-de-1822-1-768x1152.jpg 768w, https:\/\/agora.xtec.cat\/ceipcastellfollit\/wp-content\/uploads\/usu1621\/2023\/10\/Setge-de-1822-1-1024x1536.jpg 1024w, https:\/\/agora.xtec.cat\/ceipcastellfollit\/wp-content\/uploads\/usu1621\/2023\/10\/Setge-de-1822-1.jpg 1333w\" sizes=\"auto, (max-width: 682px) 100vw, 682px\" \/><\/p>\n","protected":false},"excerpt":{"rendered":"<p>Aquests dies a l\u2019escola hem recordat la hist\u00f2ria del nostre poble. Sabem el qu\u00e8 va passar per\u00f2 hem aprofundit en els valors de les castellfollitenques i castellfollitencs. Despr\u00e9s d\u2019explicar el que va passar fa 201 anys, \u00a0l\u2019alumnat va fer les seves reflexions algunes de les quals tenien molt clares: -La gent del poble va saber [&hellip;]<\/p>\n","protected":false},"author":1,"featured_media":1698,"comment_status":"open","ping_status":"closed","sticky":false,"template":"","format":"standard","meta":{"_bbp_topic_count":0,"_bbp_reply_count":0,"_bbp_total_topic_count":0,"_bbp_total_reply_count":0,"_bbp_voice_count":0,"_bbp_anonymous_reply_count":0,"_bbp_topic_count_hidden":0,"_bbp_reply_count_hidden":0,"_bbp_forum_subforum_count":0,"site-sidebar-layout":"default","site-content-layout":"","ast-site-content-layout":"","site-content-style":"default","site-sidebar-style":"default","ast-global-header-display":"","ast-banner-title-visibility":"","ast-main-header-display":"","ast-hfb-above-header-display":"","ast-hfb-below-header-display":"","ast-hfb-mobile-header-display":"","site-post-title":"","ast-breadcrumbs-content":"","ast-featured-img":"","footer-sml-layout":"","theme-transparent-header-meta":"","adv-header-id-meta":"","stick-header-meta":"","header-above-stick-meta":"","header-main-stick-meta":"","header-below-stick-meta":"","astra-migrate-meta-layouts":"default","ast-page-background-enabled":"default","ast-page-background-meta":{"desktop":{"background-color":"var(--ast-global-color-4)","background-image":"","background-repeat":"repeat","background-position":"center center","background-size":"auto","background-attachment":"scroll","background-type":"","background-media":"","overlay-type":"","overlay-color":"","overlay-opacity":"","overlay-gradient":""},"tablet":{"background-color":"","background-image":"","background-repeat":"repeat","background-position":"center center","background-size":"auto","background-attachment":"scroll","background-type":"","background-media":"","overlay-type":"","overlay-color":"","overlay-opacity":"","overlay-gradient":""},"mobile":{"background-color":"","background-image":"","background-repeat":"repeat","background-position":"center center","background-size":"auto","background-attachment":"scroll","background-type":"","background-media":"","overlay-type":"","overlay-color":"","overlay-opacity":"","overlay-gradient":""}},"ast-content-background-meta":{"desktop":{"background-color":"var(--ast-global-color-5)","background-image":"","background-repeat":"repeat","background-position":"center center","background-size":"auto","background-attachment":"scroll","background-type":"","background-media":"","overlay-type":"","overlay-color":"","overlay-opacity":"","overlay-gradient":""},"tablet":{"background-color":"var(--ast-global-color-5)","background-image":"","background-repeat":"repeat","background-position":"center center","background-size":"auto","background-attachment":"scroll","background-type":"","background-media":"","overlay-type":"","overlay-color":"","overlay-opacity":"","overlay-gradient":""},"mobile":{"background-color":"var(--ast-global-color-5)","background-image":"","background-repeat":"repeat","background-position":"center center","background-size":"auto","background-attachment":"scroll","background-type":"","background-media":"","overlay-type":"","overlay-color":"","overlay-opacity":"","overlay-gradient":""}},"footnotes":""},"categories":[1,2,4,5],"tags":[],"class_list":["post-1693","post","type-post","status-publish","format-standard","has-post-thumbnail","hentry","category-general","category-infantil","category-portada","category-primaria"],"post_mailing_queue_ids":[],"_links":{"self":[{"href":"https:\/\/agora.xtec.cat\/ceipcastellfollit\/wp-json\/wp\/v2\/posts\/1693","targetHints":{"allow":["GET"]}}],"collection":[{"href":"https:\/\/agora.xtec.cat\/ceipcastellfollit\/wp-json\/wp\/v2\/posts"}],"about":[{"href":"https:\/\/agora.xtec.cat\/ceipcastellfollit\/wp-json\/wp\/v2\/types\/post"}],"author":[{"embeddable":true,"href":"https:\/\/agora.xtec.cat\/ceipcastellfollit\/wp-json\/wp\/v2\/users\/1"}],"replies":[{"embeddable":true,"href":"https:\/\/agora.xtec.cat\/ceipcastellfollit\/wp-json\/wp\/v2\/comments?post=1693"}],"version-history":[{"count":6,"href":"https:\/\/agora.xtec.cat\/ceipcastellfollit\/wp-json\/wp\/v2\/posts\/1693\/revisions"}],"predecessor-version":[{"id":1701,"href":"https:\/\/agora.xtec.cat\/ceipcastellfollit\/wp-json\/wp\/v2\/posts\/1693\/revisions\/1701"}],"wp:featuredmedia":[{"embeddable":true,"href":"https:\/\/agora.xtec.cat\/ceipcastellfollit\/wp-json\/wp\/v2\/media\/1698"}],"wp:attachment":[{"href":"https:\/\/agora.xtec.cat\/ceipcastellfollit\/wp-json\/wp\/v2\/media?parent=1693"}],"wp:term":[{"taxonomy":"category","embeddable":true,"href":"https:\/\/agora.xtec.cat\/ceipcastellfollit\/wp-json\/wp\/v2\/categories?post=1693"},{"taxonomy":"post_tag","embeddable":true,"href":"https:\/\/agora.xtec.cat\/ceipcastellfollit\/wp-json\/wp\/v2\/tags?post=1693"}],"curies":[{"name":"wp","href":"https:\/\/api.w.org\/{rel}","templated":true}]}}