{"id":1592,"date":"2022-09-05T21:25:54","date_gmt":"2022-09-05T19:25:54","guid":{"rendered":"https:\/\/agora.xtec.cat\/ceipcastellfollit\/?p=1592"},"modified":"2022-09-21T22:28:38","modified_gmt":"2022-09-21T20:28:38","slug":"iniciem-el-curs-2022-23","status":"publish","type":"post","link":"https:\/\/agora.xtec.cat\/ceipcastellfollit\/general\/iniciem-el-curs-2022-23\/","title":{"rendered":"Iniciem el curs 2022-23"},"content":{"rendered":"<p>Ja hem comen\u00e7at un nou curs, ten\u00edem moltes ganes de retrobar-nos tots\/es, explicar-nos les aventuretes de l&#8217;estiu, qu\u00e8 hem fet, on hem anat&#8230;<\/p>\n<p>A la nostra escola iniciem una nova aventura, ben segur que aquest ser\u00e0 un curs carregat de novetats. Per comen\u00e7ar, disposarem d&#8217;un espai de biblioteca totalment renovat, ja que un dels punts importants ser\u00e0 adquirir un bon h\u00e0bit lector.<\/p>\n<p>Les mestres ens han explicat que farem un Projecte d&#8217; Emocions al llarg del curs, aix\u00f2 ens ajudar\u00e0 a con\u00e8ixer-nos millor a nosaltres mateixos i a tenir respecte pels altres. A m\u00e9s a m\u00e9s, continuarem fent diferents projectes, sortides, col\u00f2nies i moltes altres activitats que ja f\u00e8iem.<\/p>\n<p>Esperem tenir nous companys \/es que comparteixin amb nosaltres aquests nous reptes.<\/p>\n<p>Aix\u00f2 t\u00e9 molt bona pinta!!! Us anirem informant.<\/p>\n<div id='gallery-1' class='gallery galleryid-1592 gallery-columns-3 gallery-size-medium'><figure class='gallery-item'>\n\t\t\t<div class='gallery-icon landscape'>\n\t\t\t\t<a href='https:\/\/agora.xtec.cat\/ceipcastellfollit\/general\/iniciem-el-curs-2022-23\/attachment\/20220902_113410\/'><img loading=\"lazy\" decoding=\"async\" width=\"300\" height=\"225\" src=\"https:\/\/agora.xtec.cat\/ceipcastellfollit\/wp-content\/uploads\/usu1621\/2022\/09\/20220902_113410-300x225.jpg\" class=\"attachment-medium size-medium\" alt=\"\" srcset=\"https:\/\/agora.xtec.cat\/ceipcastellfollit\/wp-content\/uploads\/usu1621\/2022\/09\/20220902_113410-300x225.jpg 300w, https:\/\/agora.xtec.cat\/ceipcastellfollit\/wp-content\/uploads\/usu1621\/2022\/09\/20220902_113410-200x150.jpg 200w, https:\/\/agora.xtec.cat\/ceipcastellfollit\/wp-content\/uploads\/usu1621\/2022\/09\/20220902_113410.jpg 600w\" sizes=\"auto, (max-width: 300px) 100vw, 300px\" \/><\/a>\n\t\t\t<\/div><\/figure><figure class='gallery-item'>\n\t\t\t<div class='gallery-icon landscape'>\n\t\t\t\t<a href='https:\/\/agora.xtec.cat\/ceipcastellfollit\/general\/iniciem-el-curs-2022-23\/attachment\/20220908_122316\/'><img loading=\"lazy\" decoding=\"async\" width=\"300\" height=\"225\" src=\"https:\/\/agora.xtec.cat\/ceipcastellfollit\/wp-content\/uploads\/usu1621\/2022\/09\/20220908_122316-300x225.jpg\" class=\"attachment-medium size-medium\" alt=\"\" srcset=\"https:\/\/agora.xtec.cat\/ceipcastellfollit\/wp-content\/uploads\/usu1621\/2022\/09\/20220908_122316-300x225.jpg 300w, https:\/\/agora.xtec.cat\/ceipcastellfollit\/wp-content\/uploads\/usu1621\/2022\/09\/20220908_122316-1024x768.jpg 1024w, https:\/\/agora.xtec.cat\/ceipcastellfollit\/wp-content\/uploads\/usu1621\/2022\/09\/20220908_122316-768x576.jpg 768w, https:\/\/agora.xtec.cat\/ceipcastellfollit\/wp-content\/uploads\/usu1621\/2022\/09\/20220908_122316-1536x1152.jpg 1536w, https:\/\/agora.xtec.cat\/ceipcastellfollit\/wp-content\/uploads\/usu1621\/2022\/09\/20220908_122316-200x150.jpg 200w, https:\/\/agora.xtec.cat\/ceipcastellfollit\/wp-content\/uploads\/usu1621\/2022\/09\/20220908_122316.jpg 2000w\" sizes=\"auto, (max-width: 300px) 100vw, 300px\" \/><\/a>\n\t\t\t<\/div><\/figure><figure class='gallery-item'>\n\t\t\t<div class='gallery-icon landscape'>\n\t\t\t\t<a href='https:\/\/agora.xtec.cat\/ceipcastellfollit\/general\/iniciem-el-curs-2022-23\/attachment\/20220909_130437\/'><img loading=\"lazy\" decoding=\"async\" width=\"300\" height=\"225\" src=\"https:\/\/agora.xtec.cat\/ceipcastellfollit\/wp-content\/uploads\/usu1621\/2022\/09\/20220909_130437-300x225.jpg\" class=\"attachment-medium size-medium\" alt=\"\" srcset=\"https:\/\/agora.xtec.cat\/ceipcastellfollit\/wp-content\/uploads\/usu1621\/2022\/09\/20220909_130437-300x225.jpg 300w, https:\/\/agora.xtec.cat\/ceipcastellfollit\/wp-content\/uploads\/usu1621\/2022\/09\/20220909_130437-768x576.jpg 768w, https:\/\/agora.xtec.cat\/ceipcastellfollit\/wp-content\/uploads\/usu1621\/2022\/09\/20220909_130437-200x150.jpg 200w, https:\/\/agora.xtec.cat\/ceipcastellfollit\/wp-content\/uploads\/usu1621\/2022\/09\/20220909_130437.jpg 800w\" sizes=\"auto, (max-width: 300px) 100vw, 300px\" \/><\/a>\n\t\t\t<\/div><\/figure>\n\t\t<\/div>\n\n<p>&nbsp;<\/p>\n","protected":false},"excerpt":{"rendered":"<p>Ja hem comen\u00e7at un nou curs, ten\u00edem moltes ganes de retrobar-nos tots\/es, explicar-nos les aventuretes de l&#8217;estiu, qu\u00e8 hem fet, on hem anat&#8230; A la nostra escola iniciem una nova aventura, ben segur que aquest ser\u00e0 un curs carregat de novetats. Per comen\u00e7ar, disposarem d&#8217;un espai de biblioteca totalment renovat, ja que un dels punts [&hellip;]<\/p>\n","protected":false},"author":1,"featured_media":1596,"comment_status":"open","ping_status":"closed","sticky":false,"template":"","format":"standard","meta":{"_bbp_topic_count":0,"_bbp_reply_count":0,"_bbp_total_topic_count":0,"_bbp_total_reply_count":0,"_bbp_voice_count":0,"_bbp_anonymous_reply_count":0,"_bbp_topic_count_hidden":0,"_bbp_reply_count_hidden":0,"_bbp_forum_subforum_count":0,"site-sidebar-layout":"default","site-content-layout":"","ast-site-content-layout":"","site-content-style":"default","site-sidebar-style":"default","ast-global-header-display":"","ast-banner-title-visibility":"","ast-main-header-display":"","ast-hfb-above-header-display":"","ast-hfb-below-header-display":"","ast-hfb-mobile-header-display":"","site-post-title":"","ast-breadcrumbs-content":"","ast-featured-img":"","footer-sml-layout":"","theme-transparent-header-meta":"","adv-header-id-meta":"","stick-header-meta":"","header-above-stick-meta":"","header-main-stick-meta":"","header-below-stick-meta":"","astra-migrate-meta-layouts":"default","ast-page-background-enabled":"default","ast-page-background-meta":{"desktop":{"background-color":"var(--ast-global-color-4)","background-image":"","background-repeat":"repeat","background-position":"center center","background-size":"auto","background-attachment":"scroll","background-type":"","background-media":"","overlay-type":"","overlay-color":"","overlay-opacity":"","overlay-gradient":""},"tablet":{"background-color":"","background-image":"","background-repeat":"repeat","background-position":"center center","background-size":"auto","background-attachment":"scroll","background-type":"","background-media":"","overlay-type":"","overlay-color":"","overlay-opacity":"","overlay-gradient":""},"mobile":{"background-color":"","background-image":"","background-repeat":"repeat","background-position":"center center","background-size":"auto","background-attachment":"scroll","background-type":"","background-media":"","overlay-type":"","overlay-color":"","overlay-opacity":"","overlay-gradient":""}},"ast-content-background-meta":{"desktop":{"background-color":"var(--ast-global-color-5)","background-image":"","background-repeat":"repeat","background-position":"center center","background-size":"auto","background-attachment":"scroll","background-type":"","background-media":"","overlay-type":"","overlay-color":"","overlay-opacity":"","overlay-gradient":""},"tablet":{"background-color":"var(--ast-global-color-5)","background-image":"","background-repeat":"repeat","background-position":"center center","background-size":"auto","background-attachment":"scroll","background-type":"","background-media":"","overlay-type":"","overlay-color":"","overlay-opacity":"","overlay-gradient":""},"mobile":{"background-color":"var(--ast-global-color-5)","background-image":"","background-repeat":"repeat","background-position":"center center","background-size":"auto","background-attachment":"scroll","background-type":"","background-media":"","overlay-type":"","overlay-color":"","overlay-opacity":"","overlay-gradient":""}},"footnotes":""},"categories":[1,2,4,5],"tags":[],"class_list":["post-1592","post","type-post","status-publish","format-standard","has-post-thumbnail","hentry","category-general","category-infantil","category-portada","category-primaria"],"post_mailing_queue_ids":[],"_links":{"self":[{"href":"https:\/\/agora.xtec.cat\/ceipcastellfollit\/wp-json\/wp\/v2\/posts\/1592","targetHints":{"allow":["GET"]}}],"collection":[{"href":"https:\/\/agora.xtec.cat\/ceipcastellfollit\/wp-json\/wp\/v2\/posts"}],"about":[{"href":"https:\/\/agora.xtec.cat\/ceipcastellfollit\/wp-json\/wp\/v2\/types\/post"}],"author":[{"embeddable":true,"href":"https:\/\/agora.xtec.cat\/ceipcastellfollit\/wp-json\/wp\/v2\/users\/1"}],"replies":[{"embeddable":true,"href":"https:\/\/agora.xtec.cat\/ceipcastellfollit\/wp-json\/wp\/v2\/comments?post=1592"}],"version-history":[{"count":3,"href":"https:\/\/agora.xtec.cat\/ceipcastellfollit\/wp-json\/wp\/v2\/posts\/1592\/revisions"}],"predecessor-version":[{"id":1599,"href":"https:\/\/agora.xtec.cat\/ceipcastellfollit\/wp-json\/wp\/v2\/posts\/1592\/revisions\/1599"}],"wp:featuredmedia":[{"embeddable":true,"href":"https:\/\/agora.xtec.cat\/ceipcastellfollit\/wp-json\/wp\/v2\/media\/1596"}],"wp:attachment":[{"href":"https:\/\/agora.xtec.cat\/ceipcastellfollit\/wp-json\/wp\/v2\/media?parent=1592"}],"wp:term":[{"taxonomy":"category","embeddable":true,"href":"https:\/\/agora.xtec.cat\/ceipcastellfollit\/wp-json\/wp\/v2\/categories?post=1592"},{"taxonomy":"post_tag","embeddable":true,"href":"https:\/\/agora.xtec.cat\/ceipcastellfollit\/wp-json\/wp\/v2\/tags?post=1592"}],"curies":[{"name":"wp","href":"https:\/\/api.w.org\/{rel}","templated":true}]}}