{"id":913,"date":"2015-04-28T15:37:30","date_gmt":"2015-04-28T14:37:30","guid":{"rendered":"http:\/\/agora.xtec.cat\/ceipcastelldecalafell\/?p=913"},"modified":"2015-05-22T12:25:25","modified_gmt":"2015-05-22T11:25:25","slug":"finalistes-mascota","status":"publish","type":"post","link":"https:\/\/agora.xtec.cat\/ceipcastelldecalafell\/general\/finalistes-mascota\/","title":{"rendered":"Finalistes Mascota"},"content":{"rendered":"<p><a href=\"https:\/\/plus.google.com\/photos\/108333764416070092253\/albums\/6142751785465144241?authkey=COi2xd-684uqFA\">Fotos Exposici\u00f3 seleccionats<\/a><\/p>\n<p>Tot els alumnes de prim\u00e0ria, han realitzat la Mascota dels Jocs Mediterranis 2017. De cada cicle s&#8217;han seleccionat 4 dibuixos, i un cop exposats al passad\u00eds de l&#8217; Escola, s&#8217; han escollit 3 finalistes, que s\u00f3n els que s&#8217; han enviat a l&#8217; organitzaci\u00f3 dels Jocs.<\/p>\n<p>Els dibuixos seleccionats han estat els dels seg\u00fcents alumnes:<br \/>\n<strong>1r:<\/strong> Isona B\u00e4cker<br \/>\nChristian Pinar<br \/>\nNerea Morera<br \/>\nMohamed Sebai<\/p>\n<p><strong>2n:<\/strong> Geri\u00f3 Estepa<br \/>\nMarc Cruz<br \/>\nHugo Exp\u00f3sito<br \/>\n<strong>Ivet Saura (finalista)<\/strong><\/p>\n<p><strong>3r:<\/strong> Nil Ramoneda<br \/>\nAinara Lahoz<br \/>\nRoger Pons<br \/>\nAnna Men\u00e9ndez<\/p>\n<p><strong>4t:<\/strong> Danna Orejuela<br \/>\nCandela Garc\u00eda<br \/>\nGonzalo Mas\u00eda<br \/>\n<strong>Laura Garriga (finalista)<\/strong><\/p>\n<p><strong>5\u00e8:<\/strong> Alex Esteve<br \/>\nPaola Oliv\u00e9<br \/>\nIsa\u00ed Rueda<br \/>\nGina Cresp\u00edn<\/p>\n<p><strong>6\u00e9:<\/strong> Laia Cachinero<br \/>\nGui\u00f3 mar Salvat<br \/>\nCarla Meix<br \/>\n<strong>Marco Fontanella (finalista)<\/strong><\/p>\n<p>Ara nom\u00e9s queda esperar, l&#8217;organitzaci\u00f3 de Tarragona 2017, buscar\u00e0 la mascota dels Jocs Mediterranis entre tots els dibuixos que han fets els nens i nenes de tota la provincia de Tarragona.<\/p>\n","protected":false},"excerpt":{"rendered":"<p>Fotos Exposici\u00f3 seleccionats Tot els alumnes de prim\u00e0ria, han realitzat la Mascota dels Jocs Mediterranis 2017. De cada cicle s&#8217;han [&hellip;]<\/p>\n","protected":false},"author":1,"featured_media":914,"comment_status":"open","ping_status":"open","sticky":false,"template":"","format":"standard","meta":{"_bbp_topic_count":0,"_bbp_reply_count":0,"_bbp_total_topic_count":0,"_bbp_total_reply_count":0,"_bbp_voice_count":0,"_bbp_anonymous_reply_count":0,"_bbp_topic_count_hidden":0,"_bbp_reply_count_hidden":0,"_bbp_forum_subforum_count":0,"site-sidebar-layout":"default","site-content-layout":"","ast-site-content-layout":"","site-content-style":"default","site-sidebar-style":"default","ast-global-header-display":"","ast-banner-title-visibility":"","ast-main-header-display":"","ast-hfb-above-header-display":"","ast-hfb-below-header-display":"","ast-hfb-mobile-header-display":"","site-post-title":"","ast-breadcrumbs-content":"","ast-featured-img":"","footer-sml-layout":"","theme-transparent-header-meta":"","adv-header-id-meta":"","stick-header-meta":"","header-above-stick-meta":"","header-main-stick-meta":"","header-below-stick-meta":"","astra-migrate-meta-layouts":"default","ast-page-background-enabled":"default","ast-page-background-meta":{"desktop":{"background-color":"var(--ast-global-color-4)","background-image":"","background-repeat":"repeat","background-position":"center center","background-size":"auto","background-attachment":"scroll","background-type":"","background-media":"","overlay-type":"","overlay-color":"","overlay-opacity":"","overlay-gradient":""},"tablet":{"background-color":"","background-image":"","background-repeat":"repeat","background-position":"center center","background-size":"auto","background-attachment":"scroll","background-type":"","background-media":"","overlay-type":"","overlay-color":"","overlay-opacity":"","overlay-gradient":""},"mobile":{"background-color":"","background-image":"","background-repeat":"repeat","background-position":"center center","background-size":"auto","background-attachment":"scroll","background-type":"","background-media":"","overlay-type":"","overlay-color":"","overlay-opacity":"","overlay-gradient":""}},"ast-content-background-meta":{"desktop":{"background-color":"var(--ast-global-color-5)","background-image":"","background-repeat":"repeat","background-position":"center center","background-size":"auto","background-attachment":"scroll","background-type":"","background-media":"","overlay-type":"","overlay-color":"","overlay-opacity":"","overlay-gradient":""},"tablet":{"background-color":"var(--ast-global-color-5)","background-image":"","background-repeat":"repeat","background-position":"center center","background-size":"auto","background-attachment":"scroll","background-type":"","background-media":"","overlay-type":"","overlay-color":"","overlay-opacity":"","overlay-gradient":""},"mobile":{"background-color":"var(--ast-global-color-5)","background-image":"","background-repeat":"repeat","background-position":"center center","background-size":"auto","background-attachment":"scroll","background-type":"","background-media":"","overlay-type":"","overlay-color":"","overlay-opacity":"","overlay-gradient":""}},"footnotes":""},"categories":[1],"tags":[],"class_list":["post-913","post","type-post","status-publish","format-standard","has-post-thumbnail","hentry","category-general"],"post_mailing_queue_ids":[],"_links":{"self":[{"href":"https:\/\/agora.xtec.cat\/ceipcastelldecalafell\/wp-json\/wp\/v2\/posts\/913","targetHints":{"allow":["GET"]}}],"collection":[{"href":"https:\/\/agora.xtec.cat\/ceipcastelldecalafell\/wp-json\/wp\/v2\/posts"}],"about":[{"href":"https:\/\/agora.xtec.cat\/ceipcastelldecalafell\/wp-json\/wp\/v2\/types\/post"}],"author":[{"embeddable":true,"href":"https:\/\/agora.xtec.cat\/ceipcastelldecalafell\/wp-json\/wp\/v2\/users\/1"}],"replies":[{"embeddable":true,"href":"https:\/\/agora.xtec.cat\/ceipcastelldecalafell\/wp-json\/wp\/v2\/comments?post=913"}],"version-history":[{"count":3,"href":"https:\/\/agora.xtec.cat\/ceipcastelldecalafell\/wp-json\/wp\/v2\/posts\/913\/revisions"}],"predecessor-version":[{"id":922,"href":"https:\/\/agora.xtec.cat\/ceipcastelldecalafell\/wp-json\/wp\/v2\/posts\/913\/revisions\/922"}],"wp:featuredmedia":[{"embeddable":true,"href":"https:\/\/agora.xtec.cat\/ceipcastelldecalafell\/wp-json\/wp\/v2\/media\/914"}],"wp:attachment":[{"href":"https:\/\/agora.xtec.cat\/ceipcastelldecalafell\/wp-json\/wp\/v2\/media?parent=913"}],"wp:term":[{"taxonomy":"category","embeddable":true,"href":"https:\/\/agora.xtec.cat\/ceipcastelldecalafell\/wp-json\/wp\/v2\/categories?post=913"},{"taxonomy":"post_tag","embeddable":true,"href":"https:\/\/agora.xtec.cat\/ceipcastelldecalafell\/wp-json\/wp\/v2\/tags?post=913"}],"curies":[{"name":"wp","href":"https:\/\/api.w.org\/{rel}","templated":true}]}}