{"id":341,"date":"2012-02-14T12:57:43","date_gmt":"2012-02-14T10:57:43","guid":{"rendered":"http:\/\/blocs.xtec.cat\/escolacastelldecalafell\/?p=341"},"modified":"2012-02-14T12:57:43","modified_gmt":"2012-02-14T10:57:43","slug":"carnaval-2","status":"publish","type":"post","link":"https:\/\/agora.xtec.cat\/ceipcastelldecalafell\/general\/carnaval-2\/","title":{"rendered":"CARNAVAL"},"content":{"rendered":"<p>Benvolgudes fam\u00edlies,<\/p>\n<p>Com ja us hem comunicat per escrit, el proper divendres 17 de febrer celebrem el carnaval a l&#8217;escola. A partir de les 15.30h farem una rua per dins el pati de prim\u00e0ria, rebrem al Carnestoltes i escoltarem el serm\u00f3.<\/p>\n<p>Totes les fam\u00edlies esteu convidades i aix\u00f2 s\u00ed, haureu de venir disfressats!!!!!!!! el tema d&#8217;aquest curs \u00e9s l&#8217;espai!!!!!!!!!!!!<\/p>\n<p>Us esperem a tots i totes!!!!!!<\/p>\n<p>Us recordem tamb\u00e9 que el dilluns dia 20 de febrer \u00e9s un dia festiu\u00a0de lliure disposici\u00f3 del centre, de manera que l&#8217;escola estar\u00e0 tancada.<\/p>\n<p>Si cliqueu al link podeu veure les fotografies de les mares i ex-alumnes que han decorat l&#8217;escola de carnaval i els nens i nenes de sis\u00e8 donant les ordres del carnestoltes a la resta de companys i companyes.<\/p>\n<p>Fins divendres!!!!!!!!!!!!!!<\/p>\n<p>Mares i ex-alumnes decorant i alumnes de sis\u00e8 donant les ordres <\/p>\n<p><embed type=\"application\/x-shockwave-flash\" src=\"https:\/\/picasaweb.google.com\/s\/c\/bin\/slideshow.swf\" width=\"288\" height=\"192\" flashvars=\"host=picasaweb.google.com&amp;hl=es&amp;feat=flashalbum&amp;RGB=0x000000&amp;feed=https%3A%2F%2Fpicasaweb.google.com%2Fdata%2Ffeed%2Fapi%2Fuser%2F108333764416070092253%2Falbumid%2F5708939943797381249%3Falt%3Drss%26kind%3Dphoto%26authkey%3DGv1sRgCIqrtoiL6vm62AE%26hl%3Des\" pluginspage=\"http:\/\/www.macromedia.com\/go\/getflashplayer\"><\/embed><\/p>\n","protected":false},"excerpt":{"rendered":"<p>Benvolgudes fam\u00edlies, Com ja us hem comunicat per escrit, el proper divendres 17 de febrer celebrem el carnaval a l&#8217;escola. [&hellip;]<\/p>\n","protected":false},"author":3,"featured_media":0,"comment_status":"open","ping_status":"open","sticky":false,"template":"","format":"standard","meta":{"_bbp_topic_count":0,"_bbp_reply_count":0,"_bbp_total_topic_count":0,"_bbp_total_reply_count":0,"_bbp_voice_count":0,"_bbp_anonymous_reply_count":0,"_bbp_topic_count_hidden":0,"_bbp_reply_count_hidden":0,"_bbp_forum_subforum_count":0,"site-sidebar-layout":"default","site-content-layout":"","ast-site-content-layout":"","site-content-style":"default","site-sidebar-style":"default","ast-global-header-display":"","ast-banner-title-visibility":"","ast-main-header-display":"","ast-hfb-above-header-display":"","ast-hfb-below-header-display":"","ast-hfb-mobile-header-display":"","site-post-title":"","ast-breadcrumbs-content":"","ast-featured-img":"","footer-sml-layout":"","theme-transparent-header-meta":"","adv-header-id-meta":"","stick-header-meta":"","header-above-stick-meta":"","header-main-stick-meta":"","header-below-stick-meta":"","astra-migrate-meta-layouts":"default","ast-page-background-enabled":"default","ast-page-background-meta":{"desktop":{"background-color":"var(--ast-global-color-4)","background-image":"","background-repeat":"repeat","background-position":"center center","background-size":"auto","background-attachment":"scroll","background-type":"","background-media":"","overlay-type":"","overlay-color":"","overlay-opacity":"","overlay-gradient":""},"tablet":{"background-color":"","background-image":"","background-repeat":"repeat","background-position":"center center","background-size":"auto","background-attachment":"scroll","background-type":"","background-media":"","overlay-type":"","overlay-color":"","overlay-opacity":"","overlay-gradient":""},"mobile":{"background-color":"","background-image":"","background-repeat":"repeat","background-position":"center center","background-size":"auto","background-attachment":"scroll","background-type":"","background-media":"","overlay-type":"","overlay-color":"","overlay-opacity":"","overlay-gradient":""}},"ast-content-background-meta":{"desktop":{"background-color":"var(--ast-global-color-5)","background-image":"","background-repeat":"repeat","background-position":"center center","background-size":"auto","background-attachment":"scroll","background-type":"","background-media":"","overlay-type":"","overlay-color":"","overlay-opacity":"","overlay-gradient":""},"tablet":{"background-color":"var(--ast-global-color-5)","background-image":"","background-repeat":"repeat","background-position":"center center","background-size":"auto","background-attachment":"scroll","background-type":"","background-media":"","overlay-type":"","overlay-color":"","overlay-opacity":"","overlay-gradient":""},"mobile":{"background-color":"var(--ast-global-color-5)","background-image":"","background-repeat":"repeat","background-position":"center center","background-size":"auto","background-attachment":"scroll","background-type":"","background-media":"","overlay-type":"","overlay-color":"","overlay-opacity":"","overlay-gradient":""}},"footnotes":""},"categories":[1],"tags":[],"class_list":["post-341","post","type-post","status-publish","format-standard","hentry","category-general"],"post_mailing_queue_ids":[],"_links":{"self":[{"href":"https:\/\/agora.xtec.cat\/ceipcastelldecalafell\/wp-json\/wp\/v2\/posts\/341","targetHints":{"allow":["GET"]}}],"collection":[{"href":"https:\/\/agora.xtec.cat\/ceipcastelldecalafell\/wp-json\/wp\/v2\/posts"}],"about":[{"href":"https:\/\/agora.xtec.cat\/ceipcastelldecalafell\/wp-json\/wp\/v2\/types\/post"}],"author":[{"embeddable":true,"href":"https:\/\/agora.xtec.cat\/ceipcastelldecalafell\/wp-json\/wp\/v2\/users\/3"}],"replies":[{"embeddable":true,"href":"https:\/\/agora.xtec.cat\/ceipcastelldecalafell\/wp-json\/wp\/v2\/comments?post=341"}],"version-history":[{"count":0,"href":"https:\/\/agora.xtec.cat\/ceipcastelldecalafell\/wp-json\/wp\/v2\/posts\/341\/revisions"}],"wp:attachment":[{"href":"https:\/\/agora.xtec.cat\/ceipcastelldecalafell\/wp-json\/wp\/v2\/media?parent=341"}],"wp:term":[{"taxonomy":"category","embeddable":true,"href":"https:\/\/agora.xtec.cat\/ceipcastelldecalafell\/wp-json\/wp\/v2\/categories?post=341"},{"taxonomy":"post_tag","embeddable":true,"href":"https:\/\/agora.xtec.cat\/ceipcastelldecalafell\/wp-json\/wp\/v2\/tags?post=341"}],"curies":[{"name":"wp","href":"https:\/\/api.w.org\/{rel}","templated":true}]}}