{"id":3091,"date":"2023-02-15T18:52:15","date_gmt":"2023-02-15T17:52:15","guid":{"rendered":"https:\/\/agora.xtec.cat\/ceipcastelldecalafell\/?p=3091"},"modified":"2024-03-14T09:27:54","modified_gmt":"2024-03-14T08:27:54","slug":"preinscripcio-curs-2023-24","status":"publish","type":"post","link":"https:\/\/agora.xtec.cat\/ceipcastelldecalafell\/general\/preinscripcio-curs-2023-24\/","title":{"rendered":"Preinscripci\u00f3 curs 2023-24"},"content":{"rendered":"<p>Benvolgudes fam\u00edlies,<\/p>\n<p>Ben aviat comen\u00e7a el per\u00edode de preinscripci\u00f3 del curs escolar 2023-24, per tal de tenir acc\u00e9s a tota la informaci\u00f3 seguiu el seg\u00fcent enlla\u00e7. La informaci\u00f3 s&#8217;anir\u00e0 actualitzant a mesura que es vagin coneixent m\u00e9s dades.<\/p>\n<p><strong>Preinscripci\u00f3 curs 2023-24: <span style=\"text-decoration: underline;\"><a href=\"https:\/\/view.genial.ly\/63c6576505a5f40011cda1e5\/interactive-content-preinscripcio-i-matricula-23-24\" target=\"_blank\" rel=\"noopener\">Tota la informaci\u00f3 &gt;&gt;<\/a><\/span><\/strong><span style=\"text-decoration: underline;\"><a href=\"https:\/\/agora.xtec.cat\/ceipcastelldecalafell\/wp-content\/uploads\/usu310\/2020\/06\/Web3_1583750929.png\"><img loading=\"lazy\" decoding=\"async\" class=\"aligncenter wp-image-2740 size-medium\" src=\"https:\/\/agora.xtec.cat\/ceipcastelldecalafell\/wp-content\/uploads\/usu310\/2020\/06\/Web3_1583750929-300x180.png\" alt=\"\" width=\"300\" height=\"180\" srcset=\"https:\/\/agora.xtec.cat\/ceipcastelldecalafell\/wp-content\/uploads\/usu310\/2020\/06\/Web3_1583750929-300x180.png 300w, https:\/\/agora.xtec.cat\/ceipcastelldecalafell\/wp-content\/uploads\/usu310\/2020\/06\/Web3_1583750929-768x461.png 768w, https:\/\/agora.xtec.cat\/ceipcastelldecalafell\/wp-content\/uploads\/usu310\/2020\/06\/Web3_1583750929.png 1000w\" sizes=\"auto, (max-width: 300px) 100vw, 300px\" \/><\/a><\/span><\/p>\n","protected":false},"excerpt":{"rendered":"<p>Benvolgudes fam\u00edlies, Ben aviat comen\u00e7a el per\u00edode de preinscripci\u00f3 del curs escolar 2023-24, per tal de tenir acc\u00e9s a tota [&hellip;]<\/p>\n","protected":false},"author":1,"featured_media":3092,"comment_status":"closed","ping_status":"closed","sticky":false,"template":"","format":"standard","meta":{"_bbp_topic_count":0,"_bbp_reply_count":0,"_bbp_total_topic_count":0,"_bbp_total_reply_count":0,"_bbp_voice_count":0,"_bbp_anonymous_reply_count":0,"_bbp_topic_count_hidden":0,"_bbp_reply_count_hidden":0,"_bbp_forum_subforum_count":0,"site-sidebar-layout":"default","site-content-layout":"","ast-site-content-layout":"","site-content-style":"default","site-sidebar-style":"default","ast-global-header-display":"","ast-banner-title-visibility":"","ast-main-header-display":"","ast-hfb-above-header-display":"","ast-hfb-below-header-display":"","ast-hfb-mobile-header-display":"","site-post-title":"","ast-breadcrumbs-content":"","ast-featured-img":"","footer-sml-layout":"","theme-transparent-header-meta":"","adv-header-id-meta":"","stick-header-meta":"","header-above-stick-meta":"","header-main-stick-meta":"","header-below-stick-meta":"","astra-migrate-meta-layouts":"default","ast-page-background-enabled":"default","ast-page-background-meta":{"desktop":{"background-color":"var(--ast-global-color-4)","background-image":"","background-repeat":"repeat","background-position":"center center","background-size":"auto","background-attachment":"scroll","background-type":"","background-media":"","overlay-type":"","overlay-color":"","overlay-opacity":"","overlay-gradient":""},"tablet":{"background-color":"","background-image":"","background-repeat":"repeat","background-position":"center center","background-size":"auto","background-attachment":"scroll","background-type":"","background-media":"","overlay-type":"","overlay-color":"","overlay-opacity":"","overlay-gradient":""},"mobile":{"background-color":"","background-image":"","background-repeat":"repeat","background-position":"center center","background-size":"auto","background-attachment":"scroll","background-type":"","background-media":"","overlay-type":"","overlay-color":"","overlay-opacity":"","overlay-gradient":""}},"ast-content-background-meta":{"desktop":{"background-color":"var(--ast-global-color-5)","background-image":"","background-repeat":"repeat","background-position":"center center","background-size":"auto","background-attachment":"scroll","background-type":"","background-media":"","overlay-type":"","overlay-color":"","overlay-opacity":"","overlay-gradient":""},"tablet":{"background-color":"var(--ast-global-color-5)","background-image":"","background-repeat":"repeat","background-position":"center center","background-size":"auto","background-attachment":"scroll","background-type":"","background-media":"","overlay-type":"","overlay-color":"","overlay-opacity":"","overlay-gradient":""},"mobile":{"background-color":"var(--ast-global-color-5)","background-image":"","background-repeat":"repeat","background-position":"center center","background-size":"auto","background-attachment":"scroll","background-type":"","background-media":"","overlay-type":"","overlay-color":"","overlay-opacity":"","overlay-gradient":""}},"footnotes":""},"categories":[1],"tags":[],"class_list":["post-3091","post","type-post","status-publish","format-standard","has-post-thumbnail","hentry","category-general"],"post_mailing_queue_ids":[],"_links":{"self":[{"href":"https:\/\/agora.xtec.cat\/ceipcastelldecalafell\/wp-json\/wp\/v2\/posts\/3091","targetHints":{"allow":["GET"]}}],"collection":[{"href":"https:\/\/agora.xtec.cat\/ceipcastelldecalafell\/wp-json\/wp\/v2\/posts"}],"about":[{"href":"https:\/\/agora.xtec.cat\/ceipcastelldecalafell\/wp-json\/wp\/v2\/types\/post"}],"author":[{"embeddable":true,"href":"https:\/\/agora.xtec.cat\/ceipcastelldecalafell\/wp-json\/wp\/v2\/users\/1"}],"replies":[{"embeddable":true,"href":"https:\/\/agora.xtec.cat\/ceipcastelldecalafell\/wp-json\/wp\/v2\/comments?post=3091"}],"version-history":[{"count":2,"href":"https:\/\/agora.xtec.cat\/ceipcastelldecalafell\/wp-json\/wp\/v2\/posts\/3091\/revisions"}],"predecessor-version":[{"id":3094,"href":"https:\/\/agora.xtec.cat\/ceipcastelldecalafell\/wp-json\/wp\/v2\/posts\/3091\/revisions\/3094"}],"wp:featuredmedia":[{"embeddable":true,"href":"https:\/\/agora.xtec.cat\/ceipcastelldecalafell\/wp-json\/wp\/v2\/media\/3092"}],"wp:attachment":[{"href":"https:\/\/agora.xtec.cat\/ceipcastelldecalafell\/wp-json\/wp\/v2\/media?parent=3091"}],"wp:term":[{"taxonomy":"category","embeddable":true,"href":"https:\/\/agora.xtec.cat\/ceipcastelldecalafell\/wp-json\/wp\/v2\/categories?post=3091"},{"taxonomy":"post_tag","embeddable":true,"href":"https:\/\/agora.xtec.cat\/ceipcastelldecalafell\/wp-json\/wp\/v2\/tags?post=3091"}],"curies":[{"name":"wp","href":"https:\/\/api.w.org\/{rel}","templated":true}]}}