{"id":2976,"date":"2021-11-11T10:11:29","date_gmt":"2021-11-11T09:11:29","guid":{"rendered":"https:\/\/agora.xtec.cat\/ceipcastelldecalafell\/?p=2976"},"modified":"2024-03-14T17:38:46","modified_gmt":"2024-03-14T16:38:46","slug":"consell-escolar","status":"publish","type":"post","link":"https:\/\/agora.xtec.cat\/ceipcastelldecalafell\/general\/consell-escolar\/","title":{"rendered":"Consell Escolar"},"content":{"rendered":"<p>Benvolguts\/des membres de la comunitat educativa:<\/p>\n<p>Cada dos anys t\u00e9 lloc la renovaci\u00f3 parcial dels membres del Consell Escolar i es cobreixen les vacants que s\u2019hagin pogut produir. Aquestes eleccions s\u2019havien d\u2019haver realitzat el curs 2020-2021, per\u00f2 es van haver de prorrogar a causa de la pand\u00e8mia.<\/p>\n<p>Els professionals dels centres i les fam\u00edlies comparteixen un objectiu:\u00a0l\u2019\u00e8xit social i personal dels fills. Les decisions que es prenen al Consell Escolar s\u00f3n claus\u00a0per al funcionament i la millora del centre i, per tant, tamb\u00e9 per a l\u2019\u00e8xit educatiu de tots els alumnes. \u00c9s per aquest motiu que\u00a0<b>la participaci\u00f3 i implicaci\u00f3 de les fam\u00edlies al Consell Escolar \u00e9s tan important<\/b>.<\/p>\n<p>La participaci\u00f3 dels representants de les fam\u00edlies al Consell Escolar vol dir, tamb\u00e9,\u00a0<b>fer una tasca de representaci\u00f3<\/b>. Aix\u00f2 significa que, com a membres del consell, la seva participaci\u00f3 no \u00e9s a t\u00edtol individual sin\u00f3 en representaci\u00f3 de totes les fam\u00edlies, donant veu a les seves peticions, preocupacions i iniciatives.<\/p>\n<p>Els representants de les fam\u00edlies al Consell Escolar opinen, aproven, avaluen i elaboren propostes per a la millora del funcionament del centre educatiu.<\/p>\n<p>Per\u00f2 per poder representar de manera efica\u00e7 totes les fam\u00edlies del centre, s\u2019han de recollir les seves propostes i opinions i portar-les al Consell Escolar. Si voleu informaci\u00f3 m\u00e9s ampliada amb relaci\u00f3 al funcionament i organitzaci\u00f3, la podeu trobar al seg\u00fcent enlla\u00e7:\u00a0<a href=\"https:\/\/app.dinantia.com\/api\/system\/track_link\/Ife818QbFbCH\/5409115?original_url=http%3A%2F%2Ffamiliaiescola.gencat.cat%2Fca%2Fescolaritat%2Fparticipacio-compromis%2Fparticipacio-coresponsabilitzacio%2Fparticipacio-funcionament-centre%2Fconsell-escolar%2F\" target=\"_blank\" rel=\"noreferrer noopener\">Funcionament i organitzaci\u00f3 dels Consells Escolars als centres p\u00fablics de Catalunya<\/a><\/p>\n<p>Per aix\u00f2,\u00a0<b>convoco eleccions al Consell Escolar<\/b>\u00a0d\u2019aquest centre a diversos sectors de la comunitat educativa.<\/p>\n<p>En el tauler d\u2019anuncis del centre podeu trobar la convocat\u00f2ria oficial (document adjunt), el calendari d\u2019actuacions i el cens electoral dels diferents sectors. Podeu verificar la vostra pres\u00e8ncia.<\/p>\n<p>Us animo a presentar la vostra\u00a0<b>candidatura\u00a0<\/b>a membre del Consell per implicar-vos en el funcionament de l\u2019escola. Tamb\u00e9 us animo a\u00a0<b>participar en les votacions<\/b>.<\/p>\n<p>Farem el sorteig \u00a0per tal de\u00a0<b>designar els membres vocals de les Meses Electorals<\/b>\u00a0i ens posarem en contacte amb vosaltres per comunicar qui forma part de les Meses Electorals. Us podeu presentar com a\u00a0<b>supervisor\/a d\u2019eleccions<\/b>.<\/p>\n<p>Moltes gr\u00e0cies per la vostra participaci\u00f3. Ens trobareu a l\u2019escola per a qualsevol dubte o aclariment que us calgui.<\/p>\n<p>Conjuntament amb el calendari d\u2019actuacions, us fem arribar la informaci\u00f3 del proc\u00e9s d&#8217;eleccions\u00a0del\u00a0Consell\u00a0escolar\u00a02021 que s&#8217;inicia avui.<\/p>\n<p>&nbsp;<\/p>\n<table border=\"0\" cellspacing=\"0\" cellpadding=\"0\">\n<tbody>\n<tr>\n<td colspan=\"2\" valign=\"top\" width=\"614\">\n<p align=\"center\"><b>CALENDARI D\u2019ACTUACIONS. ELECCIONS CONSELLS ESCOLAR\u00a0 &#8211; CURS 2021-22<\/b><\/p>\n<\/td>\n<\/tr>\n<tr>\n<td valign=\"top\" width=\"197\">\n<p align=\"center\"><b>DATES<\/b><\/p>\n<\/td>\n<td valign=\"top\" width=\"417\">\n<p align=\"center\">PROC\u00c9S<\/p>\n<\/td>\n<\/tr>\n<tr>\n<td rowspan=\"3\" width=\"197\">10 de novembre de 2021<\/p>\n<p>&nbsp;<\/p>\n<p>&nbsp;<\/td>\n<td width=\"417\">La directora convoca les eleccions al C. Escolar (dies, hores de votaci\u00f3 i lloc).<\/td>\n<\/tr>\n<tr>\n<td width=\"417\">Publicaci\u00f3 del cens electoral provisional de cada sector. Publicaci\u00f3 del nombre de representants de cada sector que s\u2019ha de renovar.<\/p>\n<p>Obertura del termini de reclamacions al cens, de\u00a0<a href=\"https:\/\/app.dinantia.com\/api\/system\/track_link\/Ife818QbFbCH\/5409116?original_url=https%3A%2F%2Fdrive.google.com%2Ffile%2Fd%2F1D2WigbcH965blz6-WVumA4U1MiLtSaqs%2Fview%3Fusp%3Dsharing\" target=\"_blank\" rel=\"noreferrer noopener\">presentaci\u00f3 de candidatures<\/a>\u00a0i de sol\u00b7licituds per a ser supervisor\/a.<\/td>\n<\/tr>\n<tr>\n<td width=\"417\">SORTEIG per tal de designar els membres vocals de les Meses Electorals.<\/p>\n<p>&nbsp;<\/p>\n<p>&nbsp;<\/td>\n<\/tr>\n<tr>\n<td rowspan=\"2\" width=\"197\">Fins al 12 de novembre de 2021<\/td>\n<td width=\"417\">Reclamacions al cens electoral.<\/td>\n<\/tr>\n<tr>\n<td width=\"417\">Constituci\u00f3 de les meses electorals.<\/p>\n<p>&nbsp;<\/td>\n<\/tr>\n<tr>\n<td rowspan=\"2\" width=\"197\">Fins al 16 de novembre de 2021<\/td>\n<td width=\"417\"><b>Presentaci\u00f3 de candidatures\u00a0<\/b>(model de presentaci\u00f3 en aquest\u00a0<a href=\"https:\/\/app.dinantia.com\/api\/system\/track_link\/Ife818QbFbCH\/5409117?original_url=https%3A%2F%2Fdrive.google.com%2Ffile%2Fd%2F1D2WigbcH965blz6-WVumA4U1MiLtSaqs%2Fview%3Fusp%3Dsharing\" target=\"_blank\" rel=\"noreferrer noopener\">enlla\u00e7<\/a>\u00a0o a les consergeries del centre).<\/td>\n<\/tr>\n<tr>\n<td width=\"417\">Resoluci\u00f3 de les reclamacions i aprovaci\u00f3 del cens definitiu.<\/p>\n<p>&nbsp;<\/p>\n<p><b>\u00a0<\/b><\/td>\n<\/tr>\n<tr>\n<td rowspan=\"2\" width=\"197\">17 de novembre de 2021<\/td>\n<td width=\"417\"><b>Publicaci\u00f3 de candidatures.<\/b><\/p>\n<p>&nbsp;<\/td>\n<\/tr>\n<tr>\n<td width=\"417\">Publicaci\u00f3 del cens definitiu.<b><\/b><\/p>\n<p><b>\u00a0<\/b><\/td>\n<\/tr>\n<tr>\n<td width=\"197\">\u00a0Fins al 19 de novembre de 2021<\/td>\n<td width=\"417\">Els candidats poden donar a con\u00e8ixer les seves propostes.<\/td>\n<\/tr>\n<tr>\n<td width=\"197\">23 de\u00a0 novembre de 2021<\/td>\n<td width=\"417\">Elecci\u00f3 del sector professors (12.30 h, a la Sala de mestres).<\/td>\n<\/tr>\n<tr>\n<td width=\"197\">23 de novembre de 2021<\/td>\n<td width=\"417\">Elecci\u00f3 del sector pares i mares (15.00 h \u2013 17.30 h, a l\u2019entrada principal).<\/td>\n<\/tr>\n<tr>\n<td width=\"197\">13 de desembre de 2021<\/td>\n<td width=\"417\">Constituci\u00f3 del Consell Escolar resultant.<\/p>\n<p>Les comissions, previstes al reglament org\u00e0nic i al reglament de r\u00e8gim interior del centre es constitueixen a la mateixa sessi\u00f3.<\/td>\n<\/tr>\n<tr>\n<td width=\"197\">Abans del 22 de desembre de 2021<\/td>\n<td width=\"417\">La directora\u00a0 tramet al director\u00a0 dels Serveis Territorials del Departament d\u2019Educaci\u00f3, c\u00f2pia autenticada de l&#8217;acta de constituci\u00f3 del Consell Escolar resultant del proc\u00e9s electoral.<\/p>\n<p>&nbsp;<\/td>\n<\/tr>\n<\/tbody>\n<\/table>\n<p>La direcci\u00f3<\/p>\n<p>Calafell, 10 de novembre de 2021<\/p>\n<p><a href=\"https:\/\/agora.xtec.cat\/ceipcastelldecalafell\/wp-content\/uploads\/usu310\/2021\/11\/VotA-CONSELL-ESCOLAR.pdf\">VotA CONSELL ESCOLAR<\/a><\/p>\n","protected":false},"excerpt":{"rendered":"<p>Benvolguts\/des membres de la comunitat educativa: Cada dos anys t\u00e9 lloc la renovaci\u00f3 parcial dels membres del Consell Escolar i [&hellip;]<\/p>\n","protected":false},"author":1,"featured_media":3017,"comment_status":"closed","ping_status":"closed","sticky":false,"template":"","format":"standard","meta":{"_bbp_topic_count":0,"_bbp_reply_count":0,"_bbp_total_topic_count":0,"_bbp_total_reply_count":0,"_bbp_voice_count":0,"_bbp_anonymous_reply_count":0,"_bbp_topic_count_hidden":0,"_bbp_reply_count_hidden":0,"_bbp_forum_subforum_count":0,"site-sidebar-layout":"default","site-content-layout":"","ast-site-content-layout":"","site-content-style":"default","site-sidebar-style":"default","ast-global-header-display":"","ast-banner-title-visibility":"","ast-main-header-display":"","ast-hfb-above-header-display":"","ast-hfb-below-header-display":"","ast-hfb-mobile-header-display":"","site-post-title":"","ast-breadcrumbs-content":"","ast-featured-img":"","footer-sml-layout":"","theme-transparent-header-meta":"","adv-header-id-meta":"","stick-header-meta":"","header-above-stick-meta":"","header-main-stick-meta":"","header-below-stick-meta":"","astra-migrate-meta-layouts":"default","ast-page-background-enabled":"default","ast-page-background-meta":{"desktop":{"background-color":"var(--ast-global-color-4)","background-image":"","background-repeat":"repeat","background-position":"center center","background-size":"auto","background-attachment":"scroll","background-type":"","background-media":"","overlay-type":"","overlay-color":"","overlay-opacity":"","overlay-gradient":""},"tablet":{"background-color":"","background-image":"","background-repeat":"repeat","background-position":"center center","background-size":"auto","background-attachment":"scroll","background-type":"","background-media":"","overlay-type":"","overlay-color":"","overlay-opacity":"","overlay-gradient":""},"mobile":{"background-color":"","background-image":"","background-repeat":"repeat","background-position":"center center","background-size":"auto","background-attachment":"scroll","background-type":"","background-media":"","overlay-type":"","overlay-color":"","overlay-opacity":"","overlay-gradient":""}},"ast-content-background-meta":{"desktop":{"background-color":"var(--ast-global-color-5)","background-image":"","background-repeat":"repeat","background-position":"center center","background-size":"auto","background-attachment":"scroll","background-type":"","background-media":"","overlay-type":"","overlay-color":"","overlay-opacity":"","overlay-gradient":""},"tablet":{"background-color":"var(--ast-global-color-5)","background-image":"","background-repeat":"repeat","background-position":"center center","background-size":"auto","background-attachment":"scroll","background-type":"","background-media":"","overlay-type":"","overlay-color":"","overlay-opacity":"","overlay-gradient":""},"mobile":{"background-color":"var(--ast-global-color-5)","background-image":"","background-repeat":"repeat","background-position":"center center","background-size":"auto","background-attachment":"scroll","background-type":"","background-media":"","overlay-type":"","overlay-color":"","overlay-opacity":"","overlay-gradient":""}},"footnotes":""},"categories":[1],"tags":[],"class_list":["post-2976","post","type-post","status-publish","format-standard","has-post-thumbnail","hentry","category-general"],"post_mailing_queue_ids":[],"_links":{"self":[{"href":"https:\/\/agora.xtec.cat\/ceipcastelldecalafell\/wp-json\/wp\/v2\/posts\/2976","targetHints":{"allow":["GET"]}}],"collection":[{"href":"https:\/\/agora.xtec.cat\/ceipcastelldecalafell\/wp-json\/wp\/v2\/posts"}],"about":[{"href":"https:\/\/agora.xtec.cat\/ceipcastelldecalafell\/wp-json\/wp\/v2\/types\/post"}],"author":[{"embeddable":true,"href":"https:\/\/agora.xtec.cat\/ceipcastelldecalafell\/wp-json\/wp\/v2\/users\/1"}],"replies":[{"embeddable":true,"href":"https:\/\/agora.xtec.cat\/ceipcastelldecalafell\/wp-json\/wp\/v2\/comments?post=2976"}],"version-history":[{"count":2,"href":"https:\/\/agora.xtec.cat\/ceipcastelldecalafell\/wp-json\/wp\/v2\/posts\/2976\/revisions"}],"predecessor-version":[{"id":3018,"href":"https:\/\/agora.xtec.cat\/ceipcastelldecalafell\/wp-json\/wp\/v2\/posts\/2976\/revisions\/3018"}],"wp:featuredmedia":[{"embeddable":true,"href":"https:\/\/agora.xtec.cat\/ceipcastelldecalafell\/wp-json\/wp\/v2\/media\/3017"}],"wp:attachment":[{"href":"https:\/\/agora.xtec.cat\/ceipcastelldecalafell\/wp-json\/wp\/v2\/media?parent=2976"}],"wp:term":[{"taxonomy":"category","embeddable":true,"href":"https:\/\/agora.xtec.cat\/ceipcastelldecalafell\/wp-json\/wp\/v2\/categories?post=2976"},{"taxonomy":"post_tag","embeddable":true,"href":"https:\/\/agora.xtec.cat\/ceipcastelldecalafell\/wp-json\/wp\/v2\/tags?post=2976"}],"curies":[{"name":"wp","href":"https:\/\/api.w.org\/{rel}","templated":true}]}}