{"id":2777,"date":"2020-07-31T17:50:21","date_gmt":"2020-07-31T15:50:21","guid":{"rendered":"https:\/\/agora.xtec.cat\/ceipcastelldecalafell\/?p=2777"},"modified":"2020-07-31T17:53:02","modified_gmt":"2020-07-31T15:53:02","slug":"calendari-i-horari-escolar-curs-2020-21","status":"publish","type":"post","link":"https:\/\/agora.xtec.cat\/ceipcastelldecalafell\/general\/calendari-i-horari-escolar-curs-2020-21\/","title":{"rendered":"Calendari i horari escolar curs 2020-21"},"content":{"rendered":"<p style=\"font-weight: 400;\">Benvolgudes fam\u00edlies,<\/p>\n<p style=\"font-weight: 400;\">Us deixem el calendari i l&#8217;horari escolar per al seg\u00fcent curs 2020-21.<\/p>\n<p>&nbsp;<\/p>\n<ol>\n<li style=\"font-weight: 400;\">CALENDARI ESCOLAR 20-21 (aprovat per Consell Escolar Municipal el dia 14 de juliol de 2020):<\/li>\n<\/ol>\n<p style=\"font-weight: 400;\">Ordre EDU\/119\/2020, de 13 de juliol, per la qual s&#8217;estableix el calendari escolar del curs 2020-2021 per als centres educatius no universitaris de Catalunya (DOGC n\u00fam. 8175, de 13.7.2020).<\/p>\n<p style=\"font-weight: 400;\"><strong>Inici de les classes al segon cicle de l&#8217;educaci\u00f3 infantil i l&#8217;educaci\u00f3 prim\u00e0ria:<\/strong> 14 de setembre de 2020<\/p>\n<p style=\"font-weight: 400;\"><strong>Vacances de Nadal:<\/strong> Del 22 de desembre de 2020 al 7 de gener de 2021<\/p>\n<p style=\"font-weight: 400;\"><strong>Vacances de Setmana Santa:<\/strong> Del 27 de mar\u00e7 al 5 d&#8217;abril de 2021<\/p>\n<p style=\"font-weight: 400;\"><strong>Fi de les classes:<\/strong> 22 de juny de 2021<\/p>\n<p><strong>Jornada intensiva: <\/strong>El 21 desembre de 2020 i del 7 al 22 de juny de 2021 (de les 9:00\u202fh a les 13:00\u202fh).<\/p>\n<p><strong>Adaptaci\u00f3 de P3:\u00a0<\/strong>Del 14 al 18 de setembre del 2020.<\/p>\n<p>&nbsp;<\/p>\n<ul>\n<li style=\"font-weight: 400;\">Dilluns 14: de les 9:00 h a les 10:30 h<\/li>\n<li style=\"font-weight: 400;\">Dimarts 15: de les 9:00 h a les 10:30 h<\/li>\n<li style=\"font-weight: 400;\">Dimecres 16: de les 9:00 h a les 11:30 h<\/li>\n<li style=\"font-weight: 400;\">Dijous 17: de les 9:00 h a les 11:30 h<\/li>\n<li style=\"font-weight: 400;\">Divendres 18: de les 9:00 h a les 12:30 h<\/li>\n<\/ul>\n<p style=\"font-weight: 400;\"><strong>Dies de lliure disposici\u00f3:\u00a0<\/strong>30 octubre 2020, 7 desembre 2020, 15 de febrer 2021 i 3 de maig 2021<\/p>\n<p style=\"font-weight: 400;\"><strong>Festes locals:\u00a0<\/strong>29 setembre 2020 i 16 juliol 2021<\/p>\n<ol start=\"2\">\n<li style=\"font-weight: 400;\">HORARI ESCOLAR (entrades i sortides esglaonades):<\/li>\n<\/ol>\n<p style=\"font-weight: 400;\">MAT\u00cd: de les 9:00\u202fh a les 12:30 h<\/p>\n<p style=\"font-weight: 400;\">TARDA de les 15:00 h a 16:30 h<\/p>\n<figure id=\"attachment_2780\" aria-describedby=\"caption-attachment-2780\" style=\"width: 1024px\" class=\"wp-caption aligncenter\"><a href=\"https:\/\/agora.xtec.cat\/ceipcastelldecalafell\/wp-content\/uploads\/usu310\/2020\/07\/77792450-color-contorno-de-dibujos-animados-calendario-con-el-di\u0301a-indicado-.jpg\"><img loading=\"lazy\" decoding=\"async\" class=\"wp-image-2780 size-large\" src=\"https:\/\/agora.xtec.cat\/ceipcastelldecalafell\/wp-content\/uploads\/usu310\/2020\/07\/77792450-color-contorno-de-dibujos-animados-calendario-con-el-di\u0301a-indicado--1024x1024.jpg\" alt=\"\" width=\"1024\" height=\"1024\" srcset=\"https:\/\/agora.xtec.cat\/ceipcastelldecalafell\/wp-content\/uploads\/usu310\/2020\/07\/77792450-color-contorno-de-dibujos-animados-calendario-con-el-di\u0301a-indicado--1024x1024.jpg 1024w, https:\/\/agora.xtec.cat\/ceipcastelldecalafell\/wp-content\/uploads\/usu310\/2020\/07\/77792450-color-contorno-de-dibujos-animados-calendario-con-el-di\u0301a-indicado--150x150.jpg 150w, https:\/\/agora.xtec.cat\/ceipcastelldecalafell\/wp-content\/uploads\/usu310\/2020\/07\/77792450-color-contorno-de-dibujos-animados-calendario-con-el-di\u0301a-indicado--300x300.jpg 300w, https:\/\/agora.xtec.cat\/ceipcastelldecalafell\/wp-content\/uploads\/usu310\/2020\/07\/77792450-color-contorno-de-dibujos-animados-calendario-con-el-di\u0301a-indicado--768x768.jpg 768w, https:\/\/agora.xtec.cat\/ceipcastelldecalafell\/wp-content\/uploads\/usu310\/2020\/07\/77792450-color-contorno-de-dibujos-animados-calendario-con-el-di\u0301a-indicado-.jpg 1300w\" sizes=\"auto, (max-width: 1024px) 100vw, 1024px\" \/><\/a><figcaption id=\"caption-attachment-2780\" class=\"wp-caption-text\">color contour cartoon calendar with indicated day vector illustration<\/figcaption><\/figure>\n","protected":false},"excerpt":{"rendered":"<p>Benvolgudes fam\u00edlies, Us deixem el calendari i l&#8217;horari escolar per al seg\u00fcent curs 2020-21. &nbsp; CALENDARI ESCOLAR 20-21 (aprovat per [&hellip;]<\/p>\n","protected":false},"author":1,"featured_media":2778,"comment_status":"closed","ping_status":"closed","sticky":false,"template":"","format":"standard","meta":{"_bbp_topic_count":0,"_bbp_reply_count":0,"_bbp_total_topic_count":0,"_bbp_total_reply_count":0,"_bbp_voice_count":0,"_bbp_anonymous_reply_count":0,"_bbp_topic_count_hidden":0,"_bbp_reply_count_hidden":0,"_bbp_forum_subforum_count":0,"site-sidebar-layout":"default","site-content-layout":"","ast-site-content-layout":"","site-content-style":"default","site-sidebar-style":"default","ast-global-header-display":"","ast-banner-title-visibility":"","ast-main-header-display":"","ast-hfb-above-header-display":"","ast-hfb-below-header-display":"","ast-hfb-mobile-header-display":"","site-post-title":"","ast-breadcrumbs-content":"","ast-featured-img":"","footer-sml-layout":"","theme-transparent-header-meta":"","adv-header-id-meta":"","stick-header-meta":"","header-above-stick-meta":"","header-main-stick-meta":"","header-below-stick-meta":"","astra-migrate-meta-layouts":"default","ast-page-background-enabled":"default","ast-page-background-meta":{"desktop":{"background-color":"var(--ast-global-color-4)","background-image":"","background-repeat":"repeat","background-position":"center center","background-size":"auto","background-attachment":"scroll","background-type":"","background-media":"","overlay-type":"","overlay-color":"","overlay-opacity":"","overlay-gradient":""},"tablet":{"background-color":"","background-image":"","background-repeat":"repeat","background-position":"center center","background-size":"auto","background-attachment":"scroll","background-type":"","background-media":"","overlay-type":"","overlay-color":"","overlay-opacity":"","overlay-gradient":""},"mobile":{"background-color":"","background-image":"","background-repeat":"repeat","background-position":"center center","background-size":"auto","background-attachment":"scroll","background-type":"","background-media":"","overlay-type":"","overlay-color":"","overlay-opacity":"","overlay-gradient":""}},"ast-content-background-meta":{"desktop":{"background-color":"var(--ast-global-color-5)","background-image":"","background-repeat":"repeat","background-position":"center center","background-size":"auto","background-attachment":"scroll","background-type":"","background-media":"","overlay-type":"","overlay-color":"","overlay-opacity":"","overlay-gradient":""},"tablet":{"background-color":"var(--ast-global-color-5)","background-image":"","background-repeat":"repeat","background-position":"center center","background-size":"auto","background-attachment":"scroll","background-type":"","background-media":"","overlay-type":"","overlay-color":"","overlay-opacity":"","overlay-gradient":""},"mobile":{"background-color":"var(--ast-global-color-5)","background-image":"","background-repeat":"repeat","background-position":"center center","background-size":"auto","background-attachment":"scroll","background-type":"","background-media":"","overlay-type":"","overlay-color":"","overlay-opacity":"","overlay-gradient":""}},"footnotes":""},"categories":[1],"tags":[],"class_list":["post-2777","post","type-post","status-publish","format-standard","has-post-thumbnail","hentry","category-general"],"post_mailing_queue_ids":[],"_links":{"self":[{"href":"https:\/\/agora.xtec.cat\/ceipcastelldecalafell\/wp-json\/wp\/v2\/posts\/2777","targetHints":{"allow":["GET"]}}],"collection":[{"href":"https:\/\/agora.xtec.cat\/ceipcastelldecalafell\/wp-json\/wp\/v2\/posts"}],"about":[{"href":"https:\/\/agora.xtec.cat\/ceipcastelldecalafell\/wp-json\/wp\/v2\/types\/post"}],"author":[{"embeddable":true,"href":"https:\/\/agora.xtec.cat\/ceipcastelldecalafell\/wp-json\/wp\/v2\/users\/1"}],"replies":[{"embeddable":true,"href":"https:\/\/agora.xtec.cat\/ceipcastelldecalafell\/wp-json\/wp\/v2\/comments?post=2777"}],"version-history":[{"count":2,"href":"https:\/\/agora.xtec.cat\/ceipcastelldecalafell\/wp-json\/wp\/v2\/posts\/2777\/revisions"}],"predecessor-version":[{"id":2781,"href":"https:\/\/agora.xtec.cat\/ceipcastelldecalafell\/wp-json\/wp\/v2\/posts\/2777\/revisions\/2781"}],"wp:featuredmedia":[{"embeddable":true,"href":"https:\/\/agora.xtec.cat\/ceipcastelldecalafell\/wp-json\/wp\/v2\/media\/2778"}],"wp:attachment":[{"href":"https:\/\/agora.xtec.cat\/ceipcastelldecalafell\/wp-json\/wp\/v2\/media?parent=2777"}],"wp:term":[{"taxonomy":"category","embeddable":true,"href":"https:\/\/agora.xtec.cat\/ceipcastelldecalafell\/wp-json\/wp\/v2\/categories?post=2777"},{"taxonomy":"post_tag","embeddable":true,"href":"https:\/\/agora.xtec.cat\/ceipcastelldecalafell\/wp-json\/wp\/v2\/tags?post=2777"}],"curies":[{"name":"wp","href":"https:\/\/api.w.org\/{rel}","templated":true}]}}