{"id":2729,"date":"2020-06-08T17:39:43","date_gmt":"2020-06-08T15:39:43","guid":{"rendered":"https:\/\/agora.xtec.cat\/ceipcastelldecalafell\/?p=2729"},"modified":"2020-06-08T17:39:43","modified_gmt":"2020-06-08T15:39:43","slug":"beques-menjador-curs-2020-2021","status":"publish","type":"post","link":"https:\/\/agora.xtec.cat\/ceipcastelldecalafell\/general\/beques-menjador-curs-2020-2021\/","title":{"rendered":"Beques menjador curs 2020-2021"},"content":{"rendered":"<p><span style=\"font-family: Arial, Helvetica, sans-serif;\"><span>Benvolgudes fam\u00edlies,\u00a0<\/span><\/span><\/p>\n<p align=\"justify\">Un cop aprovades les bases reguladores per a l&#8217;atorgament d&#8217;ajuts individuals de menjador escolar, adre\u00e7ats a l&#8217;alumnat d&#8217;ensenyaments obligatoris i de segon cicle d&#8217;educaci\u00f3 infantil, escolaritzats en centres educatius sufragats amb fons p\u00fablics, per al curs escolar 2020-2021, passem a informar-vos de com es far\u00e0 la seva tramitaci\u00f3.<\/p>\n<p align=\"justify\"><span><span style=\"font-family: Arial, Helvetica, sans-serif;\">La propagaci\u00f3 del coronavirus (COVID-19) ha comportat l&#8217;adopci\u00f3 de mesures\u00a0i ordres necess\u00e0ries per mantenir els serveis\u00a0p\u00fablics i alhora garantir la seguretat de les persones, amb el clar objectiu de\u00a0 reduir al m\u00e0xim la circulaci\u00f3 de les persones per evitar patologies i els contagis, en especial a les persones integrants de grups de risc.<\/span><\/span><\/p>\n<p align=\"justify\"><span><span style=\"font-family: Arial, Helvetica, sans-serif;\">Davant aquesta situaci\u00f3 d&#8217;excepcionalitat, i per tal de salvaguardar la protecci\u00f3 de la salut de la ciutadania evitant les aglomeracions i concentraci\u00f3 d&#8217;un nombre elevat de persones a les depend\u00e8ncies dels centres educatius i del Consell Comarcal del Baix Pened\u00e8s i garantir simult\u00e0niament l&#8217;adequada prestaci\u00f3 dels serveis p\u00fablics que resultin imprescindibles per a la ciutadania, <u><b>les sol\u00b7licituds per aquesta convocat\u00f2ria s&#8217;hauran de presentar de forma telem\u00e0tica, a trav\u00e9s de la Seu Electr\u00f2nica del Consell Comarcal del Baix Pened\u00e8s, a partir del dia 8 de juny de 2020:<\/b><\/u><\/span><\/span><\/p>\n<p align=\"justify\"><span style=\"font-size: large;\"><span style=\"color: #0000ff;\"><span style=\"font-family: Arial, Helvetica, sans-serif;\"><span>A la web del Consell (<\/span><\/span><\/span><span style=\"color: #0000ff;\"><span style=\"font-family: Arial, Helvetica, sans-serif;\">www.<\/span><\/span><span style=\"color: #0000ff;\"><span style=\"font-family: Arial, Helvetica, sans-serif;\"><a href=\"https:\/\/ccbp.eadministracio.cat\/info.1\" target=\"_blank\" rel=\"noopener noreferrer\" data-saferedirecturl=\"https:\/\/www.google.com\/url?q=https:\/\/ccbp.eadministracio.cat\/info.1&amp;source=gmail&amp;ust=1591710411066000&amp;usg=AFQjCNH6Oh61XzkcA6qAd3ur_uAIH_73Lg\">ccbp.<\/a><\/span><\/span><span style=\"color: #0000ff;\"><span style=\"font-family: Arial, Helvetica, sans-serif;\">cat), hi haur\u00e0 penjada la informaci\u00f3 referent a la convocat\u00f2ria, i d&#8217;on es podr\u00e0 accedir directament a la Seu Electr\u00f2nica per sol\u00b7licitar l&#8217;ajut.<\/span><\/span><\/span><\/p>\n<p align=\"justify\">Tanmateix, <b>depenent de l&#8217;evoluci\u00f3 de la pand\u00e8mia<\/b>, s&#8217;habilitaran formes de presentaci\u00f3 de sol\u00b7licituds de forma presencial. La convocat\u00f2ria quedar\u00e0 oberta durant tot el curs escolar 2020-2021.<\/p>\n<p align=\"justify\">Us adjuntem els seg\u00fcents fitxers per tal que vosaltres en tingueu coneixement com a comunitat educativa o administracions i perqu\u00e8 en feu la difusi\u00f3 que creieu oportuna, ja sigui als pares, taulells d&#8217;anuncis de l&#8217;escola, bans, o altres mitjans dels quals disposeu:<\/p>\n<ul>\n<li><span style=\"font-family: inherit; font-size: 1em;\"><strong>Bases Ajuts Menjador Socioecon\u00f2mics curs 2020-2021:<\/strong> <\/span><span style=\"text-decoration: underline;\"><a style=\"font-family: inherit; font-size: 1em;\" href=\"https:\/\/drive.google.com\/file\/d\/1NhTQ26RmkBb1wHPF-1nefY8dlCKR7Avf\/view?usp=sharing\" target=\"_blank\" rel=\"noopener noreferrer\">Tota la informaci\u00f3 &gt;&gt;<\/a><\/span><\/li>\n<\/ul>\n<ul>\n<li><strong><span style=\"font-family: Arial, Helvetica, sans-serif;\">Convocat\u00f2ria Ajut Individual Menjador curs 2020-2021: <a href=\"https:\/\/drive.google.com\/file\/d\/14VJ_7SZYvczm0ih8L3tjA_C8Vduxq6Mj\/view?usp=sharing\" target=\"_blank\" rel=\"noopener noreferrer\"><span style=\"text-decoration: underline;\">Tota la informaci\u00f3 &gt;&gt;<\/span><\/a><\/span><\/strong><\/li>\n<\/ul>\n<p align=\"justify\">Moltes gr\u00e0cies per la vostra col\u00b7laboraci\u00f3.<\/p>\n<p align=\"justify\"><a href=\"https:\/\/agora.xtec.cat\/ceipcastelldecalafell\/wp-content\/uploads\/usu310\/2020\/06\/baixa.png\"><img loading=\"lazy\" decoding=\"async\" class=\"aligncenter wp-image-2730 size-full\" src=\"https:\/\/agora.xtec.cat\/ceipcastelldecalafell\/wp-content\/uploads\/usu310\/2020\/06\/baixa.png\" alt=\"\" width=\"321\" height=\"157\" srcset=\"https:\/\/agora.xtec.cat\/ceipcastelldecalafell\/wp-content\/uploads\/usu310\/2020\/06\/baixa.png 321w, https:\/\/agora.xtec.cat\/ceipcastelldecalafell\/wp-content\/uploads\/usu310\/2020\/06\/baixa-300x147.png 300w\" sizes=\"auto, (max-width: 321px) 100vw, 321px\" \/><\/a><\/p>\n","protected":false},"excerpt":{"rendered":"<p>Benvolgudes fam\u00edlies,\u00a0 Un cop aprovades les bases reguladores per a l&#8217;atorgament d&#8217;ajuts individuals de menjador escolar, adre\u00e7ats a l&#8217;alumnat d&#8217;ensenyaments [&hellip;]<\/p>\n","protected":false},"author":1,"featured_media":2731,"comment_status":"closed","ping_status":"closed","sticky":false,"template":"","format":"standard","meta":{"_bbp_topic_count":0,"_bbp_reply_count":0,"_bbp_total_topic_count":0,"_bbp_total_reply_count":0,"_bbp_voice_count":0,"_bbp_anonymous_reply_count":0,"_bbp_topic_count_hidden":0,"_bbp_reply_count_hidden":0,"_bbp_forum_subforum_count":0,"site-sidebar-layout":"default","site-content-layout":"","ast-site-content-layout":"","site-content-style":"default","site-sidebar-style":"default","ast-global-header-display":"","ast-banner-title-visibility":"","ast-main-header-display":"","ast-hfb-above-header-display":"","ast-hfb-below-header-display":"","ast-hfb-mobile-header-display":"","site-post-title":"","ast-breadcrumbs-content":"","ast-featured-img":"","footer-sml-layout":"","theme-transparent-header-meta":"","adv-header-id-meta":"","stick-header-meta":"","header-above-stick-meta":"","header-main-stick-meta":"","header-below-stick-meta":"","astra-migrate-meta-layouts":"default","ast-page-background-enabled":"default","ast-page-background-meta":{"desktop":{"background-color":"var(--ast-global-color-4)","background-image":"","background-repeat":"repeat","background-position":"center center","background-size":"auto","background-attachment":"scroll","background-type":"","background-media":"","overlay-type":"","overlay-color":"","overlay-opacity":"","overlay-gradient":""},"tablet":{"background-color":"","background-image":"","background-repeat":"repeat","background-position":"center center","background-size":"auto","background-attachment":"scroll","background-type":"","background-media":"","overlay-type":"","overlay-color":"","overlay-opacity":"","overlay-gradient":""},"mobile":{"background-color":"","background-image":"","background-repeat":"repeat","background-position":"center center","background-size":"auto","background-attachment":"scroll","background-type":"","background-media":"","overlay-type":"","overlay-color":"","overlay-opacity":"","overlay-gradient":""}},"ast-content-background-meta":{"desktop":{"background-color":"var(--ast-global-color-5)","background-image":"","background-repeat":"repeat","background-position":"center center","background-size":"auto","background-attachment":"scroll","background-type":"","background-media":"","overlay-type":"","overlay-color":"","overlay-opacity":"","overlay-gradient":""},"tablet":{"background-color":"var(--ast-global-color-5)","background-image":"","background-repeat":"repeat","background-position":"center center","background-size":"auto","background-attachment":"scroll","background-type":"","background-media":"","overlay-type":"","overlay-color":"","overlay-opacity":"","overlay-gradient":""},"mobile":{"background-color":"var(--ast-global-color-5)","background-image":"","background-repeat":"repeat","background-position":"center center","background-size":"auto","background-attachment":"scroll","background-type":"","background-media":"","overlay-type":"","overlay-color":"","overlay-opacity":"","overlay-gradient":""}},"footnotes":""},"categories":[1],"tags":[],"class_list":["post-2729","post","type-post","status-publish","format-standard","has-post-thumbnail","hentry","category-general"],"post_mailing_queue_ids":[],"_links":{"self":[{"href":"https:\/\/agora.xtec.cat\/ceipcastelldecalafell\/wp-json\/wp\/v2\/posts\/2729","targetHints":{"allow":["GET"]}}],"collection":[{"href":"https:\/\/agora.xtec.cat\/ceipcastelldecalafell\/wp-json\/wp\/v2\/posts"}],"about":[{"href":"https:\/\/agora.xtec.cat\/ceipcastelldecalafell\/wp-json\/wp\/v2\/types\/post"}],"author":[{"embeddable":true,"href":"https:\/\/agora.xtec.cat\/ceipcastelldecalafell\/wp-json\/wp\/v2\/users\/1"}],"replies":[{"embeddable":true,"href":"https:\/\/agora.xtec.cat\/ceipcastelldecalafell\/wp-json\/wp\/v2\/comments?post=2729"}],"version-history":[{"count":1,"href":"https:\/\/agora.xtec.cat\/ceipcastelldecalafell\/wp-json\/wp\/v2\/posts\/2729\/revisions"}],"predecessor-version":[{"id":2732,"href":"https:\/\/agora.xtec.cat\/ceipcastelldecalafell\/wp-json\/wp\/v2\/posts\/2729\/revisions\/2732"}],"wp:featuredmedia":[{"embeddable":true,"href":"https:\/\/agora.xtec.cat\/ceipcastelldecalafell\/wp-json\/wp\/v2\/media\/2731"}],"wp:attachment":[{"href":"https:\/\/agora.xtec.cat\/ceipcastelldecalafell\/wp-json\/wp\/v2\/media?parent=2729"}],"wp:term":[{"taxonomy":"category","embeddable":true,"href":"https:\/\/agora.xtec.cat\/ceipcastelldecalafell\/wp-json\/wp\/v2\/categories?post=2729"},{"taxonomy":"post_tag","embeddable":true,"href":"https:\/\/agora.xtec.cat\/ceipcastelldecalafell\/wp-json\/wp\/v2\/tags?post=2729"}],"curies":[{"name":"wp","href":"https:\/\/api.w.org\/{rel}","templated":true}]}}