{"id":2717,"date":"2020-06-02T21:06:23","date_gmt":"2020-06-02T19:06:23","guid":{"rendered":"https:\/\/agora.xtec.cat\/ceipcastelldecalafell\/?p=2717"},"modified":"2020-06-02T21:07:39","modified_gmt":"2020-06-02T19:07:39","slug":"confirmacio-de-placa-curs-2020-2021","status":"publish","type":"post","link":"https:\/\/agora.xtec.cat\/ceipcastelldecalafell\/general\/confirmacio-de-placa-curs-2020-2021\/","title":{"rendered":"Confirmaci\u00f3 de pla\u00e7a curs 2020-2021"},"content":{"rendered":"<p style=\"font-weight: 400; text-align: left;\">Benvolgudes fam\u00edlies,<\/p>\n<p style=\"font-weight: 400; text-align: left;\">Aquest curs la situaci\u00f3 de confinament i limitaci\u00f3 d&#8217;acc\u00e9s de persones als centres educatius fa necessari que <strong><u>l&#8217;actualitzaci\u00f3 de dades i confirmaci\u00f3 de pla\u00e7a es faci de manera no presencial<\/u>.<\/strong><\/p>\n<p style=\"font-weight: 400; text-align: left;\">Les indicacions del departament diuen que el centre educatiu ha d&#8217;obtenir pels mitjans telem\u00e0tics que tingui a la seva disposici\u00f3 la confirmaci\u00f3 de pla\u00e7a per al curs 2020-2021.<\/p>\n<p style=\"font-weight: 400; text-align: left;\">Aix\u00ed doncs,\u00a0 pel que fa\u00a0<strong>als alumnes que continuen escolaritzats en el mateix centre<\/strong>, les fam\u00edlies han de procedir\u00a0 de la seg\u00fcent forma:<\/p>\n<ul style=\"text-align: left;\">\n<li style=\"font-weight: 400;\">La\u00a0<strong>confirmaci\u00f3 de\u00a0<u>la continu\u00eftat al centre es fa de forma autom\u00e0tica<\/u>. No cal comunicar-la al centre de forma expressa.<\/strong><\/li>\n<\/ul>\n<ul style=\"text-align: left;\">\n<li style=\"font-weight: 400;\"><u>\u00danicament\u00a0<strong>s\u2019han de posar en contacte amb el centre les fam\u00edlies que NO confirmen \u00a0la seva continu\u00eftat al centre. Ho hauran de fer abans del 16 de juny<\/strong><\/u><\/li>\n<\/ul>\n<ul style=\"text-align: left;\">\n<li style=\"font-weight: 400;\">Els alumnes cursaran el nivell immediatament superior al cursat al 2019-20 (el alumnes de P3, passen a P4, els de P4 a P5 i successivament, excepte aquells que hagin acordat una retenci\u00f3 amb la tutora).<\/li>\n<\/ul>\n<ul style=\"text-align: left;\">\n<li style=\"font-weight: 400;\"><strong><u>L&#8217;actualitzaci\u00f3 de dades es far\u00e0 entre el juny i el setembre (sereu degudament informats).<\/u><\/strong><\/li>\n<\/ul>\n<p style=\"text-align: left;\">Atentament,<\/p>\n<p style=\"text-align: left;\">La direcci\u00f3<\/p>\n","protected":false},"excerpt":{"rendered":"<p>Benvolgudes fam\u00edlies, Aquest curs la situaci\u00f3 de confinament i limitaci\u00f3 d&#8217;acc\u00e9s de persones als centres educatius fa necessari que l&#8217;actualitzaci\u00f3 [&hellip;]<\/p>\n","protected":false},"author":1,"featured_media":2718,"comment_status":"closed","ping_status":"closed","sticky":false,"template":"","format":"standard","meta":{"_bbp_topic_count":0,"_bbp_reply_count":0,"_bbp_total_topic_count":0,"_bbp_total_reply_count":0,"_bbp_voice_count":0,"_bbp_anonymous_reply_count":0,"_bbp_topic_count_hidden":0,"_bbp_reply_count_hidden":0,"_bbp_forum_subforum_count":0,"site-sidebar-layout":"default","site-content-layout":"","ast-site-content-layout":"","site-content-style":"default","site-sidebar-style":"default","ast-global-header-display":"","ast-banner-title-visibility":"","ast-main-header-display":"","ast-hfb-above-header-display":"","ast-hfb-below-header-display":"","ast-hfb-mobile-header-display":"","site-post-title":"","ast-breadcrumbs-content":"","ast-featured-img":"","footer-sml-layout":"","theme-transparent-header-meta":"","adv-header-id-meta":"","stick-header-meta":"","header-above-stick-meta":"","header-main-stick-meta":"","header-below-stick-meta":"","astra-migrate-meta-layouts":"default","ast-page-background-enabled":"default","ast-page-background-meta":{"desktop":{"background-color":"var(--ast-global-color-4)","background-image":"","background-repeat":"repeat","background-position":"center center","background-size":"auto","background-attachment":"scroll","background-type":"","background-media":"","overlay-type":"","overlay-color":"","overlay-opacity":"","overlay-gradient":""},"tablet":{"background-color":"","background-image":"","background-repeat":"repeat","background-position":"center center","background-size":"auto","background-attachment":"scroll","background-type":"","background-media":"","overlay-type":"","overlay-color":"","overlay-opacity":"","overlay-gradient":""},"mobile":{"background-color":"","background-image":"","background-repeat":"repeat","background-position":"center center","background-size":"auto","background-attachment":"scroll","background-type":"","background-media":"","overlay-type":"","overlay-color":"","overlay-opacity":"","overlay-gradient":""}},"ast-content-background-meta":{"desktop":{"background-color":"var(--ast-global-color-5)","background-image":"","background-repeat":"repeat","background-position":"center center","background-size":"auto","background-attachment":"scroll","background-type":"","background-media":"","overlay-type":"","overlay-color":"","overlay-opacity":"","overlay-gradient":""},"tablet":{"background-color":"var(--ast-global-color-5)","background-image":"","background-repeat":"repeat","background-position":"center center","background-size":"auto","background-attachment":"scroll","background-type":"","background-media":"","overlay-type":"","overlay-color":"","overlay-opacity":"","overlay-gradient":""},"mobile":{"background-color":"var(--ast-global-color-5)","background-image":"","background-repeat":"repeat","background-position":"center center","background-size":"auto","background-attachment":"scroll","background-type":"","background-media":"","overlay-type":"","overlay-color":"","overlay-opacity":"","overlay-gradient":""}},"footnotes":""},"categories":[1],"tags":[],"class_list":["post-2717","post","type-post","status-publish","format-standard","has-post-thumbnail","hentry","category-general"],"post_mailing_queue_ids":[],"_links":{"self":[{"href":"https:\/\/agora.xtec.cat\/ceipcastelldecalafell\/wp-json\/wp\/v2\/posts\/2717","targetHints":{"allow":["GET"]}}],"collection":[{"href":"https:\/\/agora.xtec.cat\/ceipcastelldecalafell\/wp-json\/wp\/v2\/posts"}],"about":[{"href":"https:\/\/agora.xtec.cat\/ceipcastelldecalafell\/wp-json\/wp\/v2\/types\/post"}],"author":[{"embeddable":true,"href":"https:\/\/agora.xtec.cat\/ceipcastelldecalafell\/wp-json\/wp\/v2\/users\/1"}],"replies":[{"embeddable":true,"href":"https:\/\/agora.xtec.cat\/ceipcastelldecalafell\/wp-json\/wp\/v2\/comments?post=2717"}],"version-history":[{"count":2,"href":"https:\/\/agora.xtec.cat\/ceipcastelldecalafell\/wp-json\/wp\/v2\/posts\/2717\/revisions"}],"predecessor-version":[{"id":2720,"href":"https:\/\/agora.xtec.cat\/ceipcastelldecalafell\/wp-json\/wp\/v2\/posts\/2717\/revisions\/2720"}],"wp:featuredmedia":[{"embeddable":true,"href":"https:\/\/agora.xtec.cat\/ceipcastelldecalafell\/wp-json\/wp\/v2\/media\/2718"}],"wp:attachment":[{"href":"https:\/\/agora.xtec.cat\/ceipcastelldecalafell\/wp-json\/wp\/v2\/media?parent=2717"}],"wp:term":[{"taxonomy":"category","embeddable":true,"href":"https:\/\/agora.xtec.cat\/ceipcastelldecalafell\/wp-json\/wp\/v2\/categories?post=2717"},{"taxonomy":"post_tag","embeddable":true,"href":"https:\/\/agora.xtec.cat\/ceipcastelldecalafell\/wp-json\/wp\/v2\/tags?post=2717"}],"curies":[{"name":"wp","href":"https:\/\/api.w.org\/{rel}","templated":true}]}}