{"id":2693,"date":"2020-05-11T20:46:39","date_gmt":"2020-05-11T18:46:39","guid":{"rendered":"https:\/\/agora.xtec.cat\/ceipcastelldecalafell\/?p=2693"},"modified":"2020-05-12T08:48:31","modified_gmt":"2020-05-12T06:48:31","slug":"jornada-de-portes-obertes-virtuals","status":"publish","type":"post","link":"https:\/\/agora.xtec.cat\/ceipcastelldecalafell\/general\/jornada-de-portes-obertes-virtuals\/","title":{"rendered":"Jornada de Portes Obertes virtuals"},"content":{"rendered":"<p>Benvolgudes fam\u00edlies,<\/p>\n<p>Com ja sabeu les jornades de portes obertes, programades pel dissabte 21 de mar\u00e7, van quedar anul\u00b7lades per motius relacionats amb la pand\u00e8mia del CoVID-19 que estem vivint. Us oferim, ara, la possibilitat de visitar la nostra escola de manera virutal.<\/p>\n<p>Us hi endinseu? Si es aix\u00ed nom\u00e9s has d&#8217;anar entrant als enlla\u00e7os seg\u00fcents per saber com funciona la nostra escola, esperem que us agradi!<\/p>\n<p><strong>1. Introducci\u00f3:<\/strong> <span style=\"text-decoration: underline;\"><a href=\"https:\/\/drive.google.com\/open?id=1CWu4gSlfhR7ppwXiecgepEYnTl4j8pw_\" target=\"_blank\" rel=\"noopener noreferrer\">Tota la informaci\u00f3 &gt;&gt;<\/a><\/span><\/p>\n<p><strong>2. Projecte Educatiu de Centre:\u00a0<\/strong><span style=\"text-decoration: underline;\"><a href=\"https:\/\/drive.google.com\/open?id=1aGVMtQK3o5gCcvb2MSf96f2bG3xoDJis\" target=\"_blank\" rel=\"noopener noreferrer\">Tota la informaci\u00f3 &gt;&gt;<\/a><\/span><\/p>\n<p><strong>3. Organitzaci\u00f3 i metodologies:\u00a0<\/strong><span style=\"text-decoration: underline;\"><a href=\"https:\/\/drive.google.com\/open?id=1B7Z4JSd0xSNzfMAjxAiLyYoGAsK1-_UM\" target=\"_blank\" rel=\"noopener noreferrer\">Tota la informaci\u00f3 &gt;&gt;<\/a><\/span><\/p>\n<p><strong>4. Tr\u00edptic Jornada Portes Obertes 2020-2021:<\/strong> <span style=\"text-decoration: underline;\"><a href=\"https:\/\/drive.google.com\/open?id=1pGXnO4kBK-LvSnNEtos9DSrCGwK-fCnD\" target=\"_blank\" rel=\"noopener noreferrer\">Tota la informaci\u00f3 &gt;&gt;<\/a><\/span><\/p>\n<p><strong>5. Les nostres comunitats:\u00a0<\/strong><span style=\"text-decoration: underline;\"><a href=\"https:\/\/drive.google.com\/open?id=1G3Is8c2VTaZ1a0cgH5gvqZW4eLHkCwwC\" target=\"_blank\" rel=\"noopener noreferrer\">Tota la informaci\u00f3 &gt;&gt;<\/a><\/span><\/p>\n<p><strong>5. Comunitat de Petits: <\/strong><span style=\"text-decoration: underline;\"><a href=\"https:\/\/drive.google.com\/open?id=1qURuItEDtz1TdgILuL-Q33JvHJql0cft\" target=\"_blank\" rel=\"noopener noreferrer\">Tota la informaci\u00f3 &gt;&gt;<\/a><\/span><\/p>\n<p><strong>6. Comunitat de Mitjans:\u00a0<span style=\"text-decoration: underline;\"><a href=\"https:\/\/drive.google.com\/open?id=1j0zu283Nde-SXXhcTScRut9IjufRSgtl\" target=\"_blank\" rel=\"noopener noreferrer\">Tota la informaci\u00f3 &gt;&gt;<\/a><\/span><\/strong><\/p>\n<p><strong>7. Comunitat de Grans:\u00a0<\/strong><span style=\"text-decoration: underline;\"><a href=\"https:\/\/drive.google.com\/open?id=1ZzGpe2Bn1PN8yoi4_-FiG0jPhmLJtFc9\" target=\"_blank\" rel=\"noopener noreferrer\">Tota la informaci\u00f3 &gt;&gt;<\/a><\/span><\/p>\n<p><strong>8. Portes Obertes Virtuals Institut Cam\u00ed del Mar:\u00a0<\/strong><span style=\"text-decoration: underline;\"><a href=\"https:\/\/drive.google.com\/open?id=1Rke643N58HMRX2px2KLAbi6cQVVuQhW4\" target=\"_blank\" rel=\"noopener noreferrer\">Tota la informaci\u00f3 &gt;&gt;<\/a><\/span><\/p>\n<p><a href=\"https:\/\/agora.xtec.cat\/ceipcastelldecalafell\/wp-content\/uploads\/usu310\/2020\/05\/NoticiapPortesObertes16-230x230-1.png\"><img loading=\"lazy\" decoding=\"async\" class=\"aligncenter wp-image-2701\" src=\"https:\/\/agora.xtec.cat\/ceipcastelldecalafell\/wp-content\/uploads\/usu310\/2020\/05\/NoticiapPortesObertes16-230x230-1.png\" alt=\"\" width=\"402\" height=\"402\" srcset=\"https:\/\/agora.xtec.cat\/ceipcastelldecalafell\/wp-content\/uploads\/usu310\/2020\/05\/NoticiapPortesObertes16-230x230-1.png 230w, https:\/\/agora.xtec.cat\/ceipcastelldecalafell\/wp-content\/uploads\/usu310\/2020\/05\/NoticiapPortesObertes16-230x230-1-150x150.png 150w\" sizes=\"auto, (max-width: 402px) 100vw, 402px\" \/><\/a><\/p>\n","protected":false},"excerpt":{"rendered":"<p>Benvolgudes fam\u00edlies, Com ja sabeu les jornades de portes obertes, programades pel dissabte 21 de mar\u00e7, van quedar anul\u00b7lades per [&hellip;]<\/p>\n","protected":false},"author":1,"featured_media":2695,"comment_status":"closed","ping_status":"closed","sticky":false,"template":"","format":"standard","meta":{"_bbp_topic_count":0,"_bbp_reply_count":0,"_bbp_total_topic_count":0,"_bbp_total_reply_count":0,"_bbp_voice_count":0,"_bbp_anonymous_reply_count":0,"_bbp_topic_count_hidden":0,"_bbp_reply_count_hidden":0,"_bbp_forum_subforum_count":0,"site-sidebar-layout":"default","site-content-layout":"","ast-site-content-layout":"","site-content-style":"default","site-sidebar-style":"default","ast-global-header-display":"","ast-banner-title-visibility":"","ast-main-header-display":"","ast-hfb-above-header-display":"","ast-hfb-below-header-display":"","ast-hfb-mobile-header-display":"","site-post-title":"","ast-breadcrumbs-content":"","ast-featured-img":"","footer-sml-layout":"","theme-transparent-header-meta":"","adv-header-id-meta":"","stick-header-meta":"","header-above-stick-meta":"","header-main-stick-meta":"","header-below-stick-meta":"","astra-migrate-meta-layouts":"default","ast-page-background-enabled":"default","ast-page-background-meta":{"desktop":{"background-color":"var(--ast-global-color-4)","background-image":"","background-repeat":"repeat","background-position":"center center","background-size":"auto","background-attachment":"scroll","background-type":"","background-media":"","overlay-type":"","overlay-color":"","overlay-opacity":"","overlay-gradient":""},"tablet":{"background-color":"","background-image":"","background-repeat":"repeat","background-position":"center center","background-size":"auto","background-attachment":"scroll","background-type":"","background-media":"","overlay-type":"","overlay-color":"","overlay-opacity":"","overlay-gradient":""},"mobile":{"background-color":"","background-image":"","background-repeat":"repeat","background-position":"center center","background-size":"auto","background-attachment":"scroll","background-type":"","background-media":"","overlay-type":"","overlay-color":"","overlay-opacity":"","overlay-gradient":""}},"ast-content-background-meta":{"desktop":{"background-color":"var(--ast-global-color-5)","background-image":"","background-repeat":"repeat","background-position":"center center","background-size":"auto","background-attachment":"scroll","background-type":"","background-media":"","overlay-type":"","overlay-color":"","overlay-opacity":"","overlay-gradient":""},"tablet":{"background-color":"var(--ast-global-color-5)","background-image":"","background-repeat":"repeat","background-position":"center center","background-size":"auto","background-attachment":"scroll","background-type":"","background-media":"","overlay-type":"","overlay-color":"","overlay-opacity":"","overlay-gradient":""},"mobile":{"background-color":"var(--ast-global-color-5)","background-image":"","background-repeat":"repeat","background-position":"center center","background-size":"auto","background-attachment":"scroll","background-type":"","background-media":"","overlay-type":"","overlay-color":"","overlay-opacity":"","overlay-gradient":""}},"footnotes":""},"categories":[1],"tags":[],"class_list":["post-2693","post","type-post","status-publish","format-standard","has-post-thumbnail","hentry","category-general"],"post_mailing_queue_ids":[],"_links":{"self":[{"href":"https:\/\/agora.xtec.cat\/ceipcastelldecalafell\/wp-json\/wp\/v2\/posts\/2693","targetHints":{"allow":["GET"]}}],"collection":[{"href":"https:\/\/agora.xtec.cat\/ceipcastelldecalafell\/wp-json\/wp\/v2\/posts"}],"about":[{"href":"https:\/\/agora.xtec.cat\/ceipcastelldecalafell\/wp-json\/wp\/v2\/types\/post"}],"author":[{"embeddable":true,"href":"https:\/\/agora.xtec.cat\/ceipcastelldecalafell\/wp-json\/wp\/v2\/users\/1"}],"replies":[{"embeddable":true,"href":"https:\/\/agora.xtec.cat\/ceipcastelldecalafell\/wp-json\/wp\/v2\/comments?post=2693"}],"version-history":[{"count":2,"href":"https:\/\/agora.xtec.cat\/ceipcastelldecalafell\/wp-json\/wp\/v2\/posts\/2693\/revisions"}],"predecessor-version":[{"id":2706,"href":"https:\/\/agora.xtec.cat\/ceipcastelldecalafell\/wp-json\/wp\/v2\/posts\/2693\/revisions\/2706"}],"wp:featuredmedia":[{"embeddable":true,"href":"https:\/\/agora.xtec.cat\/ceipcastelldecalafell\/wp-json\/wp\/v2\/media\/2695"}],"wp:attachment":[{"href":"https:\/\/agora.xtec.cat\/ceipcastelldecalafell\/wp-json\/wp\/v2\/media?parent=2693"}],"wp:term":[{"taxonomy":"category","embeddable":true,"href":"https:\/\/agora.xtec.cat\/ceipcastelldecalafell\/wp-json\/wp\/v2\/categories?post=2693"},{"taxonomy":"post_tag","embeddable":true,"href":"https:\/\/agora.xtec.cat\/ceipcastelldecalafell\/wp-json\/wp\/v2\/tags?post=2693"}],"curies":[{"name":"wp","href":"https:\/\/api.w.org\/{rel}","templated":true}]}}