{"id":2201,"date":"2019-09-26T15:57:16","date_gmt":"2019-09-26T13:57:16","guid":{"rendered":"http:\/\/agora.xtec.cat\/ceipcastelldecalafell\/?p=2201"},"modified":"2019-12-23T11:49:02","modified_gmt":"2019-12-23T10:49:02","slug":"club-de-lectura-infantil","status":"publish","type":"post","link":"https:\/\/agora.xtec.cat\/ceipcastelldecalafell\/general\/club-de-lectura-infantil\/","title":{"rendered":"Club de lectura infantil"},"content":{"rendered":"<p>Benvolgudes fam\u00edlies,<\/p>\n<p>Us adjuntem el cartell amb els quatre clubs de lectura infantil organitzats per la biblioteca de Calafell que comencen aquesta tardor:<\/p>\n<p>Ratolins, adre\u00e7at a nens de P4, P5 i 1r acompanyats dels pares. Llegim \u00e0lbums il\u00b7lustrats.<br \/>\nGuineus, adre\u00e7at a nens de 2n. Llegim en veu alta per torns i fem activitats relacionades amb la lectura.<br \/>\nSardines, adre\u00e7at a nens de 3r i 4t. Fem una selecci\u00f3 de llibres de diferents estils, formats i tem\u00e0tica i cada trobada en trien un per endur a casa i la seg\u00fcent trobada parlem de les lectures que han fet i en trien una de nova.<br \/>\nPops, adre\u00e7at a nens de 5\u00e8 i 6\u00e8. Llegim obres de qualitat adre\u00e7ades a nens d\u00b4aquesta franja d\u00b4edat. A cada trobada pactem quants cap\u00edtols llegirem a casa i despr\u00e9s haurem de resoldre uns reptes de lectura sobre el que hem llegit.<\/p>\n<p>Les sessions s\u00f3n quinzenals i es realitzaran els dimecres a la\u00a0<span class=\"il\">Biblioteca<\/span>\u00a0Ventura Gassol.<br \/>\nLes places s\u00f3n limitades i les inscripcions es fan a la\u00a0<span class=\"il\">biblioteca<\/span>\u00a0Ventura Gassol o b\u00e9 enviant un correu a [ mailto:<a href=\"mailto:biblioteca@calafell.org\" target=\"_blank\" rel=\"noopener noreferrer\"><span class=\"il\">biblioteca<\/span>@calafell.org<\/a>\u00a0|\u00a0<a href=\"mailto:biblioteca@calafell.org\" target=\"_blank\" rel=\"noopener noreferrer\"><span class=\"il\">biblioteca<\/span>@calafell.org<\/a>\u00a0] .<\/p>\n<p>Esperem que gaudiu molt!!!<\/p>\n<p><a href=\"https:\/\/agora.xtec.cat\/ceipcastelldecalafell\/wp-content\/uploads\/usu310\/2019\/09\/clubs-lectura-infantils-dina4.jpg\"><img loading=\"lazy\" decoding=\"async\" class=\"aligncenter size-medium wp-image-2202\" src=\"https:\/\/agora.xtec.cat\/ceipcastelldecalafell\/wp-content\/uploads\/usu310\/2019\/09\/clubs-lectura-infantils-dina4-212x300.jpg\" alt=\"\" width=\"212\" height=\"300\" srcset=\"https:\/\/agora.xtec.cat\/ceipcastelldecalafell\/wp-content\/uploads\/usu310\/2019\/09\/clubs-lectura-infantils-dina4-212x300.jpg 212w, https:\/\/agora.xtec.cat\/ceipcastelldecalafell\/wp-content\/uploads\/usu310\/2019\/09\/clubs-lectura-infantils-dina4-768x1086.jpg 768w, https:\/\/agora.xtec.cat\/ceipcastelldecalafell\/wp-content\/uploads\/usu310\/2019\/09\/clubs-lectura-infantils-dina4-724x1024.jpg 724w, https:\/\/agora.xtec.cat\/ceipcastelldecalafell\/wp-content\/uploads\/usu310\/2019\/09\/clubs-lectura-infantils-dina4.jpg 1240w\" sizes=\"auto, (max-width: 212px) 100vw, 212px\" \/><\/a><\/p>\n","protected":false},"excerpt":{"rendered":"<p>Benvolgudes fam\u00edlies, Us adjuntem el cartell amb els quatre clubs de lectura infantil organitzats per la biblioteca de Calafell que [&hellip;]<\/p>\n","protected":false},"author":1,"featured_media":2374,"comment_status":"closed","ping_status":"closed","sticky":false,"template":"","format":"standard","meta":{"_bbp_topic_count":0,"_bbp_reply_count":0,"_bbp_total_topic_count":0,"_bbp_total_reply_count":0,"_bbp_voice_count":0,"_bbp_anonymous_reply_count":0,"_bbp_topic_count_hidden":0,"_bbp_reply_count_hidden":0,"_bbp_forum_subforum_count":0,"site-sidebar-layout":"default","site-content-layout":"","ast-site-content-layout":"","site-content-style":"default","site-sidebar-style":"default","ast-global-header-display":"","ast-banner-title-visibility":"","ast-main-header-display":"","ast-hfb-above-header-display":"","ast-hfb-below-header-display":"","ast-hfb-mobile-header-display":"","site-post-title":"","ast-breadcrumbs-content":"","ast-featured-img":"","footer-sml-layout":"","theme-transparent-header-meta":"","adv-header-id-meta":"","stick-header-meta":"","header-above-stick-meta":"","header-main-stick-meta":"","header-below-stick-meta":"","astra-migrate-meta-layouts":"default","ast-page-background-enabled":"default","ast-page-background-meta":{"desktop":{"background-color":"var(--ast-global-color-4)","background-image":"","background-repeat":"repeat","background-position":"center center","background-size":"auto","background-attachment":"scroll","background-type":"","background-media":"","overlay-type":"","overlay-color":"","overlay-opacity":"","overlay-gradient":""},"tablet":{"background-color":"","background-image":"","background-repeat":"repeat","background-position":"center center","background-size":"auto","background-attachment":"scroll","background-type":"","background-media":"","overlay-type":"","overlay-color":"","overlay-opacity":"","overlay-gradient":""},"mobile":{"background-color":"","background-image":"","background-repeat":"repeat","background-position":"center center","background-size":"auto","background-attachment":"scroll","background-type":"","background-media":"","overlay-type":"","overlay-color":"","overlay-opacity":"","overlay-gradient":""}},"ast-content-background-meta":{"desktop":{"background-color":"var(--ast-global-color-5)","background-image":"","background-repeat":"repeat","background-position":"center center","background-size":"auto","background-attachment":"scroll","background-type":"","background-media":"","overlay-type":"","overlay-color":"","overlay-opacity":"","overlay-gradient":""},"tablet":{"background-color":"var(--ast-global-color-5)","background-image":"","background-repeat":"repeat","background-position":"center center","background-size":"auto","background-attachment":"scroll","background-type":"","background-media":"","overlay-type":"","overlay-color":"","overlay-opacity":"","overlay-gradient":""},"mobile":{"background-color":"var(--ast-global-color-5)","background-image":"","background-repeat":"repeat","background-position":"center center","background-size":"auto","background-attachment":"scroll","background-type":"","background-media":"","overlay-type":"","overlay-color":"","overlay-opacity":"","overlay-gradient":""}},"footnotes":""},"categories":[1,75,73,74],"tags":[],"class_list":["post-2201","post","type-post","status-publish","format-standard","has-post-thumbnail","hentry","category-general","category-grans","category-mitjans","category-petits"],"post_mailing_queue_ids":[],"_links":{"self":[{"href":"https:\/\/agora.xtec.cat\/ceipcastelldecalafell\/wp-json\/wp\/v2\/posts\/2201","targetHints":{"allow":["GET"]}}],"collection":[{"href":"https:\/\/agora.xtec.cat\/ceipcastelldecalafell\/wp-json\/wp\/v2\/posts"}],"about":[{"href":"https:\/\/agora.xtec.cat\/ceipcastelldecalafell\/wp-json\/wp\/v2\/types\/post"}],"author":[{"embeddable":true,"href":"https:\/\/agora.xtec.cat\/ceipcastelldecalafell\/wp-json\/wp\/v2\/users\/1"}],"replies":[{"embeddable":true,"href":"https:\/\/agora.xtec.cat\/ceipcastelldecalafell\/wp-json\/wp\/v2\/comments?post=2201"}],"version-history":[{"count":3,"href":"https:\/\/agora.xtec.cat\/ceipcastelldecalafell\/wp-json\/wp\/v2\/posts\/2201\/revisions"}],"predecessor-version":[{"id":2418,"href":"https:\/\/agora.xtec.cat\/ceipcastelldecalafell\/wp-json\/wp\/v2\/posts\/2201\/revisions\/2418"}],"wp:featuredmedia":[{"embeddable":true,"href":"https:\/\/agora.xtec.cat\/ceipcastelldecalafell\/wp-json\/wp\/v2\/media\/2374"}],"wp:attachment":[{"href":"https:\/\/agora.xtec.cat\/ceipcastelldecalafell\/wp-json\/wp\/v2\/media?parent=2201"}],"wp:term":[{"taxonomy":"category","embeddable":true,"href":"https:\/\/agora.xtec.cat\/ceipcastelldecalafell\/wp-json\/wp\/v2\/categories?post=2201"},{"taxonomy":"post_tag","embeddable":true,"href":"https:\/\/agora.xtec.cat\/ceipcastelldecalafell\/wp-json\/wp\/v2\/tags?post=2201"}],"curies":[{"name":"wp","href":"https:\/\/api.w.org\/{rel}","templated":true}]}}