{"id":2155,"date":"2019-05-13T15:57:48","date_gmt":"2019-05-13T13:57:48","guid":{"rendered":"http:\/\/agora.xtec.cat\/ceipcastelldecalafell\/?p=2155"},"modified":"2019-12-23T11:44:35","modified_gmt":"2019-12-23T10:44:35","slug":"sant-jordi-2","status":"publish","type":"post","link":"https:\/\/agora.xtec.cat\/ceipcastelldecalafell\/general\/sant-jordi-2\/","title":{"rendered":"Diada de Sant Jordi"},"content":{"rendered":"<p><a href=\"https:\/\/agora.xtec.cat\/ceipcastelldecalafell\/wp-content\/uploads\/usu310\/2019\/04\/20190425_130841.jpg\"><img loading=\"lazy\" decoding=\"async\" class=\"aligncenter size-medium wp-image-2140\" src=\"https:\/\/agora.xtec.cat\/ceipcastelldecalafell\/wp-content\/uploads\/usu310\/2019\/04\/20190425_130841-169x300.jpg\" alt=\"\" width=\"169\" height=\"300\" srcset=\"https:\/\/agora.xtec.cat\/ceipcastelldecalafell\/wp-content\/uploads\/usu310\/2019\/04\/20190425_130841-169x300.jpg 169w, https:\/\/agora.xtec.cat\/ceipcastelldecalafell\/wp-content\/uploads\/usu310\/2019\/04\/20190425_130841.jpg 360w\" sizes=\"auto, (max-width: 169px) 100vw, 169px\" \/><\/a><\/p>\n<p>El dia 23 d&#8217;abril vam celebrar la diada de Sant Jordi.<\/p>\n<p>Podeu veure la revista amb els guanyadors\/es del concurs de dibuix, punts de llibre i text literari.\u00a0<a href=\"https:\/\/drive.google.com\/file\/d\/0Bwq5Tz0dAEX6ZERqVXQzSnBoZVlFWUZvaTRaWENmMGI5MnVJ\/view?usp=sharing\" target=\"_blank\" rel=\"noopener noreferrer\">Tota la informaci\u00f3 &gt;&gt;<\/a><\/p>\n<p>Aqu\u00ed tamb\u00e9 podeu veure els v\u00eddeos:<\/p>\n<p>Recull videogr\u00e0fic Comunitat de Petits: <a href=\"https:\/\/drive.google.com\/file\/d\/1dmWYhXICxQzF2d5mo_tT6EciiXnh0qK7\/view?usp=sharing\" target=\"_blank\" rel=\"noopener noreferrer\">Tota la informaci\u00f3 &gt;&gt;<\/a><\/p>\n<p>Recull videogr\u00e0fic Comunitat de Mittens: <a href=\"https:\/\/drive.google.com\/file\/d\/1610H_Cq0y_YUu11jhaheUJ0pGYQiu6cs\/view?usp=sharing\" target=\"_blank\" rel=\"noopener noreferrer\">Tota la informaci\u00f3 &gt;&gt;<\/a><\/p>\n<p>Recull videogr\u00e0fic 4t: <a href=\"https:\/\/drive.google.com\/file\/d\/1fyYhfVTAE5sK-IwsXtlOY2sDUxhUEFh6\/view?usp=sharing\" target=\"_blank\" rel=\"noopener noreferrer\">Tota la informaci\u00f3 &gt;&gt;<\/a><\/p>\n<p>Recull videogr\u00e0fic 5\u00e8:\u00a0<a href=\"https:\/\/drive.google.com\/file\/d\/1UJVvnIjuskjmfRNa4Xg_ZfVCJhZV_b_P\/view?usp=sharing\" target=\"_blank\" rel=\"noopener noreferrer\">Tota la informaci\u00f3 &gt;&gt;<\/a><\/p>\n<p>Recull videogr\u00e0fic 6\u00e8: <a href=\"https:\/\/drive.google.com\/file\/d\/1sNrat1SJEy8-9_t3HkOOA_ZYle5i2Pw2\/view?usp=sharing\" target=\"_blank\" rel=\"noopener noreferrer\">Tota la informaci\u00f3 &gt;&gt;<\/a><\/p>\n","protected":false},"excerpt":{"rendered":"<p>El dia 23 d&#8217;abril vam celebrar la diada de Sant Jordi. Podeu veure la revista amb els guanyadors\/es del concurs [&hellip;]<\/p>\n","protected":false},"author":1,"featured_media":2140,"comment_status":"closed","ping_status":"closed","sticky":false,"template":"","format":"standard","meta":{"_bbp_topic_count":0,"_bbp_reply_count":0,"_bbp_total_topic_count":0,"_bbp_total_reply_count":0,"_bbp_voice_count":0,"_bbp_anonymous_reply_count":0,"_bbp_topic_count_hidden":0,"_bbp_reply_count_hidden":0,"_bbp_forum_subforum_count":0,"site-sidebar-layout":"default","site-content-layout":"","ast-site-content-layout":"","site-content-style":"default","site-sidebar-style":"default","ast-global-header-display":"","ast-banner-title-visibility":"","ast-main-header-display":"","ast-hfb-above-header-display":"","ast-hfb-below-header-display":"","ast-hfb-mobile-header-display":"","site-post-title":"","ast-breadcrumbs-content":"","ast-featured-img":"","footer-sml-layout":"","theme-transparent-header-meta":"","adv-header-id-meta":"","stick-header-meta":"","header-above-stick-meta":"","header-main-stick-meta":"","header-below-stick-meta":"","astra-migrate-meta-layouts":"default","ast-page-background-enabled":"default","ast-page-background-meta":{"desktop":{"background-color":"var(--ast-global-color-4)","background-image":"","background-repeat":"repeat","background-position":"center center","background-size":"auto","background-attachment":"scroll","background-type":"","background-media":"","overlay-type":"","overlay-color":"","overlay-opacity":"","overlay-gradient":""},"tablet":{"background-color":"","background-image":"","background-repeat":"repeat","background-position":"center center","background-size":"auto","background-attachment":"scroll","background-type":"","background-media":"","overlay-type":"","overlay-color":"","overlay-opacity":"","overlay-gradient":""},"mobile":{"background-color":"","background-image":"","background-repeat":"repeat","background-position":"center center","background-size":"auto","background-attachment":"scroll","background-type":"","background-media":"","overlay-type":"","overlay-color":"","overlay-opacity":"","overlay-gradient":""}},"ast-content-background-meta":{"desktop":{"background-color":"var(--ast-global-color-5)","background-image":"","background-repeat":"repeat","background-position":"center center","background-size":"auto","background-attachment":"scroll","background-type":"","background-media":"","overlay-type":"","overlay-color":"","overlay-opacity":"","overlay-gradient":""},"tablet":{"background-color":"var(--ast-global-color-5)","background-image":"","background-repeat":"repeat","background-position":"center center","background-size":"auto","background-attachment":"scroll","background-type":"","background-media":"","overlay-type":"","overlay-color":"","overlay-opacity":"","overlay-gradient":""},"mobile":{"background-color":"var(--ast-global-color-5)","background-image":"","background-repeat":"repeat","background-position":"center center","background-size":"auto","background-attachment":"scroll","background-type":"","background-media":"","overlay-type":"","overlay-color":"","overlay-opacity":"","overlay-gradient":""}},"footnotes":""},"categories":[1,75,73,74],"tags":[],"class_list":["post-2155","post","type-post","status-publish","format-standard","has-post-thumbnail","hentry","category-general","category-grans","category-mitjans","category-petits"],"post_mailing_queue_ids":[],"_links":{"self":[{"href":"https:\/\/agora.xtec.cat\/ceipcastelldecalafell\/wp-json\/wp\/v2\/posts\/2155","targetHints":{"allow":["GET"]}}],"collection":[{"href":"https:\/\/agora.xtec.cat\/ceipcastelldecalafell\/wp-json\/wp\/v2\/posts"}],"about":[{"href":"https:\/\/agora.xtec.cat\/ceipcastelldecalafell\/wp-json\/wp\/v2\/types\/post"}],"author":[{"embeddable":true,"href":"https:\/\/agora.xtec.cat\/ceipcastelldecalafell\/wp-json\/wp\/v2\/users\/1"}],"replies":[{"embeddable":true,"href":"https:\/\/agora.xtec.cat\/ceipcastelldecalafell\/wp-json\/wp\/v2\/comments?post=2155"}],"version-history":[{"count":3,"href":"https:\/\/agora.xtec.cat\/ceipcastelldecalafell\/wp-json\/wp\/v2\/posts\/2155\/revisions"}],"predecessor-version":[{"id":2415,"href":"https:\/\/agora.xtec.cat\/ceipcastelldecalafell\/wp-json\/wp\/v2\/posts\/2155\/revisions\/2415"}],"wp:featuredmedia":[{"embeddable":true,"href":"https:\/\/agora.xtec.cat\/ceipcastelldecalafell\/wp-json\/wp\/v2\/media\/2140"}],"wp:attachment":[{"href":"https:\/\/agora.xtec.cat\/ceipcastelldecalafell\/wp-json\/wp\/v2\/media?parent=2155"}],"wp:term":[{"taxonomy":"category","embeddable":true,"href":"https:\/\/agora.xtec.cat\/ceipcastelldecalafell\/wp-json\/wp\/v2\/categories?post=2155"},{"taxonomy":"post_tag","embeddable":true,"href":"https:\/\/agora.xtec.cat\/ceipcastelldecalafell\/wp-json\/wp\/v2\/tags?post=2155"}],"curies":[{"name":"wp","href":"https:\/\/api.w.org\/{rel}","templated":true}]}}