{"id":2133,"date":"2019-03-19T17:46:36","date_gmt":"2019-03-19T16:46:36","guid":{"rendered":"http:\/\/agora.xtec.cat\/ceipcastelldecalafell\/?p=2133"},"modified":"2019-12-23T11:48:12","modified_gmt":"2019-12-23T10:48:12","slug":"voleu-coneixer-lescola","status":"publish","type":"post","link":"https:\/\/agora.xtec.cat\/ceipcastelldecalafell\/general\/voleu-coneixer-lescola\/","title":{"rendered":"Preinscripci\u00f3 19-20. Voleu con\u00e8ixer l&#8217;escola?"},"content":{"rendered":"<p>A l&#8217;apartat de documents de centre trobareu tota la informaci\u00f3 que necessiteu per fer la preinscripci\u00f3 del curs 19-20. <a href=\"https:\/\/drive.google.com\/drive\/folders\/1cL4D8s6a9-uxsgLXxjplOjtjNrIF3TAy?usp=sharing\" target=\"_blank\" rel=\"noopener noreferrer\">Tota la informaci\u00f3 &gt;&gt;<\/a><\/p>\n<p>Aqu\u00ed teniu un v\u00eddeo dissenyat, editat i gravat per unes alumnes de cinqu\u00e8 que l&#8217;han fet seguint una capsa d&#8217;aprenentatge. Elles us mostren com treballem a l&#8217;escola&#8230;<\/p>\n<p>I si ens voleu venir a visitar en hores lectives, truqueu i\/o envieu un correu electr\u00f2nic i concretarem una data.<\/p>\n<p><strong>Tel\u00e8fon<\/strong>: 977694120<\/p>\n<p><strong>Correu electr\u00f2nic<\/strong>: e3009898@xtec.cat<\/p>\n<p><a href=\"https:\/\/drive.google.com\/file\/d\/1nCcRPHUxp3xvEaHeqt4Zm482rYFZ7PfM\/view?usp=sharing\" target=\"_blank\" rel=\"noopener noreferrer\">V\u00eddeo Escola Castell de Calafell &gt;&gt;<\/a><a href=\"https:\/\/agora.xtec.cat\/ceipcastelldecalafell\/wp-content\/uploads\/usu310\/2019\/03\/IMG_1910.jpg\"><img loading=\"lazy\" decoding=\"async\" class=\"aligncenter size-medium wp-image-2134\" src=\"https:\/\/agora.xtec.cat\/ceipcastelldecalafell\/wp-content\/uploads\/usu310\/2019\/03\/IMG_1910-300x225.jpg\" alt=\"\" width=\"300\" height=\"225\" srcset=\"https:\/\/agora.xtec.cat\/ceipcastelldecalafell\/wp-content\/uploads\/usu310\/2019\/03\/IMG_1910-300x225.jpg 300w, https:\/\/agora.xtec.cat\/ceipcastelldecalafell\/wp-content\/uploads\/usu310\/2019\/03\/IMG_1910-200x150.jpg 200w, https:\/\/agora.xtec.cat\/ceipcastelldecalafell\/wp-content\/uploads\/usu310\/2019\/03\/IMG_1910.jpg 640w\" sizes=\"auto, (max-width: 300px) 100vw, 300px\" \/><\/a><\/p>\n","protected":false},"excerpt":{"rendered":"<p>A l&#8217;apartat de documents de centre trobareu tota la informaci\u00f3 que necessiteu per fer la preinscripci\u00f3 del curs 19-20. Tota [&hellip;]<\/p>\n","protected":false},"author":1,"featured_media":2134,"comment_status":"closed","ping_status":"closed","sticky":false,"template":"","format":"standard","meta":{"_bbp_topic_count":0,"_bbp_reply_count":0,"_bbp_total_topic_count":0,"_bbp_total_reply_count":0,"_bbp_voice_count":0,"_bbp_anonymous_reply_count":0,"_bbp_topic_count_hidden":0,"_bbp_reply_count_hidden":0,"_bbp_forum_subforum_count":0,"site-sidebar-layout":"default","site-content-layout":"","ast-site-content-layout":"","site-content-style":"default","site-sidebar-style":"default","ast-global-header-display":"","ast-banner-title-visibility":"","ast-main-header-display":"","ast-hfb-above-header-display":"","ast-hfb-below-header-display":"","ast-hfb-mobile-header-display":"","site-post-title":"","ast-breadcrumbs-content":"","ast-featured-img":"","footer-sml-layout":"","theme-transparent-header-meta":"","adv-header-id-meta":"","stick-header-meta":"","header-above-stick-meta":"","header-main-stick-meta":"","header-below-stick-meta":"","astra-migrate-meta-layouts":"default","ast-page-background-enabled":"default","ast-page-background-meta":{"desktop":{"background-color":"var(--ast-global-color-4)","background-image":"","background-repeat":"repeat","background-position":"center center","background-size":"auto","background-attachment":"scroll","background-type":"","background-media":"","overlay-type":"","overlay-color":"","overlay-opacity":"","overlay-gradient":""},"tablet":{"background-color":"","background-image":"","background-repeat":"repeat","background-position":"center center","background-size":"auto","background-attachment":"scroll","background-type":"","background-media":"","overlay-type":"","overlay-color":"","overlay-opacity":"","overlay-gradient":""},"mobile":{"background-color":"","background-image":"","background-repeat":"repeat","background-position":"center center","background-size":"auto","background-attachment":"scroll","background-type":"","background-media":"","overlay-type":"","overlay-color":"","overlay-opacity":"","overlay-gradient":""}},"ast-content-background-meta":{"desktop":{"background-color":"var(--ast-global-color-5)","background-image":"","background-repeat":"repeat","background-position":"center center","background-size":"auto","background-attachment":"scroll","background-type":"","background-media":"","overlay-type":"","overlay-color":"","overlay-opacity":"","overlay-gradient":""},"tablet":{"background-color":"var(--ast-global-color-5)","background-image":"","background-repeat":"repeat","background-position":"center center","background-size":"auto","background-attachment":"scroll","background-type":"","background-media":"","overlay-type":"","overlay-color":"","overlay-opacity":"","overlay-gradient":""},"mobile":{"background-color":"var(--ast-global-color-5)","background-image":"","background-repeat":"repeat","background-position":"center center","background-size":"auto","background-attachment":"scroll","background-type":"","background-media":"","overlay-type":"","overlay-color":"","overlay-opacity":"","overlay-gradient":""}},"footnotes":""},"categories":[1],"tags":[],"class_list":["post-2133","post","type-post","status-publish","format-standard","has-post-thumbnail","hentry","category-general"],"post_mailing_queue_ids":[],"_links":{"self":[{"href":"https:\/\/agora.xtec.cat\/ceipcastelldecalafell\/wp-json\/wp\/v2\/posts\/2133","targetHints":{"allow":["GET"]}}],"collection":[{"href":"https:\/\/agora.xtec.cat\/ceipcastelldecalafell\/wp-json\/wp\/v2\/posts"}],"about":[{"href":"https:\/\/agora.xtec.cat\/ceipcastelldecalafell\/wp-json\/wp\/v2\/types\/post"}],"author":[{"embeddable":true,"href":"https:\/\/agora.xtec.cat\/ceipcastelldecalafell\/wp-json\/wp\/v2\/users\/1"}],"replies":[{"embeddable":true,"href":"https:\/\/agora.xtec.cat\/ceipcastelldecalafell\/wp-json\/wp\/v2\/comments?post=2133"}],"version-history":[{"count":3,"href":"https:\/\/agora.xtec.cat\/ceipcastelldecalafell\/wp-json\/wp\/v2\/posts\/2133\/revisions"}],"predecessor-version":[{"id":2417,"href":"https:\/\/agora.xtec.cat\/ceipcastelldecalafell\/wp-json\/wp\/v2\/posts\/2133\/revisions\/2417"}],"wp:featuredmedia":[{"embeddable":true,"href":"https:\/\/agora.xtec.cat\/ceipcastelldecalafell\/wp-json\/wp\/v2\/media\/2134"}],"wp:attachment":[{"href":"https:\/\/agora.xtec.cat\/ceipcastelldecalafell\/wp-json\/wp\/v2\/media?parent=2133"}],"wp:term":[{"taxonomy":"category","embeddable":true,"href":"https:\/\/agora.xtec.cat\/ceipcastelldecalafell\/wp-json\/wp\/v2\/categories?post=2133"},{"taxonomy":"post_tag","embeddable":true,"href":"https:\/\/agora.xtec.cat\/ceipcastelldecalafell\/wp-json\/wp\/v2\/tags?post=2133"}],"curies":[{"name":"wp","href":"https:\/\/api.w.org\/{rel}","templated":true}]}}