{"id":2030,"date":"2018-05-11T23:32:03","date_gmt":"2018-05-11T21:32:03","guid":{"rendered":"http:\/\/agora.xtec.cat\/ceipcastelldecalafell\/?p=2030"},"modified":"2018-05-15T07:54:12","modified_gmt":"2018-05-15T05:54:12","slug":"himne-jocs-mediterranis","status":"publish","type":"post","link":"https:\/\/agora.xtec.cat\/ceipcastelldecalafell\/general\/himne-jocs-mediterranis\/","title":{"rendered":"Himne Jocs Mediterranis"},"content":{"rendered":"<p>Els Jocs Mediterranis de Tarragona ja tenen can\u00e7\u00f3: &#8216;Juguem per viure&#8217; que servir\u00e0 per amenitzar aquest esdeveniment. La can\u00e7\u00f3 s&#8217;ha presentat aquest divendres, 11 de maig, en un acte a la T\u00e0rraco Arena Pla\u00e7a. Durant el mat\u00ed, m\u00e9s de 2.000 nens de diversos centres de la prov\u00edncia de Tarragona han omplert gran part de les grades.<\/p>\n<p>Els alumnes de 4t de l\u2019escola, han tingut la sort d\u2019assistir a la presentaci\u00f3 de la can\u00e7\u00f3 i fer els coros.\u00a0Hem pogut gaudir de l\u2018assaig general, amenitzats amb altres moments divertits, i finalment de la gravaci\u00f3 de la can\u00e7\u00f3.<\/p>\n<p>Despr\u00e9s hem aprofitat per passar el dia a Tarragona.<\/p>\n<p>Aqui teniu un petit recull del que ha estat el dia:<\/p>\n<div class=\"ast-oembed-container \" style=\"height: 100%;\"><iframe loading=\"lazy\" title=\"Tarragona 2018#Can\u00e7o#Jocs Mediterranis\" width=\"500\" height=\"281\" src=\"https:\/\/www.youtube.com\/embed\/3sSOdA4rzSc?feature=oembed\" frameborder=\"0\" allow=\"accelerometer; autoplay; clipboard-write; encrypted-media; gyroscope; picture-in-picture; web-share\" referrerpolicy=\"strict-origin-when-cross-origin\" allowfullscreen><\/iframe><\/div>\n<p>El v\u00eddeo oficial de la can\u00e7\u00f3 \u00e9s:<\/p>\n<p style=\"text-align: center;\">\n<div class=\"ast-oembed-container \" style=\"height: 100%;\"><iframe loading=\"lazy\" title=\"2.000 escolars estrenen &#039;Juguem per viure&#039;, la can\u00e7\u00f3 oficial dels Jocs Mediterranis\" width=\"500\" height=\"281\" src=\"https:\/\/www.youtube.com\/embed\/mYheTghxo78?feature=oembed\" frameborder=\"0\" allow=\"accelerometer; autoplay; clipboard-write; encrypted-media; gyroscope; picture-in-picture; web-share\" referrerpolicy=\"strict-origin-when-cross-origin\" allowfullscreen><\/iframe><\/div>\n<\/p>\n<p>https:\/\/www.facebook.com\/tarragonaradio\/videos\/1821951201198252\/<\/p>\n<p><a href=\"http:\/\/petaca.cat\/front-page\/juguem-per-viure-2\/\" target=\"_blank\">La can\u00e7\u00f3<\/a><\/p>\n","protected":false},"excerpt":{"rendered":"<p>Els Jocs Mediterranis de Tarragona ja tenen can\u00e7\u00f3: &#8216;Juguem per viure&#8217; que servir\u00e0 per amenitzar aquest esdeveniment. La can\u00e7\u00f3 s&#8217;ha [&hellip;]<\/p>\n","protected":false},"author":1,"featured_media":2034,"comment_status":"open","ping_status":"closed","sticky":false,"template":"","format":"standard","meta":{"_bbp_topic_count":0,"_bbp_reply_count":0,"_bbp_total_topic_count":0,"_bbp_total_reply_count":0,"_bbp_voice_count":0,"_bbp_anonymous_reply_count":0,"_bbp_topic_count_hidden":0,"_bbp_reply_count_hidden":0,"_bbp_forum_subforum_count":0,"site-sidebar-layout":"default","site-content-layout":"","ast-site-content-layout":"","site-content-style":"default","site-sidebar-style":"default","ast-global-header-display":"","ast-banner-title-visibility":"","ast-main-header-display":"","ast-hfb-above-header-display":"","ast-hfb-below-header-display":"","ast-hfb-mobile-header-display":"","site-post-title":"","ast-breadcrumbs-content":"","ast-featured-img":"","footer-sml-layout":"","theme-transparent-header-meta":"","adv-header-id-meta":"","stick-header-meta":"","header-above-stick-meta":"","header-main-stick-meta":"","header-below-stick-meta":"","astra-migrate-meta-layouts":"default","ast-page-background-enabled":"default","ast-page-background-meta":{"desktop":{"background-color":"var(--ast-global-color-4)","background-image":"","background-repeat":"repeat","background-position":"center center","background-size":"auto","background-attachment":"scroll","background-type":"","background-media":"","overlay-type":"","overlay-color":"","overlay-opacity":"","overlay-gradient":""},"tablet":{"background-color":"","background-image":"","background-repeat":"repeat","background-position":"center center","background-size":"auto","background-attachment":"scroll","background-type":"","background-media":"","overlay-type":"","overlay-color":"","overlay-opacity":"","overlay-gradient":""},"mobile":{"background-color":"","background-image":"","background-repeat":"repeat","background-position":"center center","background-size":"auto","background-attachment":"scroll","background-type":"","background-media":"","overlay-type":"","overlay-color":"","overlay-opacity":"","overlay-gradient":""}},"ast-content-background-meta":{"desktop":{"background-color":"var(--ast-global-color-5)","background-image":"","background-repeat":"repeat","background-position":"center center","background-size":"auto","background-attachment":"scroll","background-type":"","background-media":"","overlay-type":"","overlay-color":"","overlay-opacity":"","overlay-gradient":""},"tablet":{"background-color":"var(--ast-global-color-5)","background-image":"","background-repeat":"repeat","background-position":"center center","background-size":"auto","background-attachment":"scroll","background-type":"","background-media":"","overlay-type":"","overlay-color":"","overlay-opacity":"","overlay-gradient":""},"mobile":{"background-color":"var(--ast-global-color-5)","background-image":"","background-repeat":"repeat","background-position":"center center","background-size":"auto","background-attachment":"scroll","background-type":"","background-media":"","overlay-type":"","overlay-color":"","overlay-opacity":"","overlay-gradient":""}},"footnotes":""},"categories":[1],"tags":[],"class_list":["post-2030","post","type-post","status-publish","format-standard","has-post-thumbnail","hentry","category-general"],"post_mailing_queue_ids":[],"_links":{"self":[{"href":"https:\/\/agora.xtec.cat\/ceipcastelldecalafell\/wp-json\/wp\/v2\/posts\/2030","targetHints":{"allow":["GET"]}}],"collection":[{"href":"https:\/\/agora.xtec.cat\/ceipcastelldecalafell\/wp-json\/wp\/v2\/posts"}],"about":[{"href":"https:\/\/agora.xtec.cat\/ceipcastelldecalafell\/wp-json\/wp\/v2\/types\/post"}],"author":[{"embeddable":true,"href":"https:\/\/agora.xtec.cat\/ceipcastelldecalafell\/wp-json\/wp\/v2\/users\/1"}],"replies":[{"embeddable":true,"href":"https:\/\/agora.xtec.cat\/ceipcastelldecalafell\/wp-json\/wp\/v2\/comments?post=2030"}],"version-history":[{"count":3,"href":"https:\/\/agora.xtec.cat\/ceipcastelldecalafell\/wp-json\/wp\/v2\/posts\/2030\/revisions"}],"predecessor-version":[{"id":2041,"href":"https:\/\/agora.xtec.cat\/ceipcastelldecalafell\/wp-json\/wp\/v2\/posts\/2030\/revisions\/2041"}],"wp:featuredmedia":[{"embeddable":true,"href":"https:\/\/agora.xtec.cat\/ceipcastelldecalafell\/wp-json\/wp\/v2\/media\/2034"}],"wp:attachment":[{"href":"https:\/\/agora.xtec.cat\/ceipcastelldecalafell\/wp-json\/wp\/v2\/media?parent=2030"}],"wp:term":[{"taxonomy":"category","embeddable":true,"href":"https:\/\/agora.xtec.cat\/ceipcastelldecalafell\/wp-json\/wp\/v2\/categories?post=2030"},{"taxonomy":"post_tag","embeddable":true,"href":"https:\/\/agora.xtec.cat\/ceipcastelldecalafell\/wp-json\/wp\/v2\/tags?post=2030"}],"curies":[{"name":"wp","href":"https:\/\/api.w.org\/{rel}","templated":true}]}}