{"id":18062,"date":"2026-04-22T12:24:49","date_gmt":"2026-04-22T10:24:49","guid":{"rendered":"https:\/\/agora.xtec.cat\/ceipcastellciuro\/?p=18062"},"modified":"2026-04-22T12:51:26","modified_gmt":"2026-04-22T10:51:26","slug":"celebracio-del-50e-aniversari-de-la-nostra-escola","status":"publish","type":"post","link":"https:\/\/agora.xtec.cat\/ceipcastellciuro\/general\/celebracio-del-50e-aniversari-de-la-nostra-escola\/","title":{"rendered":"CELEBRACI\u00d3 DEL 50\u00e8 ANIVERSARI DE LA NOSTRA ESCOLA"},"content":{"rendered":"<p>El passat 11 d\u2019abril vam viure una jornada festiva molt especial per celebrar els 50 anys de la nostra escola.<\/p>\n<p>V\u00e0rem tenir l\u2019honor de comptar amb la pres\u00e8ncia de la Sra. Rosa Maria Gallardo Romero, directora general dels Serveis Territorials d\u2019Educaci\u00f3 al Baix Llobregat i la Sra. Ainoa Garc\u00eda Ballest\u00edn, tinenta d&#8217;alcalde de l\u2019Ajuntament de Molins de Rei.<\/p>\n<p>Va ser una jornada emotiva, plena de retrobaments, amb persones de totes les \u00e8poques vinculades al centre, fam\u00edlies i mestres que han format part de la nostra hist\u00f2ria i que no van voler faltar en aquest dia tan assenyalat.<\/p>\n<p>Infants i grans v\u00e0rem gaudir d\u2019all\u00f2 m\u00e9s amb tallers, activitats i espectacles d\u2019animaci\u00f3.<\/p>\n<p>Per l\u2019ocasi\u00f3, v\u00e0rem inaugurar el cam\u00ed geol\u00f2gic de l\u2019escola. Un projecte que ha estat possible gr\u00e0cies a la implicaci\u00f3 i l\u2019assessorament de la ge\u00f2loga Marta Guinau que va ser mare de l&#8217;escola i, de la Joana Lara, directora de l\u2019escola fins al curs 23-24.<\/p>\n<p>Al llarg del cam\u00ed s\u2019han creat panells informatius per a l\u2019aprenentatge de la hist\u00f2ria i el temps geol\u00f2gic, una eina did\u00e0ctica per entendre el temps geol\u00f2gic, per con\u00e8ixer les roques del voltant de l\u2019escola i fomentar la conservaci\u00f3 del medi natural.<\/p>\n<p>Un altre moment destacat va ser la inauguraci\u00f3 del nou mural de gran format a la paret del gimn\u00e0s, que ha pintat l\u2019artista \u00a0Uri\u00a0Kthr. Les propostes del disseny es van portar a terme amb els alumnes de 6\u00e8 de Prim\u00e0ria. El pas del temps, escola verda, infants, natura, el bosc&#8230;. son algunes de les ide\u00e9s que estan plasmades en aquesta obra d\u2019art.<\/p>\n<p>A la Biblioteca es va preparar una exposici\u00f3 amb records, objectes i petites sorpreses que ens van fer gaudir d\u2019un viatge pel passat de l\u2019escola.<\/p>\n<p>Tot seguit, la celebraci\u00f3 va continuar amb un <em>pica-pica<\/em>\u00a0en un ambient c\u00e0lid i festiu, compartint converses i bons records.<\/p>\n<p>L\u2019actuaci\u00f3 de les Esventades i de la colla dels Matossers de Molins de Rei, van posar la banda sonora perfecta a una jornada inoblidable.<\/p>\n<p>Gr\u00e0cies a tothom per fer-la possible!<\/p>\n<p>Aqu\u00ed podeu veure un resum en fotos d\u2019aquesta gran festa.<\/p>\n\r\n\t<div class=\"slideshow_container slideshow_container_style-light\" style=\" \" data-slideshow-id=\"18065\" data-style-name=\"style-light\" data-style-version=\"2.3.1\" >\r\n\r\n\t\t\t\t\t<div class=\"slideshow_loading_icon\"><\/div>\r\n\t\t\r\n\t\t<div class=\"slideshow_content\" style=\"display: none;\">\r\n\r\n\t\t\t<div class=\"slideshow_view\">\r\n\t\t\t\t<div class=\"slideshow_slide slideshow_slide_image\">\r\n\t\t\t\t\t\t\t\t\t\t\t<img src=\"https:\/\/agora.xtec.cat\/ceipcastellciuro\/wp-content\/uploads\/usu890\/2026\/04\/Parlaments-1-scaled-e1776851985458.jpg\" alt=\"Parlaments\" width=\"1920\" height=\"1140\" \/>\r\n\t\t\t\t\t\t\t\t\t\t<div class=\"slideshow_description_box slideshow_transparent\">\r\n\t\t\t\t\t\t<h1 class=\"slideshow_title\">Parlaments<\/h1>\t\t\t\t\t\t\t\t\t\t\t<\/div>\r\n\t\t\t\t<\/div>\r\n\r\n\t\t\t\t\t\t<div style=\"clear: both;\"><\/div><\/div><div class=\"slideshow_view\">\r\n\t\t\t\t<div class=\"slideshow_slide slideshow_slide_image\">\r\n\t\t\t\t\t\t\t\t\t\t\t<img src=\"https:\/\/agora.xtec.cat\/ceipcastellciuro\/wp-content\/uploads\/usu890\/2026\/04\/Parlaments2-scaled.jpg\" alt=\"Parlaments2\" width=\"1920\" height=\"2560\" \/>\r\n\t\t\t\t\t\t\t\t\t\t<div class=\"slideshow_description_box slideshow_transparent\">\r\n\t\t\t\t\t\t<h2 class=\"slideshow_title\">Parlaments2<\/h2>\t\t\t\t\t\t\t\t\t\t\t<\/div>\r\n\t\t\t\t<\/div>\r\n\r\n\t\t\t\t\t\t<div style=\"clear: both;\"><\/div><\/div><div class=\"slideshow_view\">\r\n\t\t\t\t<div class=\"slideshow_slide slideshow_slide_image\">\r\n\t\t\t\t\t\t\t\t\t\t\t<img src=\"https:\/\/agora.xtec.cat\/ceipcastellciuro\/wp-content\/uploads\/usu890\/2026\/04\/Cami-2.jpg\" alt=\"Cam\u00ed 2\" width=\"1428\" height=\"1071\" \/>\r\n\t\t\t\t\t\t\t\t\t\t<div class=\"slideshow_description_box slideshow_transparent\">\r\n\t\t\t\t\t\t<h3 class=\"slideshow_title\">Cam\u00ed 2<\/h3>\t\t\t\t\t\t\t\t\t\t\t<\/div>\r\n\t\t\t\t<\/div>\r\n\r\n\t\t\t\t\t\t<div style=\"clear: both;\"><\/div><\/div><div class=\"slideshow_view\">\r\n\t\t\t\t<div class=\"slideshow_slide slideshow_slide_image\">\r\n\t\t\t\t\t\t\t\t\t\t\t<img src=\"https:\/\/agora.xtec.cat\/ceipcastellciuro\/wp-content\/uploads\/usu890\/2026\/04\/Cami-1-1.jpg\" alt=\"Cam\u00ed 1\" width=\"1428\" height=\"1071\" \/>\r\n\t\t\t\t\t\t\t\t\t\t<div class=\"slideshow_description_box slideshow_transparent\">\r\n\t\t\t\t\t\t<h4 class=\"slideshow_title\">Cam\u00ed 1<\/h4>\t\t\t\t\t\t\t\t\t\t\t<\/div>\r\n\t\t\t\t<\/div>\r\n\r\n\t\t\t\t\t\t<div style=\"clear: both;\"><\/div><\/div><div class=\"slideshow_view\">\r\n\t\t\t\t<div class=\"slideshow_slide slideshow_slide_image\">\r\n\t\t\t\t\t\t\t\t\t\t\t<img src=\"https:\/\/agora.xtec.cat\/ceipcastellciuro\/wp-content\/uploads\/usu890\/2026\/04\/Mural-2-scaled.jpg\" alt=\"Mural 2\" width=\"2560\" height=\"756\" \/>\r\n\t\t\t\t\t\t\t\t\t\t<div class=\"slideshow_description_box slideshow_transparent\">\r\n\t\t\t\t\t\t<h5 class=\"slideshow_title\">Mural 2<\/h5>\t\t\t\t\t\t\t\t\t\t\t<\/div>\r\n\t\t\t\t<\/div>\r\n\r\n\t\t\t\t\t\t<div style=\"clear: both;\"><\/div><\/div><div class=\"slideshow_view\">\r\n\t\t\t\t<div class=\"slideshow_slide slideshow_slide_image\">\r\n\t\t\t\t\t\t\t\t\t\t\t<img src=\"https:\/\/agora.xtec.cat\/ceipcastellciuro\/wp-content\/uploads\/usu890\/2026\/04\/dibuixos-50-alumnes-scaled.jpg\" alt=\"dibuixos 50 alumnes\" width=\"2560\" height=\"1920\" \/>\r\n\t\t\t\t\t\t\t\t\t\t<div class=\"slideshow_description_box slideshow_transparent\">\r\n\t\t\t\t\t\t<h6 class=\"slideshow_title\">dibuixos 50 alumnes<\/h6>\t\t\t\t\t\t\t\t\t\t\t<\/div>\r\n\t\t\t\t<\/div>\r\n\r\n\t\t\t\t\t\t<div style=\"clear: both;\"><\/div><\/div><div class=\"slideshow_view\">\r\n\t\t\t\t<div class=\"slideshow_slide slideshow_slide_image\">\r\n\t\t\t\t\t\t\t\t\t\t\t<img src=\"https:\/\/agora.xtec.cat\/ceipcastellciuro\/wp-content\/uploads\/usu890\/2026\/04\/expo-biblioteca-scaled.jpg\" alt=\"expo biblioteca\" width=\"1920\" height=\"2560\" \/>\r\n\t\t\t\t\t\t\t\t\t\t<div class=\"slideshow_description_box slideshow_transparent\">\r\n\t\t\t\t\t\t<h6 class=\"slideshow_title\">expo biblioteca<\/h6>\t\t\t\t\t\t\t\t\t\t\t<\/div>\r\n\t\t\t\t<\/div>\r\n\r\n\t\t\t\t\t\t<div style=\"clear: both;\"><\/div><\/div><div class=\"slideshow_view\">\r\n\t\t\t\t<div class=\"slideshow_slide slideshow_slide_image\">\r\n\t\t\t\t\t\t\t\t\t\t\t<img src=\"https:\/\/agora.xtec.cat\/ceipcastellciuro\/wp-content\/uploads\/usu890\/2026\/04\/IMG_2695-scaled.jpg\" alt=\"IMG_2695\" width=\"1920\" height=\"2560\" \/>\r\n\t\t\t\t\t\t\t\t\t\t<div class=\"slideshow_description_box slideshow_transparent\">\r\n\t\t\t\t\t\t<div class=\"slideshow_title\">IMG_2695<\/div>\t\t\t\t\t\t\t\t\t\t\t<\/div>\r\n\t\t\t\t<\/div>\r\n\r\n\t\t\t\t\t\t<div style=\"clear: both;\"><\/div><\/div><div class=\"slideshow_view\">\r\n\t\t\t\t<div class=\"slideshow_slide slideshow_slide_image\">\r\n\t\t\t\t\t\t\t\t\t\t\t<img src=\"https:\/\/agora.xtec.cat\/ceipcastellciuro\/wp-content\/uploads\/usu890\/2026\/04\/Cloenda-4-scaled-e1776852943922.jpg\" alt=\"Cloenda 4\" width=\"1152\" height=\"1677\" \/>\r\n\t\t\t\t\t\t\t\t\t\t<div class=\"slideshow_description_box slideshow_transparent\">\r\n\t\t\t\t\t\t<h6 class=\"slideshow_title\">Cloenda 4<\/h6>\t\t\t\t\t\t\t\t\t\t\t<\/div>\r\n\t\t\t\t<\/div>\r\n\r\n\t\t\t\t\t\t<div style=\"clear: both;\"><\/div><\/div><div class=\"slideshow_view\">\r\n\t\t\t\t<div class=\"slideshow_slide slideshow_slide_image\">\r\n\t\t\t\t\t\t\t\t\t\t\t<img src=\"https:\/\/agora.xtec.cat\/ceipcastellciuro\/wp-content\/uploads\/usu890\/2026\/04\/Cloenda-3-scaled.jpg\" alt=\"Cloenda 3\" width=\"2560\" height=\"1152\" \/>\r\n\t\t\t\t\t\t\t\t\t\t<div class=\"slideshow_description_box slideshow_transparent\">\r\n\t\t\t\t\t\t<h6 class=\"slideshow_title\">Cloenda 3<\/h6>\t\t\t\t\t\t\t\t\t\t\t<\/div>\r\n\t\t\t\t<\/div>\r\n\r\n\t\t\t\t\t\t<div style=\"clear: both;\"><\/div><\/div><div class=\"slideshow_view\">\r\n\t\t\t\t<div class=\"slideshow_slide slideshow_slide_image\">\r\n\t\t\t\t\t\t\t\t\t\t\t<img src=\"https:\/\/agora.xtec.cat\/ceipcastellciuro\/wp-content\/uploads\/usu890\/2026\/04\/Cloenda-2-scaled.jpg\" alt=\"Cloenda 2\" width=\"2560\" height=\"1920\" \/>\r\n\t\t\t\t\t\t\t\t\t\t<div class=\"slideshow_description_box slideshow_transparent\">\r\n\t\t\t\t\t\t<h6 class=\"slideshow_title\">Cloenda 2<\/h6>\t\t\t\t\t\t\t\t\t\t\t<\/div>\r\n\t\t\t\t<\/div>\r\n\r\n\t\t\t\t\t\t<div style=\"clear: both;\"><\/div><\/div>\r\n\t\t<\/div>\r\n\r\n\t\t<div class=\"slideshow_controlPanel slideshow_transparent\" style=\"display: none;\"><ul><li class=\"slideshow_togglePlay\" data-play-text=\"Visualitza\" data-pause-text=\"Pausa\"><\/li><\/ul><\/div>\r\n\r\n\t\t<div class=\"slideshow_button slideshow_previous slideshow_transparent\" role=\"button\" data-previous-text=\"Anterior\" style=\"display: none;\"><\/div>\r\n\t\t<div class=\"slideshow_button slideshow_next slideshow_transparent\" role=\"button\" data-next-text=\"Seg\u00fcent\" style=\"display: none;\"><\/div>\r\n\r\n\t\t<div class=\"slideshow_pagination\" style=\"display: none;\" data-go-to-text=\"V\u00e9s a la diapositiva\"><div class=\"slideshow_pagination_center\"><\/div><\/div>\r\n\r\n\t\t<!-- WordPress Slideshow Version 2.3.1 -->\r\n\r\n\t\t\t<\/div>\r\n\r\n\n","protected":false},"excerpt":{"rendered":"<p>El passat 11 d\u2019abril vam viure una jornada festiva molt especial per celebrar els 50 anys de la nostra escola.<br \/>\nV\u00e0rem tenir l\u2019honor de comptar amb la pres\u00e8ncia de la Sra. Rosa Maria Gallardo Romero, directora general dels Serveis Territorials d\u2019Educaci\u00f3 al Baix Llobregat i la&hellip;  <a href=\"https:\/\/agora.xtec.cat\/ceipcastellciuro\/general\/celebracio-del-50e-aniversari-de-la-nostra-escola\/\" title=\"Read CELEBRACI\u00d3 DEL 50\u00e8 ANIVERSARI DE LA NOSTRA ESCOLA\">Llegeix m\u00e9s\u00bb<\/a><\/p>\n","protected":false},"author":1,"featured_media":0,"comment_status":"open","ping_status":"open","sticky":false,"template":"","format":"standard","meta":{"_bbp_topic_count":0,"_bbp_reply_count":0,"_bbp_total_topic_count":0,"_bbp_total_reply_count":0,"_bbp_voice_count":0,"_bbp_anonymous_reply_count":0,"_bbp_topic_count_hidden":0,"_bbp_reply_count_hidden":0,"_bbp_forum_subforum_count":0,"footnotes":""},"categories":[1,4],"tags":[],"class_list":["post-18062","post","type-post","status-publish","format-standard","hentry","category-general","category-portada"],"post_mailing_queue_ids":[],"_links":{"self":[{"href":"https:\/\/agora.xtec.cat\/ceipcastellciuro\/wp-json\/wp\/v2\/posts\/18062","targetHints":{"allow":["GET"]}}],"collection":[{"href":"https:\/\/agora.xtec.cat\/ceipcastellciuro\/wp-json\/wp\/v2\/posts"}],"about":[{"href":"https:\/\/agora.xtec.cat\/ceipcastellciuro\/wp-json\/wp\/v2\/types\/post"}],"author":[{"embeddable":true,"href":"https:\/\/agora.xtec.cat\/ceipcastellciuro\/wp-json\/wp\/v2\/users\/1"}],"replies":[{"embeddable":true,"href":"https:\/\/agora.xtec.cat\/ceipcastellciuro\/wp-json\/wp\/v2\/comments?post=18062"}],"version-history":[{"count":7,"href":"https:\/\/agora.xtec.cat\/ceipcastellciuro\/wp-json\/wp\/v2\/posts\/18062\/revisions"}],"predecessor-version":[{"id":18088,"href":"https:\/\/agora.xtec.cat\/ceipcastellciuro\/wp-json\/wp\/v2\/posts\/18062\/revisions\/18088"}],"wp:attachment":[{"href":"https:\/\/agora.xtec.cat\/ceipcastellciuro\/wp-json\/wp\/v2\/media?parent=18062"}],"wp:term":[{"taxonomy":"category","embeddable":true,"href":"https:\/\/agora.xtec.cat\/ceipcastellciuro\/wp-json\/wp\/v2\/categories?post=18062"},{"taxonomy":"post_tag","embeddable":true,"href":"https:\/\/agora.xtec.cat\/ceipcastellciuro\/wp-json\/wp\/v2\/tags?post=18062"}],"curies":[{"name":"wp","href":"https:\/\/api.w.org\/{rel}","templated":true}]}}