{"id":17978,"date":"2025-11-03T11:00:56","date_gmt":"2025-11-03T10:00:56","guid":{"rendered":"https:\/\/agora.xtec.cat\/ceipcastellciuro\/?p=17978"},"modified":"2025-11-27T13:53:25","modified_gmt":"2025-11-27T12:53:25","slug":"halloween-a-lescola-%f0%9f%8e%83","status":"publish","type":"post","link":"https:\/\/agora.xtec.cat\/ceipcastellciuro\/general\/halloween-a-lescola-%f0%9f%8e%83\/","title":{"rendered":"Halloween a l&#8217;escola! \ud83c\udf83"},"content":{"rendered":"<p data-start=\"103\" data-end=\"451\"><strong data-start=\"103\" data-end=\"198\">El passat dijous, els alumnes de 6\u00e8 es van transformar per viure un Halloween ben especial.<\/strong><br data-start=\"198\" data-end=\"201\" \/>Al mat\u00ed van recitar el poema de Halloween en angl\u00e8s. Al migdia, gr\u00e0cies a l\u2019ambientaci\u00f3 preparada pels monitors i monitores del menjador, els vestidors del gimn\u00e0s es van convertir en un aut\u00e8ntic <em data-start=\"427\" data-end=\"448\">passatge del terror<\/em>.<\/p>\n<p data-start=\"453\" data-end=\"580\">A la tarda, i com a novetat d\u2019aquest curs, l\u2019activitat es va obrir a les fam\u00edlies, que van poder gaudir tamb\u00e9 de l\u2019experi\u00e8ncia.<\/p>\n<p data-start=\"582\" data-end=\"628\"><strong data-start=\"582\" data-end=\"628\">Tot un dijous terror\u00edfic i ple d\u2019emocions!\u00a0<\/strong><\/p>\n<div class=\"mceTemp\">\n<p><a href=\"https:\/\/agora.xtec.cat\/ceipcastellciuro\/wp-content\/uploads\/usu890\/2025\/11\/IMG20251030125938-1-scaled.jpg\"><img loading=\"lazy\" decoding=\"async\" class=\"alignleft wp-image-17983 \" src=\"https:\/\/agora.xtec.cat\/ceipcastellciuro\/wp-content\/uploads\/usu890\/2025\/11\/IMG20251030125938-1-175x300.jpg\" alt=\"\" width=\"133\" height=\"228\" srcset=\"https:\/\/agora.xtec.cat\/ceipcastellciuro\/wp-content\/uploads\/usu890\/2025\/11\/IMG20251030125938-1-175x300.jpg 175w, https:\/\/agora.xtec.cat\/ceipcastellciuro\/wp-content\/uploads\/usu890\/2025\/11\/IMG20251030125938-1-599x1024.jpg 599w, https:\/\/agora.xtec.cat\/ceipcastellciuro\/wp-content\/uploads\/usu890\/2025\/11\/IMG20251030125938-1-768x1313.jpg 768w, https:\/\/agora.xtec.cat\/ceipcastellciuro\/wp-content\/uploads\/usu890\/2025\/11\/IMG20251030125938-1-898x1536.jpg 898w, https:\/\/agora.xtec.cat\/ceipcastellciuro\/wp-content\/uploads\/usu890\/2025\/11\/IMG20251030125938-1-1198x2048.jpg 1198w, https:\/\/agora.xtec.cat\/ceipcastellciuro\/wp-content\/uploads\/usu890\/2025\/11\/IMG20251030125938-1-scaled.jpg 1497w\" sizes=\"auto, (max-width: 133px) 100vw, 133px\" \/><\/a> <a href=\"https:\/\/agora.xtec.cat\/ceipcastellciuro\/wp-content\/uploads\/usu890\/2025\/11\/IMG-20251103-WA0014-1.jpg\"><img loading=\"lazy\" decoding=\"async\" class=\"alignleft wp-image-17984\" src=\"https:\/\/agora.xtec.cat\/ceipcastellciuro\/wp-content\/uploads\/usu890\/2025\/11\/IMG-20251103-WA0014-1-178x300.jpg\" alt=\"\" width=\"136\" height=\"230\" srcset=\"https:\/\/agora.xtec.cat\/ceipcastellciuro\/wp-content\/uploads\/usu890\/2025\/11\/IMG-20251103-WA0014-1-178x300.jpg 178w, https:\/\/agora.xtec.cat\/ceipcastellciuro\/wp-content\/uploads\/usu890\/2025\/11\/IMG-20251103-WA0014-1-606x1024.jpg 606w, https:\/\/agora.xtec.cat\/ceipcastellciuro\/wp-content\/uploads\/usu890\/2025\/11\/IMG-20251103-WA0014-1.jpg 720w\" sizes=\"auto, (max-width: 136px) 100vw, 136px\" \/><\/a><a href=\"https:\/\/agora.xtec.cat\/ceipcastellciuro\/wp-content\/uploads\/usu890\/2025\/11\/IMG20251030130024-1-scaled.jpg\"><img loading=\"lazy\" decoding=\"async\" class=\" wp-image-17985\" src=\"https:\/\/agora.xtec.cat\/ceipcastellciuro\/wp-content\/uploads\/usu890\/2025\/11\/IMG20251030130024-1-195x300.jpg\" alt=\"\" width=\"153\" height=\"235\" srcset=\"https:\/\/agora.xtec.cat\/ceipcastellciuro\/wp-content\/uploads\/usu890\/2025\/11\/IMG20251030130024-1-195x300.jpg 195w, https:\/\/agora.xtec.cat\/ceipcastellciuro\/wp-content\/uploads\/usu890\/2025\/11\/IMG20251030130024-1-667x1024.jpg 667w, https:\/\/agora.xtec.cat\/ceipcastellciuro\/wp-content\/uploads\/usu890\/2025\/11\/IMG20251030130024-1-768x1180.jpg 768w, https:\/\/agora.xtec.cat\/ceipcastellciuro\/wp-content\/uploads\/usu890\/2025\/11\/IMG20251030130024-1-1000x1536.jpg 1000w, https:\/\/agora.xtec.cat\/ceipcastellciuro\/wp-content\/uploads\/usu890\/2025\/11\/IMG20251030130024-1-1333x2048.jpg 1333w, https:\/\/agora.xtec.cat\/ceipcastellciuro\/wp-content\/uploads\/usu890\/2025\/11\/IMG20251030130024-1-scaled.jpg 1667w\" sizes=\"auto, (max-width: 153px) 100vw, 153px\" \/><\/a><\/p>\n<div class=\"mceTemp\"><\/div>\n<\/div>\n","protected":false},"excerpt":{"rendered":"<p>El passat dijous, els alumnes de 6\u00e8 es van transformar per viure un Halloween ben especial.Al mat\u00ed van recitar el poema de Halloween en angl\u00e8s. Al migdia, gr\u00e0cies a l\u2019ambientaci\u00f3 preparada pels monitors i monitores del menjador, els vestidors del gimn\u00e0s es van convertir en&hellip;  <a href=\"https:\/\/agora.xtec.cat\/ceipcastellciuro\/general\/halloween-a-lescola-%f0%9f%8e%83\/\" title=\"Read Halloween a l&#8217;escola! \ud83c\udf83\">Llegeix m\u00e9s\u00bb<\/a><\/p>\n","protected":false},"author":1,"featured_media":0,"comment_status":"open","ping_status":"open","sticky":false,"template":"","format":"standard","meta":{"_bbp_topic_count":0,"_bbp_reply_count":0,"_bbp_total_topic_count":0,"_bbp_total_reply_count":0,"_bbp_voice_count":0,"_bbp_anonymous_reply_count":0,"_bbp_topic_count_hidden":0,"_bbp_reply_count_hidden":0,"_bbp_forum_subforum_count":0,"footnotes":""},"categories":[1],"tags":[],"class_list":["post-17978","post","type-post","status-publish","format-standard","hentry","category-general"],"post_mailing_queue_ids":[],"_links":{"self":[{"href":"https:\/\/agora.xtec.cat\/ceipcastellciuro\/wp-json\/wp\/v2\/posts\/17978","targetHints":{"allow":["GET"]}}],"collection":[{"href":"https:\/\/agora.xtec.cat\/ceipcastellciuro\/wp-json\/wp\/v2\/posts"}],"about":[{"href":"https:\/\/agora.xtec.cat\/ceipcastellciuro\/wp-json\/wp\/v2\/types\/post"}],"author":[{"embeddable":true,"href":"https:\/\/agora.xtec.cat\/ceipcastellciuro\/wp-json\/wp\/v2\/users\/1"}],"replies":[{"embeddable":true,"href":"https:\/\/agora.xtec.cat\/ceipcastellciuro\/wp-json\/wp\/v2\/comments?post=17978"}],"version-history":[{"count":6,"href":"https:\/\/agora.xtec.cat\/ceipcastellciuro\/wp-json\/wp\/v2\/posts\/17978\/revisions"}],"predecessor-version":[{"id":17994,"href":"https:\/\/agora.xtec.cat\/ceipcastellciuro\/wp-json\/wp\/v2\/posts\/17978\/revisions\/17994"}],"wp:attachment":[{"href":"https:\/\/agora.xtec.cat\/ceipcastellciuro\/wp-json\/wp\/v2\/media?parent=17978"}],"wp:term":[{"taxonomy":"category","embeddable":true,"href":"https:\/\/agora.xtec.cat\/ceipcastellciuro\/wp-json\/wp\/v2\/categories?post=17978"},{"taxonomy":"post_tag","embeddable":true,"href":"https:\/\/agora.xtec.cat\/ceipcastellciuro\/wp-json\/wp\/v2\/tags?post=17978"}],"curies":[{"name":"wp","href":"https:\/\/api.w.org\/{rel}","templated":true}]}}