{"id":17961,"date":"2025-11-11T10:00:37","date_gmt":"2025-11-11T09:00:37","guid":{"rendered":"https:\/\/agora.xtec.cat\/ceipcastellciuro\/?p=17961"},"modified":"2025-11-27T13:54:00","modified_gmt":"2025-11-27T12:54:00","slug":"candidats-consell-escolar","status":"publish","type":"post","link":"https:\/\/agora.xtec.cat\/ceipcastellciuro\/general\/candidats-consell-escolar\/","title":{"rendered":"Candidats Consell Escolar"},"content":{"rendered":"<p>Un cop complert el termini de presentaci\u00f3 de candidatures, s\u2019han presentat <strong>tres candidats i candidates, <\/strong>dels dos necessaris<strong>,<\/strong> per representar el <strong>sector de pares i mares<\/strong> al nostre Consell Escolar.<\/p>\n<p>Estem molt contents de comptar amb la seva participaci\u00f3 i <strong>agra\u00efm sincerament la seva disposici\u00f3<\/strong> a col\u00b7laborar en la vida del centre.<\/p>\n<p>Us animem a <strong>participar en les eleccions<\/strong> que tindran lloc el <strong>pr\u00f2xim dia 18<\/strong>, ja que la implicaci\u00f3 de les fam\u00edlies \u00e9s essencial per continuar millorant el nostre projecte educatiu.<\/p>\n<p>Moltes gr\u00e0cies per la vostra col\u00b7laboraci\u00f3!<\/p>\n","protected":false},"excerpt":{"rendered":"<p>Un cop complert el termini de presentaci\u00f3 de candidatures, s\u2019han presentat tres candidats i candidates, dels dos necessaris, per representar el sector de pares i mares al nostre Consell Escolar.<br \/>\nEstem molt contents de comptar amb la seva participaci\u00f3 i agra\u00efm sincerament la seva disposici\u00f3 a&hellip;  <a href=\"https:\/\/agora.xtec.cat\/ceipcastellciuro\/general\/candidats-consell-escolar\/\" title=\"Read Candidats Consell Escolar\">Llegeix m\u00e9s\u00bb<\/a><\/p>\n","protected":false},"author":1,"featured_media":0,"comment_status":"open","ping_status":"open","sticky":false,"template":"","format":"standard","meta":{"_bbp_topic_count":0,"_bbp_reply_count":0,"_bbp_total_topic_count":0,"_bbp_total_reply_count":0,"_bbp_voice_count":0,"_bbp_anonymous_reply_count":0,"_bbp_topic_count_hidden":0,"_bbp_reply_count_hidden":0,"_bbp_forum_subforum_count":0,"footnotes":""},"categories":[1,4],"tags":[],"class_list":["post-17961","post","type-post","status-publish","format-standard","hentry","category-general","category-portada"],"post_mailing_queue_ids":[],"_links":{"self":[{"href":"https:\/\/agora.xtec.cat\/ceipcastellciuro\/wp-json\/wp\/v2\/posts\/17961","targetHints":{"allow":["GET"]}}],"collection":[{"href":"https:\/\/agora.xtec.cat\/ceipcastellciuro\/wp-json\/wp\/v2\/posts"}],"about":[{"href":"https:\/\/agora.xtec.cat\/ceipcastellciuro\/wp-json\/wp\/v2\/types\/post"}],"author":[{"embeddable":true,"href":"https:\/\/agora.xtec.cat\/ceipcastellciuro\/wp-json\/wp\/v2\/users\/1"}],"replies":[{"embeddable":true,"href":"https:\/\/agora.xtec.cat\/ceipcastellciuro\/wp-json\/wp\/v2\/comments?post=17961"}],"version-history":[{"count":7,"href":"https:\/\/agora.xtec.cat\/ceipcastellciuro\/wp-json\/wp\/v2\/posts\/17961\/revisions"}],"predecessor-version":[{"id":17974,"href":"https:\/\/agora.xtec.cat\/ceipcastellciuro\/wp-json\/wp\/v2\/posts\/17961\/revisions\/17974"}],"wp:attachment":[{"href":"https:\/\/agora.xtec.cat\/ceipcastellciuro\/wp-json\/wp\/v2\/media?parent=17961"}],"wp:term":[{"taxonomy":"category","embeddable":true,"href":"https:\/\/agora.xtec.cat\/ceipcastellciuro\/wp-json\/wp\/v2\/categories?post=17961"},{"taxonomy":"post_tag","embeddable":true,"href":"https:\/\/agora.xtec.cat\/ceipcastellciuro\/wp-json\/wp\/v2\/tags?post=17961"}],"curies":[{"name":"wp","href":"https:\/\/api.w.org\/{rel}","templated":true}]}}