{"id":17951,"date":"2025-11-12T15:36:13","date_gmt":"2025-11-12T14:36:13","guid":{"rendered":"https:\/\/agora.xtec.cat\/ceipcastellciuro\/?p=17951"},"modified":"2025-11-27T13:53:04","modified_gmt":"2025-11-27T12:53:04","slug":"posat-la-gorra-a-molins-de-rei","status":"publish","type":"post","link":"https:\/\/agora.xtec.cat\/ceipcastellciuro\/general\/posat-la-gorra-a-molins-de-rei\/","title":{"rendered":"\u201cPosa\u2019t la gorra!\u201d a Molins de Rei"},"content":{"rendered":"<p>Un any m\u00e9s, torna el <strong>\u201cPosa\u2019t la Gorra!\u201d<\/strong>\u00a0a Molins de Rei, la campanya m\u00e9s simb\u00f2lica de\u00a0l\u2019<strong>AFANOC<\/strong>, l\u2019Associaci\u00f3 de Familiars i Amics de Nens Oncol\u00f2gics de Catalunya, que acabar\u00e0 amb una\u00a0<strong>gran festa el 30 de novembre de 2025 a la Pla\u00e7a de la Llibertat.\u00a0<\/strong><\/p>\n<p>L\u2019edici\u00f3 d\u2019engua<a href=\"https:\/\/agora.xtec.cat\/ceipcastellciuro\/wp-content\/uploads\/usu890\/2025\/11\/Gorra-2025.jpg\"><img loading=\"lazy\" decoding=\"async\" class=\" wp-image-17953 alignleft\" src=\"https:\/\/agora.xtec.cat\/ceipcastellciuro\/wp-content\/uploads\/usu890\/2025\/11\/Gorra-2025.jpg\" alt=\"\" width=\"272\" height=\"178\" \/><\/a>ny t\u00e9 com a lema<strong> \u201c<\/strong><strong>Acompanyem-nos\u201d<\/strong>, un missatge que dona import\u00e0ncia a l\u2019<strong>estima<\/strong>, la <strong>complicitat<\/strong> i el suport mutu com a elements essencials en l\u2019acompanyament dels infants amb c\u00e0ncer i les seves fam\u00edlies.<\/p>\n<p>Des de l\u2019escola, ajudem a fer difusi\u00f3 d\u2019aquesta campanya solid\u00e0ria.<\/p>\n<p>Per col\u00b7laborar, podeu comprar la gorra per nom\u00e9s\u00a0<strong>8 <\/strong><strong>\u20ac<\/strong>, que dona acc\u00e9s gratu\u00eft a la festa.\u00a0Els tutors\/es dels vostres fills\/es recolliran els donatius del <strong>dimecres 12 i fins al dimecres 19 de novembre.<\/strong><\/p>\n<p>Amb la gorra podreu accedir a la festa on gaudireu d&#8217;una gran varietat d\u2019activitats: inflables, trenet, maquetes de trens antics, actuacions de m\u00e0gia i animaci\u00f3, tallers de manualitats&#8230;<\/p>\n<p>Estem segurs que\u2026\u00a0<strong>entre tots farem una gran festa<\/strong>!<\/p>\n<p>Podeu consultar el programa de la festa i altres actes adherits a la campanya al web:\u00a0<a href=\"https:\/\/afanoc.org\/blog\/e\/posat-la-gorra-a-molins-de-rei\/\">Posa&#8217;t la Gorra Molins de Rei<\/a><\/p>\n","protected":false},"excerpt":{"rendered":"<p>Un any m\u00e9s, torna el \u201cPosa\u2019t la Gorra!\u201d\u00a0a Molins de Rei, la campanya m\u00e9s simb\u00f2lica de\u00a0l\u2019AFANOC, l\u2019Associaci\u00f3 de Familiars i Amics de Nens Oncol\u00f2gics de Catalunya, que acabar\u00e0 amb una\u00a0gran festa el 30 de novembre de 2025 a la Pla\u00e7a de la Llibertat.\u00a0<br \/>\nL\u2019edici\u00f3 d\u2019engua<a href=\"https:\/\/agora.xtec.cat\/ceipcastellciuro\/wp-content\/uploads\/usu890\/2025\/11\/Gorra-2025.jpg\"><\/a>ny&hellip;  <a href=\"https:\/\/agora.xtec.cat\/ceipcastellciuro\/general\/posat-la-gorra-a-molins-de-rei\/\" title=\"Read \u201cPosa\u2019t la gorra!\u201d a Molins de Rei\">Llegeix m\u00e9s\u00bb<\/a><\/p>\n","protected":false},"author":1,"featured_media":0,"comment_status":"open","ping_status":"open","sticky":false,"template":"","format":"standard","meta":{"_bbp_topic_count":0,"_bbp_reply_count":0,"_bbp_total_topic_count":0,"_bbp_total_reply_count":0,"_bbp_voice_count":0,"_bbp_anonymous_reply_count":0,"_bbp_topic_count_hidden":0,"_bbp_reply_count_hidden":0,"_bbp_forum_subforum_count":0,"footnotes":""},"categories":[1,4],"tags":[],"class_list":["post-17951","post","type-post","status-publish","format-standard","hentry","category-general","category-portada"],"post_mailing_queue_ids":[],"_links":{"self":[{"href":"https:\/\/agora.xtec.cat\/ceipcastellciuro\/wp-json\/wp\/v2\/posts\/17951","targetHints":{"allow":["GET"]}}],"collection":[{"href":"https:\/\/agora.xtec.cat\/ceipcastellciuro\/wp-json\/wp\/v2\/posts"}],"about":[{"href":"https:\/\/agora.xtec.cat\/ceipcastellciuro\/wp-json\/wp\/v2\/types\/post"}],"author":[{"embeddable":true,"href":"https:\/\/agora.xtec.cat\/ceipcastellciuro\/wp-json\/wp\/v2\/users\/1"}],"replies":[{"embeddable":true,"href":"https:\/\/agora.xtec.cat\/ceipcastellciuro\/wp-json\/wp\/v2\/comments?post=17951"}],"version-history":[{"count":6,"href":"https:\/\/agora.xtec.cat\/ceipcastellciuro\/wp-json\/wp\/v2\/posts\/17951\/revisions"}],"predecessor-version":[{"id":17960,"href":"https:\/\/agora.xtec.cat\/ceipcastellciuro\/wp-json\/wp\/v2\/posts\/17951\/revisions\/17960"}],"wp:attachment":[{"href":"https:\/\/agora.xtec.cat\/ceipcastellciuro\/wp-json\/wp\/v2\/media?parent=17951"}],"wp:term":[{"taxonomy":"category","embeddable":true,"href":"https:\/\/agora.xtec.cat\/ceipcastellciuro\/wp-json\/wp\/v2\/categories?post=17951"},{"taxonomy":"post_tag","embeddable":true,"href":"https:\/\/agora.xtec.cat\/ceipcastellciuro\/wp-json\/wp\/v2\/tags?post=17951"}],"curies":[{"name":"wp","href":"https:\/\/api.w.org\/{rel}","templated":true}]}}